{"id":55598,"date":"2021-10-26T14:05:15","date_gmt":"2021-10-26T14:05:15","guid":{"rendered":"https:\/\/jorgezanoni.com.br\/2019\/?p=55598"},"modified":"2021-10-26T14:05:15","modified_gmt":"2021-10-26T14:05:15","slug":"edu-dracena-aceita-convite-para-ser-o-homem-forte-do-futebol-do-santos","status":"publish","type":"post","link":"https:\/\/jorgezanoni.com.br\/2019\/edu-dracena-aceita-convite-para-ser-o-homem-forte-do-futebol-do-santos\/","title":{"rendered":"Edu Dracena aceita convite para ser o homem forte do futebol do Santos"},"content":{"rendered":"<h2 style=\"text-align: justify;\"><strong>Ex-zagueiro estava trabalhando como assessor t\u00e9cnico do Palmeiras, recebeu o convite no final de semana e decidiu voltar ao clube pelo qual conquistou a Libertadores de 2011.<\/strong><\/h2>\n<p style=\"text-align: justify;\">Edu Dracena, ex-jogador do Santos e figura marcante na Vila Belmiro, aceitou o pedido do clube e vai ser o homem forte do futebol do Peixe. Na zona de rebaixamento do Campeonato Brasileiro, a diretoria come\u00e7ou a se movimentar para evitar um rebaixamento in\u00e9dito do Alvinegro. Dracena vai acompanhar o elenco todos os dias no CT Rei Pel\u00e9, nos jogos e apoiar\u00e1 o time com sua experi\u00eancia e lideran\u00e7a. A informa\u00e7\u00e3o foi publicada primeiramente pela ESPN.<\/p>\n<p style=\"text-align: justify;\">A princ\u00edpio, o executivo de futebol Andr\u00e9 Mazzuco e o gerente de esportes Jorge Andrade continuam no Santos. O Peixe tem mais onze jogos pelo Brasileir\u00e3o e precisa somar 16 pontos para tentar uma pontua\u00e7\u00e3o de corte para sair do risco do Z4. A equipe de F\u00e1bio Carille ter\u00e1 Fluminense, Athletico-PR, Palmeiras, Red Bull Bragantino, Atl\u00e9tico-GO, Chapecoense, Corinthians, Fortaleza, Internacional, Flamengo e Cuiab\u00e1.<\/p>\n<p style=\"text-align: justify;\">Dracena chegou ao Santos em 2009 vindo do Fernerbah\u00e7e, da Turquia, sob desconfian\u00e7a por conta de problemas f\u00edsicos. Mas com bom futebol, logo ganhou a titularidade e a tarja de capit\u00e3o da equipe. O zagueiro ficou no Peixe at\u00e9 o final de 2014 e foi um dos l\u00edderes do Santos nesses cinco anos em que atuou na Vila Belmiro. Al\u00e9m da Libertadores, venceu o Paulista tr\u00eas vezes, a Copa do Brasil e a Recopa. Com a camisa alvinegra fez 227 jogos e marcou 17 gols.<\/p>\n<p style=\"text-align: justify;\">Fonte: https:\/\/www.terra.com.br\/esportes\/santos\/edu-dracena-aceita-convite-para-ser-o-homem-forte-do-futebol-do-santos<\/p>\n","protected":false},"excerpt":{"rendered":"<p>Ex-zagueiro estava trabalhando como assessor t\u00e9cnico do Palmeiras, recebeu o convite no final de semana e decidiu voltar ao clube pelo qual conquistou a Libertadores de 2011. Edu Dracena, ex-jogador do Santos e figura marcante na Vila Belmiro, aceitou o pedido do clube e vai ser o homem forte do futebol do Peixe. Na zona [&hellip;]<\/p>\n","protected":false},"author":1,"featured_media":55599,"comment_status":"closed","ping_status":"open","sticky":false,"template":"","format":"standard","meta":{"footnotes":""},"categories":[111,110],"tags":[],"class_list":["post-55598","post","type-post","status-publish","format-standard","has-post-thumbnail","hentry","category-esporteecultura","category-noticiasdestaque"],"_links":{"self":[{"href":"https:\/\/jorgezanoni.com.br\/2019\/wp-json\/wp\/v2\/posts\/55598","targetHints":{"allow":["GET"]}}],"collection":[{"href":"https:\/\/jorgezanoni.com.br\/2019\/wp-json\/wp\/v2\/posts"}],"about":[{"href":"https:\/\/jorgezanoni.com.br\/2019\/wp-json\/wp\/v2\/types\/post"}],"author":[{"embeddable":true,"href":"https:\/\/jorgezanoni.com.br\/2019\/wp-json\/wp\/v2\/users\/1"}],"replies":[{"embeddable":true,"href":"https:\/\/jorgezanoni.com.br\/2019\/wp-json\/wp\/v2\/comments?post=55598"}],"version-history":[{"count":0,"href":"https:\/\/jorgezanoni.com.br\/2019\/wp-json\/wp\/v2\/posts\/55598\/revisions"}],"wp:featuredmedia":[{"embeddable":true,"href":"https:\/\/jorgezanoni.com.br\/2019\/wp-json\/wp\/v2\/media\/55599"}],"wp:attachment":[{"href":"https:\/\/jorgezanoni.com.br\/2019\/wp-json\/wp\/v2\/media?parent=55598"}],"wp:term":[{"taxonomy":"category","embeddable":true,"href":"https:\/\/jorgezanoni.com.br\/2019\/wp-json\/wp\/v2\/categories?post=55598"},{"taxonomy":"post_tag","embeddable":true,"href":"https:\/\/jorgezanoni.com.br\/2019\/wp-json\/wp\/v2\/tags?post=55598"}],"curies":[{"name":"wp","href":"https:\/\/api.w.org\/{rel}","templated":true}]}}