{"id":5558,"date":"2019-09-08T23:28:13","date_gmt":"2019-09-08T23:28:13","guid":{"rendered":"https:\/\/jorgezanoni.com.br\/2019\/?p=5558"},"modified":"2019-09-08T23:28:13","modified_gmt":"2019-09-08T23:28:13","slug":"morre-o-ex-delegado-de-policia-dr-joel-ignacio-gama-aos-89-anos","status":"publish","type":"post","link":"https:\/\/jorgezanoni.com.br\/2019\/morre-o-ex-delegado-de-policia-dr-joel-ignacio-gama-aos-89-anos\/","title":{"rendered":"Morre o ex-Delegado de Pol\u00edcia Dr. Joel Ign\u00e1cio Gama aos 89 anos"},"content":{"rendered":"<p style=\"text-align: justify;\">Com pesar comunicamos a morte do Dr. Joel Ign\u00e1cio da Gama aos 89 anos. Ele faleceu na Santa Casa de Tupi Paulista onde estava internado .<br \/>\nDr. Joel foi delegado de pol\u00edcia em Tupi Paulista por v\u00e1rios anos, aposentou-se e depois foi servir no ramo de constru\u00e7\u00e3o civil; onde criou o dep\u00f3sito de Areia Gama.<br \/>\nDe acordo com a empresa Vida Prev, o corpo ser\u00e1 velado a partir das 22 horas no Vel\u00f3rio Municipal de Tupi Paulista. O Sepultamento ocorrer\u00e1 amanh\u00e3 (9) as 16 horas.<\/p>\n","protected":false},"excerpt":{"rendered":"<p>Com pesar comunicamos a morte do Dr. Joel Ign\u00e1cio da Gama aos 89 anos. Ele faleceu na Santa Casa de Tupi Paulista onde estava internado . Dr. Joel foi delegado de pol\u00edcia em Tupi Paulista por v\u00e1rios anos, aposentou-se e depois foi servir no ramo de constru\u00e7\u00e3o civil; onde criou o dep\u00f3sito de Areia Gama. [&hellip;]<\/p>\n","protected":false},"author":1,"featured_media":5559,"comment_status":"closed","ping_status":"open","sticky":false,"template":"","format":"standard","meta":{"footnotes":""},"categories":[178,110],"tags":[],"class_list":["post-5558","post","type-post","status-publish","format-standard","has-post-thumbnail","hentry","category-notadefalecimento","category-noticiasdestaque"],"_links":{"self":[{"href":"https:\/\/jorgezanoni.com.br\/2019\/wp-json\/wp\/v2\/posts\/5558","targetHints":{"allow":["GET"]}}],"collection":[{"href":"https:\/\/jorgezanoni.com.br\/2019\/wp-json\/wp\/v2\/posts"}],"about":[{"href":"https:\/\/jorgezanoni.com.br\/2019\/wp-json\/wp\/v2\/types\/post"}],"author":[{"embeddable":true,"href":"https:\/\/jorgezanoni.com.br\/2019\/wp-json\/wp\/v2\/users\/1"}],"replies":[{"embeddable":true,"href":"https:\/\/jorgezanoni.com.br\/2019\/wp-json\/wp\/v2\/comments?post=5558"}],"version-history":[{"count":0,"href":"https:\/\/jorgezanoni.com.br\/2019\/wp-json\/wp\/v2\/posts\/5558\/revisions"}],"wp:featuredmedia":[{"embeddable":true,"href":"https:\/\/jorgezanoni.com.br\/2019\/wp-json\/wp\/v2\/media\/5559"}],"wp:attachment":[{"href":"https:\/\/jorgezanoni.com.br\/2019\/wp-json\/wp\/v2\/media?parent=5558"}],"wp:term":[{"taxonomy":"category","embeddable":true,"href":"https:\/\/jorgezanoni.com.br\/2019\/wp-json\/wp\/v2\/categories?post=5558"},{"taxonomy":"post_tag","embeddable":true,"href":"https:\/\/jorgezanoni.com.br\/2019\/wp-json\/wp\/v2\/tags?post=5558"}],"curies":[{"name":"wp","href":"https:\/\/api.w.org\/{rel}","templated":true}]}}