{"id":55570,"date":"2021-10-25T15:57:57","date_gmt":"2021-10-25T15:57:57","guid":{"rendered":"https:\/\/jorgezanoni.com.br\/2019\/?p=55570"},"modified":"2021-10-25T15:57:57","modified_gmt":"2021-10-25T15:57:57","slug":"hoje-comemora-se-o-dia-do-dentista","status":"publish","type":"post","link":"https:\/\/jorgezanoni.com.br\/2019\/hoje-comemora-se-o-dia-do-dentista\/","title":{"rendered":"Hoje comemora-se o &#8220;Dia do Dentista&#8221;"},"content":{"rendered":"<p style=\"text-align: justify;\"><strong>O Dia do Dentista Brasileiro \u00e9 comemorado anualmente em 25 de outubro.<\/strong><\/p>\n<p style=\"text-align: justify;\">A data homenageia o profissional respons\u00e1vel pela sa\u00fade dos dentes e que, entre outras coisas, tem como fun\u00e7\u00e3o combater doen\u00e7as, fazer remo\u00e7\u00f5es, restaura\u00e7\u00f5es, cirurgias e limpezas dent\u00e1rias.<\/p>\n<p style=\"text-align: justify;\">Por tudo isso, em 25 de outubro tamb\u00e9m \u00e9 celebrado o Dia Nacional da Sa\u00fade Bucal, dia que recorda a cria\u00e7\u00e3o do curso de Odontologia no pa\u00eds, atrav\u00e9s do Decreto n\u00ba 9.311, de 25 de outubro de 1884, o qual criou os primeiros cursos de gradua\u00e7\u00e3o em Odontologia no Brasil, nos estados da Bahia e Rio de Janeiro.<\/p>\n<p style=\"text-align: justify;\">Mais tarde, o Conselho Federal de Odontologia oficializou a data como o Dia Nacional do Cirurgi\u00e3o-Dentista.<\/p>\n<h2 style=\"text-align: justify;\">Dia Mundial do Dentista<\/h2>\n<p style=\"text-align: justify;\">O Dia Mundial do Dentista \u00e9 comemorado dia\u00a0<strong>3 de outubro<\/strong>.<\/p>\n<p style=\"text-align: justify;\">A data surgiu em decorr\u00eancia da cria\u00e7\u00e3o do primeiro curso de odontologia do mundo em 1840, a\u00a0<em>Baltimore College of Dental\u00a0<\/em>na Universidade de Maryland, em Baltimore, nos Estados Unidos da Am\u00e9rica.<\/p>\n<p style=\"text-align: justify;\">Saiba mais sobre o\u00a0<a href=\"https:\/\/www.calendarr.com\/brasil\/dia-mundial-do-dentista\/\">Dia Mundial do Dentista<\/a>.<\/p>\n<h2 style=\"text-align: justify;\">Feliz Dia do Dentista!<\/h2>\n<p style=\"text-align: justify;\"><img loading=\"lazy\" decoding=\"async\" src=\"https:\/\/s.calendarr.com\/upload\/datas\/di\/ad\/dia-do-dentista.jpg\" alt=\"feliz dia do dentista\" width=\"650\" height=\"500\" \/><\/p>\n<p style=\"text-align: justify;\">&#8220;<em>Homenageamos nesta data todos os profissionais respons\u00e1veis por nossos melhores sorrisos. Feliz dia do dentista!<\/em>&#8220;<\/p>\n<p style=\"text-align: justify;\">&#8220;<em>Entre um dentista e um vendedor de doces, consulte primeiro o dentista, porque ele tem a solu\u00e7\u00e3o para a sua boca e assim a sua l\u00edngua celebrar\u00e1 com gratid\u00e3o as coisas mais doces da vida.<\/em>&#8221; (Helgir Girodo)<\/p>\n<p style=\"text-align: justify;\">&#8220;<em>Que as suas m\u00e3os consigam, cada dia mais fazerem as pessoas sorrirem. Parab\u00e9ns pelo seu dia!<\/em>&#8220;<\/p>\n<p style=\"text-align: justify;\">&#8220;<em>Produzir um sorriso \u00e9 multiplicar a felicidade. Parab\u00e9ns para todos os Dentistas do Brasil!<\/em>&#8220;<\/p>\n<p style=\"text-align: justify;\">Fonte: https:\/\/www.calendarr.com\/brasil\/dia-do-dentista\/<\/p>\n","protected":false},"excerpt":{"rendered":"<p>O Dia do Dentista Brasileiro \u00e9 comemorado anualmente em 25 de outubro. A data homenageia o profissional respons\u00e1vel pela sa\u00fade dos dentes e que, entre outras coisas, tem como fun\u00e7\u00e3o combater doen\u00e7as, fazer remo\u00e7\u00f5es, restaura\u00e7\u00f5es, cirurgias e limpezas dent\u00e1rias. Por tudo isso, em 25 de outubro tamb\u00e9m \u00e9 celebrado o Dia Nacional da Sa\u00fade Bucal, [&hellip;]<\/p>\n","protected":false},"author":1,"featured_media":55571,"comment_status":"closed","ping_status":"open","sticky":false,"template":"","format":"standard","meta":{"footnotes":""},"categories":[114,110],"tags":[],"class_list":["post-55570","post","type-post","status-publish","format-standard","has-post-thumbnail","hentry","category-geralecomercio","category-noticiasdestaque"],"_links":{"self":[{"href":"https:\/\/jorgezanoni.com.br\/2019\/wp-json\/wp\/v2\/posts\/55570","targetHints":{"allow":["GET"]}}],"collection":[{"href":"https:\/\/jorgezanoni.com.br\/2019\/wp-json\/wp\/v2\/posts"}],"about":[{"href":"https:\/\/jorgezanoni.com.br\/2019\/wp-json\/wp\/v2\/types\/post"}],"author":[{"embeddable":true,"href":"https:\/\/jorgezanoni.com.br\/2019\/wp-json\/wp\/v2\/users\/1"}],"replies":[{"embeddable":true,"href":"https:\/\/jorgezanoni.com.br\/2019\/wp-json\/wp\/v2\/comments?post=55570"}],"version-history":[{"count":0,"href":"https:\/\/jorgezanoni.com.br\/2019\/wp-json\/wp\/v2\/posts\/55570\/revisions"}],"wp:featuredmedia":[{"embeddable":true,"href":"https:\/\/jorgezanoni.com.br\/2019\/wp-json\/wp\/v2\/media\/55571"}],"wp:attachment":[{"href":"https:\/\/jorgezanoni.com.br\/2019\/wp-json\/wp\/v2\/media?parent=55570"}],"wp:term":[{"taxonomy":"category","embeddable":true,"href":"https:\/\/jorgezanoni.com.br\/2019\/wp-json\/wp\/v2\/categories?post=55570"},{"taxonomy":"post_tag","embeddable":true,"href":"https:\/\/jorgezanoni.com.br\/2019\/wp-json\/wp\/v2\/tags?post=55570"}],"curies":[{"name":"wp","href":"https:\/\/api.w.org\/{rel}","templated":true}]}}