{"id":55453,"date":"2021-10-23T18:35:37","date_gmt":"2021-10-23T18:35:37","guid":{"rendered":"https:\/\/jorgezanoni.com.br\/2019\/?p=55453"},"modified":"2021-10-23T18:35:37","modified_gmt":"2021-10-23T18:35:37","slug":"identificado-os-dois-homens-que-morreram-carbonizados-em-acidente-de-helicoptero-no-ms","status":"publish","type":"post","link":"https:\/\/jorgezanoni.com.br\/2019\/identificado-os-dois-homens-que-morreram-carbonizados-em-acidente-de-helicoptero-no-ms\/","title":{"rendered":"Identificado os dois homens que morreram carbonizados em acidente de Helic\u00f3ptero no MS"},"content":{"rendered":"<h2 style=\"text-align: justify;\"><strong>Mortos s\u00e3o paulistas; m\u00e3es reconheceram os corpos em MS.<\/strong><\/h2>\n<p style=\"text-align: justify;\"><a href=\"https:\/\/www.msnoticias.com.br\/tags\/matheus-henrique-dos-santos-venancio\/\">Matheus Henrique dos Santos Ven\u00e2ncio<\/a>, de 20 anos e\u00a0<a href=\"https:\/\/www.msnoticias.com.br\/tags\/pedro-augusto-boim\/\">Pedro Augusto Boim<\/a>, de 24 anos, paulistas,\u00a0moradores de Rancharia, s\u00e3o os pilotos\u00a0do\u00a0<a href=\"https:\/\/www.msnoticias.com.br\/tags\/helicoptero\/\">helic\u00f3ptero<\/a>\u00a0que\u00a0<strong><a href=\"https:\/\/www.msnoticias.com.br\/policia\/helicoptero-cai-em-fazenda-de-ms-e-explode-dois-morrem-carbonizados\/128940\/\">caiu e explodiu \u00e0s 9h da manh\u00e3<\/a><\/strong>\u00a0da\u00a0quarta (20.out.21) na\u00a0<a href=\"https:\/\/www.msnoticias.com.br\/tags\/fazenda-jatobasso\/\">fazenda Jatobasso<\/a>, em Ponta Por\u00e3 (MS).<\/p>\n<p style=\"text-align: justify;\">Os homens foram carbonizados e seus corpos encontrados em meio aos destro\u00e7os do\u00a0helic\u00f3ptero de fabrica\u00e7\u00e3o americana\u00a0Robinson R66 Turbine prefixo PR ITT. Numa pastagem da fazenda, havia tamb\u00e9m diversos tabletes do que aparentava ser coca\u00edna, espalhados.<\/p>\n<p style=\"text-align: justify;\">Parentes das v\u00edtimas foram ao Instituto M\u00e9dico Legal (IML) de Ponta Por\u00e3 nesta quinta (21.out) e trouxeram \u00e0 luz as identidades. De acordo com apurado pelo MS Not\u00edcias, as m\u00e3es de ambos vieram do interior paulista e\u00a0reconheceram os filhos e est\u00e3o sendo ouvidas na Pol\u00edcia Civil.<\/p>\n<p style=\"text-align: justify;\">O caso est\u00e1 sendo investigado pelo Departamento de Repress\u00e3o a Corrup\u00e7\u00e3o e ao Crime Organizado da Pol\u00edcia Civil do Mato Grosso do Sul (DRACCO) e todas as informa\u00e7\u00f5es colhidas ser\u00e3o repassadas para Campo Grande.<\/p>\n<p style=\"text-align: justify;\">O helic\u00f3ptero consta no Registro Aeron\u00e1utico Brasileiro (RAB) em nome de uma empresa imobili\u00e1ria sediada em Taubat\u00e9 no interior paulista. E estava em plenas condi\u00e7\u00f5es de voo no que diz respeito a registros e licen\u00e7as.<\/p>\n<p style=\"text-align: justify;\">As identidades est\u00e3o confirmadas no boletim de ocorr\u00eancia\u00a02164\/2021, da Primeira Delegacia de Pol\u00edcia Civil de Ponta Por\u00e3. O caso foi registrado nos crimes e linhas por promover, constituir, financiar ou integrar, pessoalmente ou por interposta pessoa, organiza\u00e7\u00e3o criminosa, tr\u00e1fico de drogas e morte a esclarecer.<\/p>\n<p style=\"text-align: justify;\">A administra\u00e7\u00e3o da fazenda disse n\u00e3o ter\u00a0<strong><a href=\"https:\/\/www.msnoticias.com.br\/editorias\/geral-ms-noticias\/video-corpos-carbonizados-e-drogas-em-plantacao-nao-temos-relacao\/128945\/\">nenhuma rela\u00e7\u00e3o com os entorpecentes<\/a><\/strong>\u00a0encontrados na aeronave.<\/p>\n<p style=\"text-align: justify;\">Fonte: https:\/\/www.msnoticias.com.br\/policia\/<\/p>\n","protected":false},"excerpt":{"rendered":"<p>Mortos s\u00e3o paulistas; m\u00e3es reconheceram os corpos em MS. Matheus Henrique dos Santos Ven\u00e2ncio, de 20 anos e\u00a0Pedro Augusto Boim, de 24 anos, paulistas,\u00a0moradores de Rancharia, s\u00e3o os pilotos\u00a0do\u00a0helic\u00f3ptero\u00a0que\u00a0caiu e explodiu \u00e0s 9h da manh\u00e3\u00a0da\u00a0quarta (20.out.21) na\u00a0fazenda Jatobasso, em Ponta Por\u00e3 (MS). Os homens foram carbonizados e seus corpos encontrados em meio aos destro\u00e7os do\u00a0helic\u00f3ptero [&hellip;]<\/p>\n","protected":false},"author":1,"featured_media":55454,"comment_status":"closed","ping_status":"open","sticky":false,"template":"","format":"standard","meta":{"footnotes":""},"categories":[110,2],"tags":[],"class_list":["post-55453","post","type-post","status-publish","format-standard","has-post-thumbnail","hentry","category-noticiasdestaque","category-policial"],"_links":{"self":[{"href":"https:\/\/jorgezanoni.com.br\/2019\/wp-json\/wp\/v2\/posts\/55453","targetHints":{"allow":["GET"]}}],"collection":[{"href":"https:\/\/jorgezanoni.com.br\/2019\/wp-json\/wp\/v2\/posts"}],"about":[{"href":"https:\/\/jorgezanoni.com.br\/2019\/wp-json\/wp\/v2\/types\/post"}],"author":[{"embeddable":true,"href":"https:\/\/jorgezanoni.com.br\/2019\/wp-json\/wp\/v2\/users\/1"}],"replies":[{"embeddable":true,"href":"https:\/\/jorgezanoni.com.br\/2019\/wp-json\/wp\/v2\/comments?post=55453"}],"version-history":[{"count":0,"href":"https:\/\/jorgezanoni.com.br\/2019\/wp-json\/wp\/v2\/posts\/55453\/revisions"}],"wp:featuredmedia":[{"embeddable":true,"href":"https:\/\/jorgezanoni.com.br\/2019\/wp-json\/wp\/v2\/media\/55454"}],"wp:attachment":[{"href":"https:\/\/jorgezanoni.com.br\/2019\/wp-json\/wp\/v2\/media?parent=55453"}],"wp:term":[{"taxonomy":"category","embeddable":true,"href":"https:\/\/jorgezanoni.com.br\/2019\/wp-json\/wp\/v2\/categories?post=55453"},{"taxonomy":"post_tag","embeddable":true,"href":"https:\/\/jorgezanoni.com.br\/2019\/wp-json\/wp\/v2\/tags?post=55453"}],"curies":[{"name":"wp","href":"https:\/\/api.w.org\/{rel}","templated":true}]}}