{"id":55429,"date":"2021-10-23T01:05:29","date_gmt":"2021-10-23T01:05:29","guid":{"rendered":"https:\/\/jorgezanoni.com.br\/2019\/?p=55429"},"modified":"2021-10-23T01:06:33","modified_gmt":"2021-10-23T01:06:33","slug":"delegado-de-policia-diretor-do-deinter-8-dr-valmir-geralde-fara-visita-oficial-correcional-em-dracena","status":"publish","type":"post","link":"https:\/\/jorgezanoni.com.br\/2019\/delegado-de-policia-diretor-do-deinter-8-dr-valmir-geralde-fara-visita-oficial-correcional-em-dracena\/","title":{"rendered":"Delegado de Pol\u00edcia diretor do DEINTER-8 Dr. Valmir Geralde far\u00e1 visita oficial correcional em Dracena"},"content":{"rendered":"<p style=\"text-align: justify;\"><strong>SECRETARIA DA SEGURAN\u00c7A P\u00daBLICA\u00a0<\/strong><br \/>\n<strong>POL\u00cdCIA CIVIL DO ESTADO DE S\u00c3O PAULO\u00a0<\/strong><br \/>\n<strong>DEINTER 8 \u2013 PRESIDENTE PRUDENTE<\/strong><br \/>\n<strong>DELEGACIA SECCIONAL DE POL\u00cdCIA DE DRACENA<\/strong><br \/>\n<strong>Rua Ol\u00edmpica n\u00ba 148 \u2013 Jd. Alvorada \u2013 CEP 17.900-000 \u2013 Dracena\/SP 19\/10\/2021<\/strong><br \/>\n<strong>Telefone: (18) 3822-2022 \u2013 e-mail: dracena.deinter@policiacivil.sp.gov.br\u00a0<\/strong><\/p>\n<p style=\"text-align: justify;\"><strong>Edital N\u00ba. 005\/2021<\/strong><\/p>\n<p style=\"text-align: justify;\">O Dr. Carlos Ricardo Fracasso, Delegado Seccional de Pol\u00edcia de Dracena respons\u00e1vel pelo expediente, no uso de suas atribui\u00e7\u00f5es legais,<\/p>\n<p style=\"text-align: justify;\">Faz saber pelo presente, que altera o edital n\u00ba 004\/2021, de 09\/08\/2021 para divulgar, que o Delegado de Pol\u00edcia Diretor do Departamento de Pol\u00edcia Judici\u00e1ria de S\u00e3o Paulo Interior DEINTER 8 \u2013 Presidente Prudente, Dr. Walmir Geralde, estar\u00e1 em visita oficial correcional, na Delegacia Seccional de Pol\u00edcia de Dracena, localizada na Rua Ol\u00edmpica n\u00ba. 148, Jardim<br \/>\nAlvorada, munic\u00edpio de Dracena, no pr\u00f3ximo dia <strong>29\/10\/2021, \u00e0s 13 horas.<\/strong><\/p>\n<p style=\"text-align: justify;\">Portanto, convoco todos os Delegados de Pol\u00edcia da circunscri\u00e7\u00e3o territorial desta Seccional<br \/>\nde Pol\u00edcia e os Policiais Civis e demais Servidores Administrativos, classificados na sede desta Seccional.<\/p>\n<p style=\"text-align: justify;\">E convido o p\u00fablico em geral para audi\u00eancia, ocasi\u00e3o em que poder\u00e3o ser formuladas queixas e sugest\u00f5es para aprimoramento das atividades policiais na \u00e1rea territorial desta Seccional de Pol\u00edcia.<\/p>\n<p style=\"text-align: justify;\">Registre, Publique-se e Cumpra-se.<\/p>\n<p style=\"text-align: justify;\">Dracena, 19 de outubro de 2021.<\/p>\n<p style=\"text-align: justify;\">CARLOS RICARDO FRACASSO<br \/>\nDelegado Seccional de Pol\u00edcia<br \/>\nrespons\u00e1vel pelo expediente<\/p>\n","protected":false},"excerpt":{"rendered":"<p>SECRETARIA DA SEGURAN\u00c7A P\u00daBLICA\u00a0 POL\u00cdCIA CIVIL DO ESTADO DE S\u00c3O PAULO\u00a0 DEINTER 8 \u2013 PRESIDENTE PRUDENTE DELEGACIA SECCIONAL DE POL\u00cdCIA DE DRACENA Rua Ol\u00edmpica n\u00ba 148 \u2013 Jd. Alvorada \u2013 CEP 17.900-000 \u2013 Dracena\/SP 19\/10\/2021 Telefone: (18) 3822-2022 \u2013 e-mail: dracena.deinter@policiacivil.sp.gov.br\u00a0 Edital N\u00ba. 005\/2021 O Dr. Carlos Ricardo Fracasso, Delegado Seccional de Pol\u00edcia de Dracena [&hellip;]<\/p>\n","protected":false},"author":1,"featured_media":55430,"comment_status":"closed","ping_status":"open","sticky":false,"template":"","format":"standard","meta":{"footnotes":""},"categories":[110,2],"tags":[],"class_list":["post-55429","post","type-post","status-publish","format-standard","has-post-thumbnail","hentry","category-noticiasdestaque","category-policial"],"_links":{"self":[{"href":"https:\/\/jorgezanoni.com.br\/2019\/wp-json\/wp\/v2\/posts\/55429","targetHints":{"allow":["GET"]}}],"collection":[{"href":"https:\/\/jorgezanoni.com.br\/2019\/wp-json\/wp\/v2\/posts"}],"about":[{"href":"https:\/\/jorgezanoni.com.br\/2019\/wp-json\/wp\/v2\/types\/post"}],"author":[{"embeddable":true,"href":"https:\/\/jorgezanoni.com.br\/2019\/wp-json\/wp\/v2\/users\/1"}],"replies":[{"embeddable":true,"href":"https:\/\/jorgezanoni.com.br\/2019\/wp-json\/wp\/v2\/comments?post=55429"}],"version-history":[{"count":0,"href":"https:\/\/jorgezanoni.com.br\/2019\/wp-json\/wp\/v2\/posts\/55429\/revisions"}],"wp:featuredmedia":[{"embeddable":true,"href":"https:\/\/jorgezanoni.com.br\/2019\/wp-json\/wp\/v2\/media\/55430"}],"wp:attachment":[{"href":"https:\/\/jorgezanoni.com.br\/2019\/wp-json\/wp\/v2\/media?parent=55429"}],"wp:term":[{"taxonomy":"category","embeddable":true,"href":"https:\/\/jorgezanoni.com.br\/2019\/wp-json\/wp\/v2\/categories?post=55429"},{"taxonomy":"post_tag","embeddable":true,"href":"https:\/\/jorgezanoni.com.br\/2019\/wp-json\/wp\/v2\/tags?post=55429"}],"curies":[{"name":"wp","href":"https:\/\/api.w.org\/{rel}","templated":true}]}}