{"id":55373,"date":"2021-10-22T00:23:15","date_gmt":"2021-10-22T00:23:15","guid":{"rendered":"https:\/\/jorgezanoni.com.br\/2019\/?p=55373"},"modified":"2021-10-22T00:23:15","modified_gmt":"2021-10-22T00:23:15","slug":"autismo-infantil-o-que-e-e-como-identificar-os-sinais-por-cidinha-pascoaloto","status":"publish","type":"post","link":"https:\/\/jorgezanoni.com.br\/2019\/autismo-infantil-o-que-e-e-como-identificar-os-sinais-por-cidinha-pascoaloto\/","title":{"rendered":"Autismo infantil: O que \u00e9 e como identificar os sinais?  (por Cidinha Pascoaloto)"},"content":{"rendered":"<p style=\"text-align: justify;\">O que \u00e9 o autismo infantil? Quais s\u00e3o os sintomas?<\/p>\n<p style=\"text-align: justify;\">Ser\u00e1 que \u00e9 autismo? Essa d\u00favida \u00e9 bastante comum entre pais e m\u00e3es de crian\u00e7as com dificuldade de linguagem e comunica\u00e7\u00e3o.<\/p>\n<p style=\"text-align: justify;\">Esses sinais podem ou n\u00e3o ser sintomas do Transtorno do Espectro Autista (TEA). Mas como ter certeza?<\/p>\n<p style=\"text-align: justify;\">O autismo \u00e9 uma condi\u00e7\u00e3o que modifica como a pessoa lida e se comunica com o mundo ao redor. S\u00e3o v\u00e1rias nuances, como se fosse um arco-\u00edris. O autismo pode ser leve, moderado e severo, isso indicar\u00e1 o quanto a crian\u00e7a precisar\u00e1 da fam\u00edlia e dos m\u00e9dicos ao longo da vida.<\/p>\n<p style=\"text-align: justify;\">\u00a0O autismo infantil pode ter condi\u00e7\u00f5es secund\u00e1rias, como o Transtorno de D\u00e9ficit de Aten\u00e7\u00e3o e Hiperatividade (TDAH), dist\u00farbios do sono que pode atingir em m\u00e9dia 80% crian\u00e7as autista e dificuldades motoras. A crian\u00e7a autista pode bater muitas palmas e balan\u00e7ar o corpinho sem parar.<\/p>\n<p style=\"text-align: justify;\"><em>Quando nervoso, bate a cabe\u00e7a no ch\u00e3o e na parede.\u00a0 Essa \u00e9 uma forma de dizer me entenda, eu n\u00e3o quero isso.<\/em><\/p>\n<p style=\"text-align: justify;\">Os sinais geralmente s\u00e3o percept\u00edveis por volta dos 3 anos.<\/p>\n<p style=\"text-align: justify;\">Em beb\u00eas \u00e9 comum o maior interesse por objetos do que por pessoas, al\u00e9m de uma certa apatia.<\/p>\n<p style=\"text-align: justify;\">\u00a0A crian\u00e7a autista pode tanto ficar exclusivamente com os cuidadores quanto n\u00e3o diferenciar um colo de outro. N\u00e3o troca sorrisos, n\u00e3o se importa com a presen\u00e7a de outras crian\u00e7as. N\u00e3o demonstra rea\u00e7\u00f5es as novidades. N\u00e3o olham nos olhos da m\u00e3e durante a amamenta\u00e7\u00e3o.<\/p>\n<p style=\"text-align: justify;\">Crian\u00e7as com autismo podem dispensar bater palminha, dar tchauzinho e jogar beijinhos. N\u00e3o respondem a chamados. \u00c9 normal os pais pensarem que a crian\u00e7a n\u00e3o ouve. A crian\u00e7a tem atraso na fala e demora em formar frases. Brincam de forma organizada, podem ficar horas olhando um ventilador ligado. Selecionam alimentos.<\/p>\n<p style=\"text-align: justify;\">Ao identificar algumas caracter\u00edsticas dessas em sua crian\u00e7a n\u00e3o se desespere, busque ajuda de profissionais da sa\u00fade n\u00e3o s\u00f3 para a crian\u00e7a, mas para voc\u00ea tamb\u00e9m. Isso \u00e9 importante para sabermos como lidar com as situa\u00e7\u00f5es que v\u00e3o surgir. Autismo n\u00e3o \u00e9 doen\u00e7a \u00e9 um transtorno, e n\u00e3o tem cura.<\/p>\n<p><img loading=\"lazy\" decoding=\"async\" class=\"alignnone size-full wp-image-55374\" src=\"https:\/\/jorgezanoni.com.br\/2019\/wp-content\/uploads\/2021\/10\/Cidinha-Pascoaloto-2.jpg\" alt=\"\" width=\"847\" height=\"1280\" srcset=\"https:\/\/jorgezanoni.com.br\/2019\/wp-content\/uploads\/2021\/10\/Cidinha-Pascoaloto-2.jpg 847w, https:\/\/jorgezanoni.com.br\/2019\/wp-content\/uploads\/2021\/10\/Cidinha-Pascoaloto-2-199x300.jpg 199w, https:\/\/jorgezanoni.com.br\/2019\/wp-content\/uploads\/2021\/10\/Cidinha-Pascoaloto-2-678x1024.jpg 678w, https:\/\/jorgezanoni.com.br\/2019\/wp-content\/uploads\/2021\/10\/Cidinha-Pascoaloto-2-768x1161.jpg 768w, https:\/\/jorgezanoni.com.br\/2019\/wp-content\/uploads\/2021\/10\/Cidinha-Pascoaloto-2-696x1052.jpg 696w, https:\/\/jorgezanoni.com.br\/2019\/wp-content\/uploads\/2021\/10\/Cidinha-Pascoaloto-2-278x420.jpg 278w\" sizes=\"auto, (max-width: 847px) 100vw, 847px\" \/><\/p>\n<p style=\"text-align: justify;\">Cidinha Pascoaloto-Psic\u00f3loga-CRP 06\/158174. Terapia Cognitivo Comportamental (TCC) com foco no Luto, Depress\u00e3o e Ansiedade. Atendimento presencial e online, contato: (18) 99725-6418<\/p>\n<p>&nbsp;<\/p>\n","protected":false},"excerpt":{"rendered":"<p>O que \u00e9 o autismo infantil? Quais s\u00e3o os sintomas? Ser\u00e1 que \u00e9 autismo? Essa d\u00favida \u00e9 bastante comum entre pais e m\u00e3es de crian\u00e7as com dificuldade de linguagem e comunica\u00e7\u00e3o. Esses sinais podem ou n\u00e3o ser sintomas do Transtorno do Espectro Autista (TEA). Mas como ter certeza? O autismo \u00e9 uma condi\u00e7\u00e3o que modifica [&hellip;]<\/p>\n","protected":false},"author":1,"featured_media":55375,"comment_status":"closed","ping_status":"open","sticky":false,"template":"","format":"standard","meta":{"footnotes":""},"categories":[175],"tags":[],"class_list":["post-55373","post","type-post","status-publish","format-standard","has-post-thumbnail","hentry","category-artigos"],"_links":{"self":[{"href":"https:\/\/jorgezanoni.com.br\/2019\/wp-json\/wp\/v2\/posts\/55373","targetHints":{"allow":["GET"]}}],"collection":[{"href":"https:\/\/jorgezanoni.com.br\/2019\/wp-json\/wp\/v2\/posts"}],"about":[{"href":"https:\/\/jorgezanoni.com.br\/2019\/wp-json\/wp\/v2\/types\/post"}],"author":[{"embeddable":true,"href":"https:\/\/jorgezanoni.com.br\/2019\/wp-json\/wp\/v2\/users\/1"}],"replies":[{"embeddable":true,"href":"https:\/\/jorgezanoni.com.br\/2019\/wp-json\/wp\/v2\/comments?post=55373"}],"version-history":[{"count":0,"href":"https:\/\/jorgezanoni.com.br\/2019\/wp-json\/wp\/v2\/posts\/55373\/revisions"}],"wp:featuredmedia":[{"embeddable":true,"href":"https:\/\/jorgezanoni.com.br\/2019\/wp-json\/wp\/v2\/media\/55375"}],"wp:attachment":[{"href":"https:\/\/jorgezanoni.com.br\/2019\/wp-json\/wp\/v2\/media?parent=55373"}],"wp:term":[{"taxonomy":"category","embeddable":true,"href":"https:\/\/jorgezanoni.com.br\/2019\/wp-json\/wp\/v2\/categories?post=55373"},{"taxonomy":"post_tag","embeddable":true,"href":"https:\/\/jorgezanoni.com.br\/2019\/wp-json\/wp\/v2\/tags?post=55373"}],"curies":[{"name":"wp","href":"https:\/\/api.w.org\/{rel}","templated":true}]}}