{"id":55355,"date":"2021-10-21T21:34:03","date_gmt":"2021-10-21T21:34:03","guid":{"rendered":"https:\/\/jorgezanoni.com.br\/2019\/?p=55355"},"modified":"2021-10-21T21:34:03","modified_gmt":"2021-10-21T21:34:03","slug":"tomografo-da-santa-casa-de-dracena-ja-realizou-89-exames-em-dez-dias","status":"publish","type":"post","link":"https:\/\/jorgezanoni.com.br\/2019\/tomografo-da-santa-casa-de-dracena-ja-realizou-89-exames-em-dez-dias\/","title":{"rendered":"Tom\u00f3grafo da Santa Casa de Dracena j\u00e1 realizou 89 exames em dez dias"},"content":{"rendered":"<p style=\"text-align: justify;\"><strong>O Tom\u00f3grafo da Santa Casa de Dracena, recentemente adquirido, com funcionamento desde o \u00faltimo dia 11, que no decorrer de 10 (dez) dias, realizou 89 exames de tomografia.<\/strong><\/p>\n<p style=\"text-align: justify;\">A Tomografia \u00e9 um exame que usa a tecnologia de Raios-x para diagn\u00f3sticos mais precisos, tem a capacidade de captar imagens em alta defini\u00e7\u00e3o da \u00e1rea diagnosticada, detectando altera\u00e7\u00f5es muito pequenas em ossos, tecidos, \u00f3rg\u00e3os e outras estruturas do corpo, sendo<br \/>\natualmente um dos principais exames para investigar n\u00f3dulos ou tumores, e tamb\u00e9m vasos pulmonares e cerebrais.<\/p>\n<p style=\"text-align: justify;\">O aparelho serve para uma demanda regionalizada, atendendo pacientes n\u00e3o s\u00f3 do Munic\u00edpio de Dracena, mas de toda regi\u00e3o, pelo princ\u00edpio constitucional do SUS de universaliza\u00e7\u00e3o.<\/p>\n<p style=\"text-align: justify;\">Foram realizados um total de 89 exames em 10 dias, sendo dos Munic\u00edpios: Adamantina 1; Dracena 46; Flora rica 1; Junqueir\u00f3polis 9; Monte Castelo 2; Nova Guataporanga 3; Ouro Verde 8; Pacaembu 1; Panorama 6; Paulic\u00e9ia 2; S\u00e3o Jo\u00e3o do Pau D\u2019alho 3 e Tupi Paulista 7.<\/p>\n<p style=\"text-align: justify;\">Equipamento incorporado \u00e0 Santa Casa de Dracena, \u00e0 servi\u00e7o da comunidade.<\/p>\n<p style=\"text-align: justify;\">Diretoria Administrativa<br \/>\nSanta Casa de Dracena<br \/>\nPatrim\u00f4nio da Comunidade<br \/>\n63 anos<br \/>\n\u201cUma vida, uma hist\u00f3ria\u201d<\/p>\n","protected":false},"excerpt":{"rendered":"<p>O Tom\u00f3grafo da Santa Casa de Dracena, recentemente adquirido, com funcionamento desde o \u00faltimo dia 11, que no decorrer de 10 (dez) dias, realizou 89 exames de tomografia. A Tomografia \u00e9 um exame que usa a tecnologia de Raios-x para diagn\u00f3sticos mais precisos, tem a capacidade de captar imagens em alta defini\u00e7\u00e3o da \u00e1rea diagnosticada, [&hellip;]<\/p>\n","protected":false},"author":1,"featured_media":55356,"comment_status":"closed","ping_status":"open","sticky":false,"template":"","format":"standard","meta":{"footnotes":""},"categories":[110,122],"tags":[],"class_list":["post-55355","post","type-post","status-publish","format-standard","has-post-thumbnail","hentry","category-noticiasdestaque","category-saudeeducacaoeconcurso"],"_links":{"self":[{"href":"https:\/\/jorgezanoni.com.br\/2019\/wp-json\/wp\/v2\/posts\/55355","targetHints":{"allow":["GET"]}}],"collection":[{"href":"https:\/\/jorgezanoni.com.br\/2019\/wp-json\/wp\/v2\/posts"}],"about":[{"href":"https:\/\/jorgezanoni.com.br\/2019\/wp-json\/wp\/v2\/types\/post"}],"author":[{"embeddable":true,"href":"https:\/\/jorgezanoni.com.br\/2019\/wp-json\/wp\/v2\/users\/1"}],"replies":[{"embeddable":true,"href":"https:\/\/jorgezanoni.com.br\/2019\/wp-json\/wp\/v2\/comments?post=55355"}],"version-history":[{"count":0,"href":"https:\/\/jorgezanoni.com.br\/2019\/wp-json\/wp\/v2\/posts\/55355\/revisions"}],"wp:featuredmedia":[{"embeddable":true,"href":"https:\/\/jorgezanoni.com.br\/2019\/wp-json\/wp\/v2\/media\/55356"}],"wp:attachment":[{"href":"https:\/\/jorgezanoni.com.br\/2019\/wp-json\/wp\/v2\/media?parent=55355"}],"wp:term":[{"taxonomy":"category","embeddable":true,"href":"https:\/\/jorgezanoni.com.br\/2019\/wp-json\/wp\/v2\/categories?post=55355"},{"taxonomy":"post_tag","embeddable":true,"href":"https:\/\/jorgezanoni.com.br\/2019\/wp-json\/wp\/v2\/tags?post=55355"}],"curies":[{"name":"wp","href":"https:\/\/api.w.org\/{rel}","templated":true}]}}