{"id":5532,"date":"2019-09-07T14:19:39","date_gmt":"2019-09-07T14:19:39","guid":{"rendered":"https:\/\/jorgezanoni.com.br\/2019\/?p=5532"},"modified":"2019-09-07T14:19:39","modified_gmt":"2019-09-07T14:19:39","slug":"hoje-e-dia-de-comemoracao-da-independencia-do-brasil","status":"publish","type":"post","link":"https:\/\/jorgezanoni.com.br\/2019\/hoje-e-dia-de-comemoracao-da-independencia-do-brasil\/","title":{"rendered":"Hoje \u00e9 dia de Comemora\u00e7\u00e3o da Independ\u00eancia do Brasil"},"content":{"rendered":"<div class=\"kno-ecr-pt kno-fb-ctx PZPZlf HOpgu gsmt hNKfZe\" style=\"text-align: justify;\" data-local-attribute=\"d3bn\" data-attrid=\"title\" data-ved=\"2ahUKEwjE15Pi8r7kAhVUK7kGHQQFDJUQ3B0oATAvegQIDRAK\">O\u00a0<b>Dia da Independ\u00eancia<\/b>\u00a0(tamb\u00e9m chamado\u00a0<b>Dia da Independ\u00eancia do Brasil<\/b>,\u00a0<b>Sete<\/b>\u00a0<b>de setembro<\/b>, e\u00a0<b>Dia da P\u00e1tria<\/b>) \u00e9 um\u00a0<a title=\"Feriado nacional\" href=\"https:\/\/pt.wikipedia.org\/wiki\/Feriado_nacional\">feriado nacional<\/a>\u00a0do\u00a0<a title=\"Brasil\" href=\"https:\/\/pt.wikipedia.org\/wiki\/Brasil\">Brasil<\/a>\u00a0celebrado no dia\u00a0<a title=\"7 de setembro\" href=\"https:\/\/pt.wikipedia.org\/wiki\/7_de_setembro\">7 de setembro<\/a>\u00a0de cada\u00a0<a title=\"Ano\" href=\"https:\/\/pt.wikipedia.org\/wiki\/Ano\">ano<\/a>. A data comemora a\u00a0<a title=\"Independ\u00eancia do Brasil\" href=\"https:\/\/pt.wikipedia.org\/wiki\/Independ%C3%AAncia_do_Brasil\">Declara\u00e7\u00e3o de Independ\u00eancia do Brasil<\/a>\u00a0do\u00a0<a title=\"Imp\u00e9rio Portugu\u00eas\" href=\"https:\/\/pt.wikipedia.org\/wiki\/Imp%C3%A9rio_Portugu%C3%AAs\">Imp\u00e9rio Portugu\u00eas<\/a>\u00a0no dia\u00a0<a title=\"7 de setembro\" href=\"https:\/\/pt.wikipedia.org\/wiki\/7_de_setembro\">7 de setembro<\/a>\u00a0de\u00a0<a title=\"1822\" href=\"https:\/\/pt.wikipedia.org\/wiki\/1822\">1822<\/a>.<\/div>\n<div data-local-attribute=\"d3bn\" data-attrid=\"title\" data-ved=\"2ahUKEwjE15Pi8r7kAhVUK7kGHQQFDJUQ3B0oATAvegQIDRAK\"><\/div>\n<div data-local-attribute=\"d3bn\" data-attrid=\"title\" data-ved=\"2ahUKEwjE15Pi8r7kAhVUK7kGHQQFDJUQ3B0oATAvegQIDRAK\">Fonte: https:\/\/pt.wikipedia.org\/wiki\/Dia_da_Independ%C3%AAncia_(Brasil)<\/div>\n<div data-local-attribute=\"d3bn\" data-attrid=\"title\" data-ved=\"2ahUKEwjE15Pi8r7kAhVUK7kGHQQFDJUQ3B0oATAvegQIDRAK\"><\/div>\n<div class=\"wwUB2c kno-fb-ctx PZPZlf\" data-attrid=\"subtitle\"><\/div>\n","protected":false},"excerpt":{"rendered":"<p>O\u00a0Dia da Independ\u00eancia\u00a0(tamb\u00e9m chamado\u00a0Dia da Independ\u00eancia do Brasil,\u00a0Sete\u00a0de setembro, e\u00a0Dia da P\u00e1tria) \u00e9 um\u00a0feriado nacional\u00a0do\u00a0Brasil\u00a0celebrado no dia\u00a07 de setembro\u00a0de cada\u00a0ano. A data comemora a\u00a0Declara\u00e7\u00e3o de Independ\u00eancia do Brasil\u00a0do\u00a0Imp\u00e9rio Portugu\u00eas\u00a0no dia\u00a07 de setembro\u00a0de\u00a01822. Fonte: https:\/\/pt.wikipedia.org\/wiki\/Dia_da_Independ%C3%AAncia_(Brasil)<\/p>\n","protected":false},"author":1,"featured_media":5533,"comment_status":"closed","ping_status":"open","sticky":false,"template":"","format":"standard","meta":{"footnotes":""},"categories":[114,110],"tags":[],"class_list":["post-5532","post","type-post","status-publish","format-standard","has-post-thumbnail","hentry","category-geralecomercio","category-noticiasdestaque"],"_links":{"self":[{"href":"https:\/\/jorgezanoni.com.br\/2019\/wp-json\/wp\/v2\/posts\/5532","targetHints":{"allow":["GET"]}}],"collection":[{"href":"https:\/\/jorgezanoni.com.br\/2019\/wp-json\/wp\/v2\/posts"}],"about":[{"href":"https:\/\/jorgezanoni.com.br\/2019\/wp-json\/wp\/v2\/types\/post"}],"author":[{"embeddable":true,"href":"https:\/\/jorgezanoni.com.br\/2019\/wp-json\/wp\/v2\/users\/1"}],"replies":[{"embeddable":true,"href":"https:\/\/jorgezanoni.com.br\/2019\/wp-json\/wp\/v2\/comments?post=5532"}],"version-history":[{"count":0,"href":"https:\/\/jorgezanoni.com.br\/2019\/wp-json\/wp\/v2\/posts\/5532\/revisions"}],"wp:featuredmedia":[{"embeddable":true,"href":"https:\/\/jorgezanoni.com.br\/2019\/wp-json\/wp\/v2\/media\/5533"}],"wp:attachment":[{"href":"https:\/\/jorgezanoni.com.br\/2019\/wp-json\/wp\/v2\/media?parent=5532"}],"wp:term":[{"taxonomy":"category","embeddable":true,"href":"https:\/\/jorgezanoni.com.br\/2019\/wp-json\/wp\/v2\/categories?post=5532"},{"taxonomy":"post_tag","embeddable":true,"href":"https:\/\/jorgezanoni.com.br\/2019\/wp-json\/wp\/v2\/tags?post=5532"}],"curies":[{"name":"wp","href":"https:\/\/api.w.org\/{rel}","templated":true}]}}