{"id":55304,"date":"2021-10-21T13:23:59","date_gmt":"2021-10-21T13:23:59","guid":{"rendered":"https:\/\/jorgezanoni.com.br\/2019\/?p=55304"},"modified":"2021-10-21T13:23:59","modified_gmt":"2021-10-21T13:23:59","slug":"merenda-escolar-sindicato-dos-servidores-municipais-de-dracena-emite-nota-de-solidariedade","status":"publish","type":"post","link":"https:\/\/jorgezanoni.com.br\/2019\/merenda-escolar-sindicato-dos-servidores-municipais-de-dracena-emite-nota-de-solidariedade\/","title":{"rendered":"MERENDA ESCOLAR: Sindicato dos Servidores Municipais de Dracena emite nota de Solidariedade"},"content":{"rendered":"<p style=\"text-align: justify;\"><strong>NOTA DE SOLIDARIEDADE<\/strong><\/p>\n<p style=\"text-align: justify;\">Car\u00edssimos servidores municipais.<\/p>\n<p style=\"text-align: justify;\">Como j\u00e1 \u00e9 de conhecimento p\u00fablico, essa semana fomos surpreendidos com uma den\u00fancia feita de forma an\u00f4nima e covarde ao Minist\u00e9rio P\u00fablico, na qual exp\u00f4s os servidores das unidades escolares de Dracena, professores, merendeiras, auxiliares, inspetores, diretores, entre outros. Na den\u00fancia est\u00e1 escrito que os funcion\u00e1rios levam merenda da escola para suas casas, o que \u00e9 um absurdo! O denunciante chamou os funcion\u00e1rios de ladr\u00f5es, e isso \u00e9 revoltante.<\/p>\n<p style=\"text-align: justify;\">Ora, se considerarmos o trabalho fant\u00e1stico que nossos professores e profissionais da educa\u00e7\u00e3o fazem no dia a dia com nossas crian\u00e7as, alimentando-as com conhecimento e sonhos, muitas vezes as acolhendo como pr\u00f3prios filhos, seria t\u00e3o errado que eventualmente, se alimentassem nas escolas?<\/p>\n<p style=\"text-align: justify;\">Por coincid\u00eancia, rec\u00e9m comemoramos o dia dos professores, e, ao inv\u00e9s de serem enaltecidos e reconhecidos pelo empenho demonstrado nesse ano t\u00e3o dif\u00edcil, no qual enfrentaram v\u00e1rios desafios, muitas se reinventando, improvisando e superando seus limites para levar conhecimento aos nossos alunos, para que ficaram sem aulas presenciais devido a pandemia do Corona v\u00edrus, eles foram expostos na m\u00eddia de forma cruel e absurda com uma den\u00fancia mentirosa, \u00a0n\u00e3o havendo qualquer chance para se manifestarem sobre o ocorrido.<\/p>\n<p style=\"text-align: justify;\">Esse fato causou uma profunda revolta e m\u00e1goa em nossos profissionais da educa\u00e7\u00e3o, citados na den\u00fancia.<\/p>\n<p style=\"text-align: justify;\">Sabemos que, \u00e9 do Minist\u00e9rio P\u00fablico a fun\u00e7\u00e3o de investigar e apurar as den\u00fancias levadas a seu conhecimento, por\u00e9m, n\u00e3o concordamos com a injusti\u00e7a que foi feita com esses profissionais, atrav\u00e9s de uma den\u00fancia em que o autor nem mesmo teve coragem de aparecer.<\/p>\n<p style=\"text-align: justify;\">Nesta oportunidade quero manifestar, como Presidente do Sindicato Municipal dos Servidores de Dracena, total solidariedade aos profissionais de educa\u00e7\u00e3o municipal, colocando-se \u00e0 disposi\u00e7\u00e3o de qualquer necessidade que possam ter. Manifesto tamb\u00e9m a mais profunda gratid\u00e3o, por toda contribui\u00e7\u00e3o realizada a nossa educa\u00e7\u00e3o municipal, aos nossos alunos e principalmente a nossa sociedade.<\/p>\n<p style=\"text-align: justify;\">Dracena\/SP, 20 de outubro de 2021.<\/p>\n<p style=\"text-align: justify;\">Sindicato dos Servidores Municipais de Dracena<br \/>\nEdivaldo Caetano de Souza<br \/>\nPresidente<\/p>\n<p>&nbsp;<\/p>\n","protected":false},"excerpt":{"rendered":"<p>NOTA DE SOLIDARIEDADE Car\u00edssimos servidores municipais. Como j\u00e1 \u00e9 de conhecimento p\u00fablico, essa semana fomos surpreendidos com uma den\u00fancia feita de forma an\u00f4nima e covarde ao Minist\u00e9rio P\u00fablico, na qual exp\u00f4s os servidores das unidades escolares de Dracena, professores, merendeiras, auxiliares, inspetores, diretores, entre outros. Na den\u00fancia est\u00e1 escrito que os funcion\u00e1rios levam merenda da [&hellip;]<\/p>\n","protected":false},"author":1,"featured_media":55305,"comment_status":"closed","ping_status":"open","sticky":false,"template":"","format":"standard","meta":{"footnotes":""},"categories":[179,184,110],"tags":[],"class_list":["post-55304","post","type-post","status-publish","format-standard","has-post-thumbnail","hentry","category-cidadeseregiao","category-dracena","category-noticiasdestaque"],"_links":{"self":[{"href":"https:\/\/jorgezanoni.com.br\/2019\/wp-json\/wp\/v2\/posts\/55304","targetHints":{"allow":["GET"]}}],"collection":[{"href":"https:\/\/jorgezanoni.com.br\/2019\/wp-json\/wp\/v2\/posts"}],"about":[{"href":"https:\/\/jorgezanoni.com.br\/2019\/wp-json\/wp\/v2\/types\/post"}],"author":[{"embeddable":true,"href":"https:\/\/jorgezanoni.com.br\/2019\/wp-json\/wp\/v2\/users\/1"}],"replies":[{"embeddable":true,"href":"https:\/\/jorgezanoni.com.br\/2019\/wp-json\/wp\/v2\/comments?post=55304"}],"version-history":[{"count":0,"href":"https:\/\/jorgezanoni.com.br\/2019\/wp-json\/wp\/v2\/posts\/55304\/revisions"}],"wp:featuredmedia":[{"embeddable":true,"href":"https:\/\/jorgezanoni.com.br\/2019\/wp-json\/wp\/v2\/media\/55305"}],"wp:attachment":[{"href":"https:\/\/jorgezanoni.com.br\/2019\/wp-json\/wp\/v2\/media?parent=55304"}],"wp:term":[{"taxonomy":"category","embeddable":true,"href":"https:\/\/jorgezanoni.com.br\/2019\/wp-json\/wp\/v2\/categories?post=55304"},{"taxonomy":"post_tag","embeddable":true,"href":"https:\/\/jorgezanoni.com.br\/2019\/wp-json\/wp\/v2\/tags?post=55304"}],"curies":[{"name":"wp","href":"https:\/\/api.w.org\/{rel}","templated":true}]}}