{"id":55293,"date":"2021-10-20T22:21:05","date_gmt":"2021-10-20T22:21:05","guid":{"rendered":"https:\/\/jorgezanoni.com.br\/2019\/?p=55293"},"modified":"2021-10-20T22:21:05","modified_gmt":"2021-10-20T22:21:05","slug":"acidente-envolvendo-carro-e-moto-interdita-a-vicinal-lucelia-adamantina","status":"publish","type":"post","link":"https:\/\/jorgezanoni.com.br\/2019\/acidente-envolvendo-carro-e-moto-interdita-a-vicinal-lucelia-adamantina\/","title":{"rendered":"Acidente envolvendo carro e moto interdita a vicinal Luc\u00e9lia \u2013 Adamantina"},"content":{"rendered":"<p style=\"text-align: justify;\"><strong><em>O ve\u00edculo, um Ford Focus, acabou capotando pela via e duas pessoas se ferirem levemente.<\/em><\/strong><\/p>\n<p style=\"text-align: justify;\">No final da tarde desta quarta feira (19), foi registrado um acidente de tr\u00e2nsito com v\u00edtimas, na vicinal que liga Luc\u00e9lia a Adamantina e envolveu um autom\u00f3vel e uma motocicleta.<\/p>\n<p style=\"text-align: justify;\">Por motivos a serem ainda apurados, os ve\u00edculos acabaram se chocando, pr\u00f3ximo ao bairro Bela Vista, vindo o motociclista a cair ao solo asf\u00e1ltico e o carro, um Ford Focus, com placas Mercosul, capotou, ap\u00f3s o condutor perder o controle da dire\u00e7\u00e3o.<\/p>\n<p style=\"text-align: justify;\">Os dois condutores foram socorridos pela Unidade de Resgate do Corpo de Bombeiros de Adamantina, com ferimentos leves.<\/p>\n<p style=\"text-align: justify;\">A Pol\u00edcia Militar compareceu ao local para o registro da ocorr\u00eancia, juntamente com a Unidade de Resgate do Corpo de Bombeiros de Adamantina e equipe da concession\u00e1ria Eixo.<\/p>\n<p style=\"text-align: justify;\">A via ficou momentaneamente interditada no sentido Luc\u00e9lia a Adamantina para o socorro das v\u00edtimas e para o trabalho da per\u00edcia.<\/p>\n<figure class=\"wp-block-gallery columns-2 is-cropped\">\n<ul class=\"blocks-gallery-grid\">\n<li class=\"blocks-gallery-item\">\n<figure><img loading=\"lazy\" decoding=\"async\" class=\"wp-image-8888\" src=\"https:\/\/kakonews.com.br\/wp-content\/uploads\/2021\/10\/Acidente-Vicinal-1024x576.jpg\" sizes=\"auto, (max-width: 1024px) 100vw, 1024px\" srcset=\"https:\/\/kakonews.com.br\/wp-content\/uploads\/2021\/10\/Acidente-Vicinal-1024x576.jpg 1024w, https:\/\/kakonews.com.br\/wp-content\/uploads\/2021\/10\/Acidente-Vicinal-300x169.jpg 300w, https:\/\/kakonews.com.br\/wp-content\/uploads\/2021\/10\/Acidente-Vicinal-768x432.jpg 768w, https:\/\/kakonews.com.br\/wp-content\/uploads\/2021\/10\/Acidente-Vicinal-1536x864.jpg 1536w, https:\/\/kakonews.com.br\/wp-content\/uploads\/2021\/10\/Acidente-Vicinal.jpg 1600w\" alt=\"\" width=\"1024\" height=\"576\" data-id=\"8888\" data-full-url=\"https:\/\/kakonews.com.br\/wp-content\/uploads\/2021\/10\/Acidente-Vicinal.jpg\" data-link=\"https:\/\/kakonews.com.br\/?attachment_id=8888\" \/><\/figure>\n<\/li>\n<li class=\"blocks-gallery-item\">\n<figure><img loading=\"lazy\" decoding=\"async\" class=\"wp-image-8889\" src=\"https:\/\/kakonews.com.br\/wp-content\/uploads\/2021\/10\/Acidente-Vicinal-1-1024x576.jpg\" sizes=\"auto, (max-width: 1024px) 100vw, 1024px\" srcset=\"https:\/\/kakonews.com.br\/wp-content\/uploads\/2021\/10\/Acidente-Vicinal-1-1024x576.jpg 1024w, https:\/\/kakonews.com.br\/wp-content\/uploads\/2021\/10\/Acidente-Vicinal-1-300x169.jpg 300w, https:\/\/kakonews.com.br\/wp-content\/uploads\/2021\/10\/Acidente-Vicinal-1-768x432.jpg 768w, https:\/\/kakonews.com.br\/wp-content\/uploads\/2021\/10\/Acidente-Vicinal-1-1536x864.jpg 1536w, https:\/\/kakonews.com.br\/wp-content\/uploads\/2021\/10\/Acidente-Vicinal-1.jpg 1600w\" alt=\"\" width=\"1024\" height=\"576\" data-id=\"8889\" data-full-url=\"https:\/\/kakonews.com.br\/wp-content\/uploads\/2021\/10\/Acidente-Vicinal-1.jpg\" data-link=\"https:\/\/kakonews.com.br\/?attachment_id=8889\" \/><\/figure>\n<\/li>\n<\/ul>\n<\/figure>\n<p>Informa\u00e7\u00f5es \u2013 Pol\u00edcia Militar \u2013 Fotos \u2013 Enviadas por internautas.<\/p>\n<p>Fonte: https:\/\/kakonews.com.br\/<\/p>\n","protected":false},"excerpt":{"rendered":"<p>O ve\u00edculo, um Ford Focus, acabou capotando pela via e duas pessoas se ferirem levemente. No final da tarde desta quarta feira (19), foi registrado um acidente de tr\u00e2nsito com v\u00edtimas, na vicinal que liga Luc\u00e9lia a Adamantina e envolveu um autom\u00f3vel e uma motocicleta. Por motivos a serem ainda apurados, os ve\u00edculos acabaram se [&hellip;]<\/p>\n","protected":false},"author":1,"featured_media":55294,"comment_status":"closed","ping_status":"open","sticky":false,"template":"","format":"standard","meta":{"footnotes":""},"categories":[170,110],"tags":[],"class_list":["post-55293","post","type-post","status-publish","format-standard","has-post-thumbnail","hentry","category-acidentes","category-noticiasdestaque"],"_links":{"self":[{"href":"https:\/\/jorgezanoni.com.br\/2019\/wp-json\/wp\/v2\/posts\/55293","targetHints":{"allow":["GET"]}}],"collection":[{"href":"https:\/\/jorgezanoni.com.br\/2019\/wp-json\/wp\/v2\/posts"}],"about":[{"href":"https:\/\/jorgezanoni.com.br\/2019\/wp-json\/wp\/v2\/types\/post"}],"author":[{"embeddable":true,"href":"https:\/\/jorgezanoni.com.br\/2019\/wp-json\/wp\/v2\/users\/1"}],"replies":[{"embeddable":true,"href":"https:\/\/jorgezanoni.com.br\/2019\/wp-json\/wp\/v2\/comments?post=55293"}],"version-history":[{"count":0,"href":"https:\/\/jorgezanoni.com.br\/2019\/wp-json\/wp\/v2\/posts\/55293\/revisions"}],"wp:featuredmedia":[{"embeddable":true,"href":"https:\/\/jorgezanoni.com.br\/2019\/wp-json\/wp\/v2\/media\/55294"}],"wp:attachment":[{"href":"https:\/\/jorgezanoni.com.br\/2019\/wp-json\/wp\/v2\/media?parent=55293"}],"wp:term":[{"taxonomy":"category","embeddable":true,"href":"https:\/\/jorgezanoni.com.br\/2019\/wp-json\/wp\/v2\/categories?post=55293"},{"taxonomy":"post_tag","embeddable":true,"href":"https:\/\/jorgezanoni.com.br\/2019\/wp-json\/wp\/v2\/tags?post=55293"}],"curies":[{"name":"wp","href":"https:\/\/api.w.org\/{rel}","templated":true}]}}