{"id":55280,"date":"2021-10-20T13:36:03","date_gmt":"2021-10-20T13:36:03","guid":{"rendered":"https:\/\/jorgezanoni.com.br\/2019\/?p=55280"},"modified":"2021-10-20T13:36:03","modified_gmt":"2021-10-20T13:36:03","slug":"morre-o-ex-vereador-adamantinense-junior-galvao","status":"publish","type":"post","link":"https:\/\/jorgezanoni.com.br\/2019\/morre-o-ex-vereador-adamantinense-junior-galvao\/","title":{"rendered":"Morre o ex-vereador adamantinense J\u00fanior Galv\u00e3o"},"content":{"rendered":"<p style=\"text-align: justify;\"><strong><em>Junior Galv\u00e3o tratava de um c\u00e2ncer, recentemente descoberto.<\/em><\/strong><\/p>\n<p style=\"text-align: justify;\">Morreu nesta quarta-feira (20) em Campinas, onde estava hospitalizado, ap\u00f3s uma cirurgia, o ex-vereador adamantinense Luiz Carlos Galv\u00e3o J\u00fanior. Ele integrou a 10\u00aa legislatura do Poder Legislativo de Adamantina (2001\/2004).<\/p>\n<p style=\"text-align: justify;\">Recentemente Junior Galv\u00e3o descobriu um c\u00e2ncer de p\u00e2ncreas e iniciou tratamento, o que exigiu a realiza\u00e7\u00e3o de cirurgia.<\/p>\n<p style=\"text-align: justify;\">Ficou hospitalizado, em recupera\u00e7\u00e3o, por\u00e9m o quadro n\u00e3o evoluiu positivamente, levando a seu \u00f3bito nesta quarta-feira.<\/p>\n<p style=\"text-align: justify;\">As informa\u00e7\u00f5es sobre os procedimentos f\u00fanebres dever\u00e3o ser divulgadas pela fam\u00edlia nas pr\u00f3ximas horas.<\/p>\n<p style=\"text-align: justify;\">Fonte: Siga Mais<\/p>\n","protected":false},"excerpt":{"rendered":"<p>Junior Galv\u00e3o tratava de um c\u00e2ncer, recentemente descoberto. Morreu nesta quarta-feira (20) em Campinas, onde estava hospitalizado, ap\u00f3s uma cirurgia, o ex-vereador adamantinense Luiz Carlos Galv\u00e3o J\u00fanior. Ele integrou a 10\u00aa legislatura do Poder Legislativo de Adamantina (2001\/2004). Recentemente Junior Galv\u00e3o descobriu um c\u00e2ncer de p\u00e2ncreas e iniciou tratamento, o que exigiu a realiza\u00e7\u00e3o de [&hellip;]<\/p>\n","protected":false},"author":1,"featured_media":55281,"comment_status":"closed","ping_status":"open","sticky":false,"template":"","format":"standard","meta":{"footnotes":""},"categories":[178,110],"tags":[],"class_list":["post-55280","post","type-post","status-publish","format-standard","has-post-thumbnail","hentry","category-notadefalecimento","category-noticiasdestaque"],"_links":{"self":[{"href":"https:\/\/jorgezanoni.com.br\/2019\/wp-json\/wp\/v2\/posts\/55280","targetHints":{"allow":["GET"]}}],"collection":[{"href":"https:\/\/jorgezanoni.com.br\/2019\/wp-json\/wp\/v2\/posts"}],"about":[{"href":"https:\/\/jorgezanoni.com.br\/2019\/wp-json\/wp\/v2\/types\/post"}],"author":[{"embeddable":true,"href":"https:\/\/jorgezanoni.com.br\/2019\/wp-json\/wp\/v2\/users\/1"}],"replies":[{"embeddable":true,"href":"https:\/\/jorgezanoni.com.br\/2019\/wp-json\/wp\/v2\/comments?post=55280"}],"version-history":[{"count":0,"href":"https:\/\/jorgezanoni.com.br\/2019\/wp-json\/wp\/v2\/posts\/55280\/revisions"}],"wp:featuredmedia":[{"embeddable":true,"href":"https:\/\/jorgezanoni.com.br\/2019\/wp-json\/wp\/v2\/media\/55281"}],"wp:attachment":[{"href":"https:\/\/jorgezanoni.com.br\/2019\/wp-json\/wp\/v2\/media?parent=55280"}],"wp:term":[{"taxonomy":"category","embeddable":true,"href":"https:\/\/jorgezanoni.com.br\/2019\/wp-json\/wp\/v2\/categories?post=55280"},{"taxonomy":"post_tag","embeddable":true,"href":"https:\/\/jorgezanoni.com.br\/2019\/wp-json\/wp\/v2\/tags?post=55280"}],"curies":[{"name":"wp","href":"https:\/\/api.w.org\/{rel}","templated":true}]}}