{"id":55228,"date":"2021-10-19T00:45:11","date_gmt":"2021-10-19T00:45:11","guid":{"rendered":"https:\/\/jorgezanoni.com.br\/2019\/?p=55228"},"modified":"2021-10-19T23:51:31","modified_gmt":"2021-10-19T23:51:31","slug":"municipio-adota-medidas-para-verificar-recomendacao-do-ministerio-publico","status":"publish","type":"post","link":"https:\/\/jorgezanoni.com.br\/2019\/municipio-adota-medidas-para-verificar-recomendacao-do-ministerio-publico\/","title":{"rendered":"Munic\u00edpio adota medidas para verificar recomenda\u00e7\u00e3o do Minist\u00e9rio P\u00fablico"},"content":{"rendered":"<p style=\"text-align: justify;\">A Terceira Promotoria de Justi\u00e7a de Dracena, representada pelo promotor de justi\u00e7a Ruy Fernando Anelli Bodini recomendou no \u00faltimo dia 7\/10, ao prefeito Andr\u00e9 Lemos, para que em 15 dias, adote provid\u00eancias administrativas pertinentes para investigar conte\u00fado de den\u00fancia, e caso verifique procedente, cessar a pr\u00e1tica de fornecer alimenta\u00e7\u00e3o da merenda escolar para professores, terceirizados ou funcion\u00e1rios, e eventuais outros colaboradores.<br \/>\nA recomenda\u00e7\u00e3o do Minist\u00e9rio P\u00fablico se d\u00e1 em raz\u00e3o de posterior recebimento de den\u00fancia an\u00f4nima oriunda da Ouvidoria do Minist\u00e9rio P\u00fablico do Estado de S\u00e3o Paulo.<br \/>\nA den\u00fancia informou que: \u201cna maioria das escolas municipais e estaduais de Dracena os professores se alimentam da merenda antes dos alunos e, devido a isso, acontece de algum (ns) alimento (s) n\u00e3o sobrar (em) para os alunos\u201d, \u201cquando os alunos comem antes, ser oferecido para eles algum (s) alimento (s) em quantidade (s) menor (es) para poder sobrar para os professores e funcion\u00e1rios comerem. Outro fato que ocorre \u00e9 alguns professores e funcion\u00e1rios levarem para a casa a merenda do aluno em vasilhas pr\u00f3prias ou da escola\u201d.<br \/>\nO prefeito Andr\u00e9 Lemos informa que adotou medidas para verificar tal situa\u00e7\u00e3o, uma vez que a administra\u00e7\u00e3o n\u00e3o tem conhecimento de casos similares ao denunciado, e que caso seja constatada a pr\u00e1tica inaceit\u00e1vel, ser\u00e3o aplicadas penalidades ao funcion\u00e1rio com desvio de conduta.<\/p>\n<p><img loading=\"lazy\" decoding=\"async\" class=\"alignnone size-full wp-image-55253\" src=\"https:\/\/jorgezanoni.com.br\/2019\/wp-content\/uploads\/2021\/10\/mp-1.jpg\" alt=\"\" width=\"539\" height=\"766\" srcset=\"https:\/\/jorgezanoni.com.br\/2019\/wp-content\/uploads\/2021\/10\/mp-1.jpg 539w, https:\/\/jorgezanoni.com.br\/2019\/wp-content\/uploads\/2021\/10\/mp-1-211x300.jpg 211w, https:\/\/jorgezanoni.com.br\/2019\/wp-content\/uploads\/2021\/10\/mp-1-296x420.jpg 296w\" sizes=\"auto, (max-width: 539px) 100vw, 539px\" \/><\/p>\n<p>Fonte: Diretoria de Comunica\u00e7\u00e3o<\/p>\n","protected":false},"excerpt":{"rendered":"<p>A Terceira Promotoria de Justi\u00e7a de Dracena, representada pelo promotor de justi\u00e7a Ruy Fernando Anelli Bodini recomendou no \u00faltimo dia 7\/10, ao prefeito Andr\u00e9 Lemos, para que em 15 dias, adote provid\u00eancias administrativas pertinentes para investigar conte\u00fado de den\u00fancia, e caso verifique procedente, cessar a pr\u00e1tica de fornecer alimenta\u00e7\u00e3o da merenda escolar para professores, terceirizados [&hellip;]<\/p>\n","protected":false},"author":1,"featured_media":55229,"comment_status":"closed","ping_status":"open","sticky":false,"template":"","format":"standard","meta":{"footnotes":""},"categories":[120,110],"tags":[],"class_list":["post-55228","post","type-post","status-publish","format-standard","has-post-thumbnail","hentry","category-justicahabitacaotecnologia","category-noticiasdestaque"],"_links":{"self":[{"href":"https:\/\/jorgezanoni.com.br\/2019\/wp-json\/wp\/v2\/posts\/55228","targetHints":{"allow":["GET"]}}],"collection":[{"href":"https:\/\/jorgezanoni.com.br\/2019\/wp-json\/wp\/v2\/posts"}],"about":[{"href":"https:\/\/jorgezanoni.com.br\/2019\/wp-json\/wp\/v2\/types\/post"}],"author":[{"embeddable":true,"href":"https:\/\/jorgezanoni.com.br\/2019\/wp-json\/wp\/v2\/users\/1"}],"replies":[{"embeddable":true,"href":"https:\/\/jorgezanoni.com.br\/2019\/wp-json\/wp\/v2\/comments?post=55228"}],"version-history":[{"count":0,"href":"https:\/\/jorgezanoni.com.br\/2019\/wp-json\/wp\/v2\/posts\/55228\/revisions"}],"wp:featuredmedia":[{"embeddable":true,"href":"https:\/\/jorgezanoni.com.br\/2019\/wp-json\/wp\/v2\/media\/55229"}],"wp:attachment":[{"href":"https:\/\/jorgezanoni.com.br\/2019\/wp-json\/wp\/v2\/media?parent=55228"}],"wp:term":[{"taxonomy":"category","embeddable":true,"href":"https:\/\/jorgezanoni.com.br\/2019\/wp-json\/wp\/v2\/categories?post=55228"},{"taxonomy":"post_tag","embeddable":true,"href":"https:\/\/jorgezanoni.com.br\/2019\/wp-json\/wp\/v2\/tags?post=55228"}],"curies":[{"name":"wp","href":"https:\/\/api.w.org\/{rel}","templated":true}]}}