{"id":55220,"date":"2021-10-18T23:19:05","date_gmt":"2021-10-18T23:19:05","guid":{"rendered":"https:\/\/jorgezanoni.com.br\/2019\/?p=55220"},"modified":"2021-10-18T23:19:05","modified_gmt":"2021-10-18T23:19:05","slug":"diretoria-administrativa-se-congratula-com-medicos-da-santa-casa-de-dracena","status":"publish","type":"post","link":"https:\/\/jorgezanoni.com.br\/2019\/diretoria-administrativa-se-congratula-com-medicos-da-santa-casa-de-dracena\/","title":{"rendered":"Diretoria Administrativa se congratula com m\u00e9dicos da Santa Casa de Dracena"},"content":{"rendered":"<p style=\"text-align: justify;\"><strong>DIRETORIA ADMINISTRATIVA SE CONGRATULA COM OS M\u00c9DICOS, DESEJANDO \u201cFELIZ DIA DOS M\u00c9DICOS\u201d NESTE DIA 18 DE OUTUBRO.<\/strong><\/p>\n<p style=\"text-align: justify;\">A Diretoria da Santa Casa de Dracena parabeniza todos os m\u00e9dicos que atuam no hospital, pela passagem do DIA DO M\u00c9DICO, comemorada nesta data.<\/p>\n<p style=\"text-align: justify;\">Antes de qualquer refer\u00eancia de um hospital, imprescind\u00edvel a figura do m\u00e9dico, que evidentemente compreende \u00e0s m\u00e9dicas. Durante o per\u00edodo em que vivenciamos com a pandemia \u2013 COVID-19, os profissionais m\u00e9dicos, juntamente com outros profissionais de sa\u00fade, formaram a frente de trabalho no combate \u00e0 doen\u00e7a, com determina\u00e7\u00e3o e coragem, sacrificando o conv\u00edvio social e as horas de descanso.<\/p>\n<p style=\"text-align: justify;\">\u201cO m\u00e9dico \u00e9 o profissional da sa\u00fade autorizado pelo Estado a exercer a medicina; se ocupa da sa\u00fade humana, prevenindo, diagnosticando, tratando e curando as doen\u00e7as, o que requer conhecimento detalhado de disciplinas acad\u00eamicas (como anatomia e fisiologia) por detr\u00e1s das doen\u00e7as e do tratamento (dimens\u00e3o cient\u00edfica) e tamb\u00e9m da sua pr\u00e1tica aplicada (a arte da medicina)\u201d. (Wikipedia \u00b7 Texto sob CC-BY-SA licen\u00e7a).<\/p>\n<p style=\"text-align: justify;\">O DIA DO M\u00c9DICO, comemorado em 18 de outubro, \u00e9 uma data de origem crist\u00e3 que homenageia S\u00e3o Lucas, considerado o patrono e protetor dos m\u00e9dicos desde o s\u00e9culo XV.<br \/>\nParab\u00e9ns aos m\u00e9dicos!<br \/>\nTodo dia \u00e9 dia de salvar vidas e ajudar pessoas.<\/p>\n<p>Diretoria Administrativa<br \/>\nSanta Casa de Dracena<br \/>\nPatrim\u00f4nio da Comunidade<br \/>\n63 anos<br \/>\n\u201cUma vida, uma hist\u00f3ria\u201d<\/p>\n","protected":false},"excerpt":{"rendered":"<p>DIRETORIA ADMINISTRATIVA SE CONGRATULA COM OS M\u00c9DICOS, DESEJANDO \u201cFELIZ DIA DOS M\u00c9DICOS\u201d NESTE DIA 18 DE OUTUBRO. A Diretoria da Santa Casa de Dracena parabeniza todos os m\u00e9dicos que atuam no hospital, pela passagem do DIA DO M\u00c9DICO, comemorada nesta data. Antes de qualquer refer\u00eancia de um hospital, imprescind\u00edvel a figura do m\u00e9dico, que evidentemente [&hellip;]<\/p>\n","protected":false},"author":1,"featured_media":55221,"comment_status":"closed","ping_status":"open","sticky":false,"template":"","format":"standard","meta":{"footnotes":""},"categories":[110,122],"tags":[],"class_list":["post-55220","post","type-post","status-publish","format-standard","has-post-thumbnail","hentry","category-noticiasdestaque","category-saudeeducacaoeconcurso"],"_links":{"self":[{"href":"https:\/\/jorgezanoni.com.br\/2019\/wp-json\/wp\/v2\/posts\/55220","targetHints":{"allow":["GET"]}}],"collection":[{"href":"https:\/\/jorgezanoni.com.br\/2019\/wp-json\/wp\/v2\/posts"}],"about":[{"href":"https:\/\/jorgezanoni.com.br\/2019\/wp-json\/wp\/v2\/types\/post"}],"author":[{"embeddable":true,"href":"https:\/\/jorgezanoni.com.br\/2019\/wp-json\/wp\/v2\/users\/1"}],"replies":[{"embeddable":true,"href":"https:\/\/jorgezanoni.com.br\/2019\/wp-json\/wp\/v2\/comments?post=55220"}],"version-history":[{"count":0,"href":"https:\/\/jorgezanoni.com.br\/2019\/wp-json\/wp\/v2\/posts\/55220\/revisions"}],"wp:featuredmedia":[{"embeddable":true,"href":"https:\/\/jorgezanoni.com.br\/2019\/wp-json\/wp\/v2\/media\/55221"}],"wp:attachment":[{"href":"https:\/\/jorgezanoni.com.br\/2019\/wp-json\/wp\/v2\/media?parent=55220"}],"wp:term":[{"taxonomy":"category","embeddable":true,"href":"https:\/\/jorgezanoni.com.br\/2019\/wp-json\/wp\/v2\/categories?post=55220"},{"taxonomy":"post_tag","embeddable":true,"href":"https:\/\/jorgezanoni.com.br\/2019\/wp-json\/wp\/v2\/tags?post=55220"}],"curies":[{"name":"wp","href":"https:\/\/api.w.org\/{rel}","templated":true}]}}