{"id":55193,"date":"2021-10-18T16:56:14","date_gmt":"2021-10-18T16:56:14","guid":{"rendered":"https:\/\/jorgezanoni.com.br\/2019\/?p=55193"},"modified":"2021-10-18T17:29:56","modified_gmt":"2021-10-18T17:29:56","slug":"conheca-a-digital-influencer-de-dracena-ingrid-caroline","status":"publish","type":"post","link":"https:\/\/jorgezanoni.com.br\/2019\/conheca-a-digital-influencer-de-dracena-ingrid-caroline\/","title":{"rendered":"Conhe\u00e7a a Digital Influencer de Dracena, Ingrid Caroline"},"content":{"rendered":"<p style=\"text-align: justify;\"><strong>Digital Influencer j\u00e1 tem mais de 185 mil seguidores.<\/strong><\/p>\n<p style=\"text-align: justify;\">Com diversos v\u00eddeos postado, a dracenense Ingrid Caroline conta hoje com mais de 185 mil seguidores em seu Instagram.<\/p>\n<p style=\"text-align: justify;\">Ela foi eleita em 16 de junho de 2018, a primeira Princesa da Fapidra daquele ano, disputada em tres fases, no Ra\u00edzes Caf\u00e9 de Dracena.<\/p>\n<p style=\"text-align: justify;\">Com grande participa\u00e7\u00e3o de familiares, amigos e uma grande torcida, a jovem conquistou com sua beleza e simpatia a confian\u00e7a dos jurados, para juntamente com a Rainha Duda Sakate (in mem\u00f3ria) e Rafaela Carvalho segunda princesa, representarem a &#8220;Cidade Milagre&#8221;, na &#8220;Maior Festa do Oeste Paulista&#8217;.<\/p>\n<p><img loading=\"lazy\" decoding=\"async\" class=\"alignnone size-full wp-image-55194\" src=\"https:\/\/jorgezanoni.com.br\/2019\/wp-content\/uploads\/2021\/10\/Ingrid.jpg\" alt=\"\" width=\"1066\" height=\"1600\" srcset=\"https:\/\/jorgezanoni.com.br\/2019\/wp-content\/uploads\/2021\/10\/Ingrid.jpg 1066w, https:\/\/jorgezanoni.com.br\/2019\/wp-content\/uploads\/2021\/10\/Ingrid-200x300.jpg 200w, https:\/\/jorgezanoni.com.br\/2019\/wp-content\/uploads\/2021\/10\/Ingrid-682x1024.jpg 682w, https:\/\/jorgezanoni.com.br\/2019\/wp-content\/uploads\/2021\/10\/Ingrid-768x1153.jpg 768w, https:\/\/jorgezanoni.com.br\/2019\/wp-content\/uploads\/2021\/10\/Ingrid-1023x1536.jpg 1023w, https:\/\/jorgezanoni.com.br\/2019\/wp-content\/uploads\/2021\/10\/Ingrid-696x1045.jpg 696w, https:\/\/jorgezanoni.com.br\/2019\/wp-content\/uploads\/2021\/10\/Ingrid-280x420.jpg 280w\" sizes=\"auto, (max-width: 1066px) 100vw, 1066px\" \/> <img loading=\"lazy\" decoding=\"async\" class=\"alignnone size-full wp-image-55195\" src=\"https:\/\/jorgezanoni.com.br\/2019\/wp-content\/uploads\/2021\/10\/Ingrid1.jpg\" alt=\"\" width=\"1066\" height=\"1600\" srcset=\"https:\/\/jorgezanoni.com.br\/2019\/wp-content\/uploads\/2021\/10\/Ingrid1.jpg 1066w, https:\/\/jorgezanoni.com.br\/2019\/wp-content\/uploads\/2021\/10\/Ingrid1-200x300.jpg 200w, https:\/\/jorgezanoni.com.br\/2019\/wp-content\/uploads\/2021\/10\/Ingrid1-682x1024.jpg 682w, https:\/\/jorgezanoni.com.br\/2019\/wp-content\/uploads\/2021\/10\/Ingrid1-768x1153.jpg 768w, https:\/\/jorgezanoni.com.br\/2019\/wp-content\/uploads\/2021\/10\/Ingrid1-1023x1536.jpg 1023w, https:\/\/jorgezanoni.com.br\/2019\/wp-content\/uploads\/2021\/10\/Ingrid1-696x1045.jpg 696w, https:\/\/jorgezanoni.com.br\/2019\/wp-content\/uploads\/2021\/10\/Ingrid1-280x420.jpg 280w\" sizes=\"auto, (max-width: 1066px) 100vw, 1066px\" \/><\/p>\n<p style=\"text-align: justify;\">Conhe\u00e7a os trabalhos de Ingrid Caroline, acessando o INSTAGRAM: https:\/\/www.instagram.com\/ingridcarooline\/<\/p>\n","protected":false},"excerpt":{"rendered":"<p>Digital Influencer j\u00e1 tem mais de 185 mil seguidores. Com diversos v\u00eddeos postado, a dracenense Ingrid Caroline conta hoje com mais de 185 mil seguidores em seu Instagram. Ela foi eleita em 16 de junho de 2018, a primeira Princesa da Fapidra daquele ano, disputada em tres fases, no Ra\u00edzes Caf\u00e9 de Dracena. Com grande [&hellip;]<\/p>\n","protected":false},"author":1,"featured_media":55196,"comment_status":"closed","ping_status":"open","sticky":false,"template":"","format":"standard","meta":{"footnotes":""},"categories":[114,110],"tags":[],"class_list":["post-55193","post","type-post","status-publish","format-standard","has-post-thumbnail","hentry","category-geralecomercio","category-noticiasdestaque"],"_links":{"self":[{"href":"https:\/\/jorgezanoni.com.br\/2019\/wp-json\/wp\/v2\/posts\/55193","targetHints":{"allow":["GET"]}}],"collection":[{"href":"https:\/\/jorgezanoni.com.br\/2019\/wp-json\/wp\/v2\/posts"}],"about":[{"href":"https:\/\/jorgezanoni.com.br\/2019\/wp-json\/wp\/v2\/types\/post"}],"author":[{"embeddable":true,"href":"https:\/\/jorgezanoni.com.br\/2019\/wp-json\/wp\/v2\/users\/1"}],"replies":[{"embeddable":true,"href":"https:\/\/jorgezanoni.com.br\/2019\/wp-json\/wp\/v2\/comments?post=55193"}],"version-history":[{"count":0,"href":"https:\/\/jorgezanoni.com.br\/2019\/wp-json\/wp\/v2\/posts\/55193\/revisions"}],"wp:featuredmedia":[{"embeddable":true,"href":"https:\/\/jorgezanoni.com.br\/2019\/wp-json\/wp\/v2\/media\/55196"}],"wp:attachment":[{"href":"https:\/\/jorgezanoni.com.br\/2019\/wp-json\/wp\/v2\/media?parent=55193"}],"wp:term":[{"taxonomy":"category","embeddable":true,"href":"https:\/\/jorgezanoni.com.br\/2019\/wp-json\/wp\/v2\/categories?post=55193"},{"taxonomy":"post_tag","embeddable":true,"href":"https:\/\/jorgezanoni.com.br\/2019\/wp-json\/wp\/v2\/tags?post=55193"}],"curies":[{"name":"wp","href":"https:\/\/api.w.org\/{rel}","templated":true}]}}