{"id":55190,"date":"2021-10-18T12:00:01","date_gmt":"2021-10-18T12:00:01","guid":{"rendered":"https:\/\/jorgezanoni.com.br\/2019\/?p=55190"},"modified":"2021-10-18T12:00:01","modified_gmt":"2021-10-18T12:00:01","slug":"hoje-e-comemorado-o-dia-do-medico","status":"publish","type":"post","link":"https:\/\/jorgezanoni.com.br\/2019\/hoje-e-comemorado-o-dia-do-medico\/","title":{"rendered":"Hoje \u00e9 comemorado o &#8220;Dia do M\u00e9dico&#8221;"},"content":{"rendered":"<p style=\"text-align: justify;\">O\u00a0<strong>Dia do M\u00e9dico<\/strong>\u00a0\u00e9 celebrado anualmente em\u00a0<strong>18 de outubro<\/strong>.<\/p>\n<p style=\"text-align: justify;\">Os m\u00e9dicos s\u00e3o os respons\u00e1veis por cuidar da\u00a0<strong>sa\u00fade das pessoas<\/strong>. Por este motivo, esta data \u00e9 destinada a homenagear o trabalho destes profissionais.<\/p>\n<p style=\"text-align: justify;\">Os m\u00e9dicos podem ser generalistas, que atuam em Cl\u00ednica Geral e Sa\u00fade da Fam\u00edlia, ou especialistas, quando s\u00e3o peritos em alguma \u00e1rea. S\u00e3o exemplos de m\u00e9dicos especialistas: endocrinologista, cardiologista, otorrinolaringologista, ginecologista, obstetra, pediatra e etc.<\/p>\n<p style=\"text-align: justify;\"><img loading=\"lazy\" decoding=\"async\" src=\"https:\/\/s.calendarr.com\/upload\/datas\/me\/di\/medico_c.jpg\" alt=\"M\u00e9dica\" width=\"655\" height=\"437\" \/><\/p>\n<h2 style=\"text-align: justify;\">Mensagem ao Dia do M\u00e9dico<\/h2>\n<p style=\"text-align: justify;\"><em>&#8220;Nosso sincero agradecimento de quem sabe que, sem voc\u00ea, nossa vida n\u00e3o seria t\u00e3o feliz. Feliz dia do m\u00e9dico!&#8221;<\/em><\/p>\n<p style=\"text-align: justify;\"><em>&#8220;Que dia especial&#8230; Deve ser por isto que sinto a luminosidade maior do sol; com certeza \u00e9 Deus aben\u00e7oando t\u00e3o amorosa e digna profiss\u00e3o. Suas incans\u00e1veis horas de dedica\u00e7\u00e3o, de carinho, de aten\u00e7\u00e3o, a cada um de seus pacientes, que trazem dentro do cora\u00e7\u00e3o seu nome escrito com letras douradas.&#8221;<\/em><\/p>\n<p style=\"text-align: justify;\"><em>&#8220;Chega a ser dif\u00edcil conseguir as palavras certas para traduzir o agradecimento que voc\u00ea merece. Possui a paci\u00eancia necess\u00e1ria, nunca desacreditando no potencial de cada um. Parab\u00e9ns pelo seu dia, as suas vit\u00f3rias e conquistas s\u00e3o contadas pelos sorrisos nos rostos daqueles que recuperam o prazer da vida.&#8221;<\/em><\/p>\n<p style=\"text-align: justify;\"><em>&#8220;Hoje, homenageamos a todos os profissionais que atuam incansavelmente em prol da sa\u00fade de nossa na\u00e7\u00e3o. Feliz dia do m\u00e9dico!&#8221;<\/em><\/p>\n<p style=\"text-align: justify;\"><em><img loading=\"lazy\" decoding=\"async\" src=\"https:\/\/s.calendarr.com\/upload\/datas\/ho\/ma\/homanagem-dia-do-medico.jpg\" alt=\"Homenagem dia do m\u00e9dico\" width=\"650\" height=\"500\" \/><\/em><\/p>\n<p style=\"text-align: justify;\"><em>&#8220;Que o Senhor o(a) ilumine e continue sempre com esse exemplo de luta e coragem, dignos de serem seguidos. Com certeza \u00e9 uma simples homenagem que fa\u00e7o a algu\u00e9m t\u00e3o especial e merecedor(a) de todo nosso respeito. Que Deus celestial continue aben\u00e7oando seus caminhos, obrigado(a) por tudo!&#8221;<\/em><\/p>\n<p style=\"text-align: justify;\"><em>&#8220;Quando nascemos, recebemos diferentes miss\u00f5es. A sua miss\u00e3o \u00e9 de salvar vidas! Pelo talento de suas m\u00e3os, transforma todo homem em bonan\u00e7a. Sua alma n\u00e3o se cont\u00e9m diante do desespero de uma crian\u00e7a ou de um idoso. Por isso, voc\u00ea vai operando milagres, trazendo esperan\u00e7a a cora\u00e7\u00f5es desesperan\u00e7ados. Obrigado e parab\u00e9ns!&#8221;<\/em><\/p>\n<p style=\"text-align: justify;\"><em>&#8220;Falar de seu of\u00edcio de m\u00e9dico n\u00e3o \u00e9 f\u00e1cil. Existem muitas dificuldades e seu trabalho \u00e9 incans\u00e1vel. Sabemos que voc\u00ea o faz por amor ao ser humano, altru\u00edsta sempre. N\u00e3o h\u00e1 tempos, nem momentos para fazer o bem, por isso, devemos a voc\u00ea nossa sa\u00fade. Voc\u00ea n\u00e3o escolhe dia para exercer a sua profiss\u00e3o. Para voc\u00ea, todo dia \u00e9 dia de salvar vidas. Por isso, seremos sempre gratos e rendemos nossas homenagens. Feliz dia do m\u00e9dico!&#8221;<\/em><\/p>\n<h2 style=\"text-align: justify;\">Origem do Dia do M\u00e9dico<\/h2>\n<p style=\"text-align: justify;\">O\u00a0<strong>Dia do M\u00e9dico<\/strong>\u00a0\u00e9 celebrado em\u00a0<strong>18 de outubro<\/strong>\u00a0em homenagem a S\u00e3o Lucas, o padroeiro dos m\u00e9dicos.<\/p>\n<p style=\"text-align: justify;\">Lucas foi um dos quatro evangelistas do Novo Testamento, e seu evangelho \u00e9 o terceiro em ordem cronol\u00f3gica. Lucas era m\u00e9dico, raz\u00e3o pela qual se decidiu homenagear os profissionais com o mesmo dia da festa deste santo.<\/p>\n<h2 style=\"text-align: justify;\">Dia do m\u00e9dico em outros pa\u00edses<\/h2>\n<p style=\"text-align: justify;\">Embora no Brasil o dia do m\u00e9dico seja comemorado no dia 18 de outubro e o seu significado esteja ligado \u00e0 cren\u00e7a crist\u00e3, em outros pa\u00edses o dia do m\u00e9dico \u00e9 comemorado em datas distintas.<\/p>\n<p style=\"text-align: justify;\">Nos Estados Unidos o dia do m\u00e9dico \u00e9 comemorado em 30 de mar\u00e7o, pois nesta data em 1942 foi aplicada a primeira anestesia em um paciente.<\/p>\n<p style=\"text-align: justify;\">Em outros pa\u00edses, o dia dos m\u00e9dicos \u00e9 comemorado em datas que lembram importantes profissionais, como 1\u00ba de julho na \u00cdndia, em mem\u00f3ria do m\u00e9dico Bidhan Chandra Roy, e 1\u00ba de maio no Canad\u00e1, em homenagem a Emily Stowe, primeira m\u00e9dica do pa\u00eds.<\/p>\n<p style=\"text-align: justify;\">Fonte: https:\/\/www.calendarr.com\/brasil\/dia-do-medico\/<\/p>\n<p>Imagem Ilustrativa<\/p>\n","protected":false},"excerpt":{"rendered":"<p>O\u00a0Dia do M\u00e9dico\u00a0\u00e9 celebrado anualmente em\u00a018 de outubro. Os m\u00e9dicos s\u00e3o os respons\u00e1veis por cuidar da\u00a0sa\u00fade das pessoas. Por este motivo, esta data \u00e9 destinada a homenagear o trabalho destes profissionais. Os m\u00e9dicos podem ser generalistas, que atuam em Cl\u00ednica Geral e Sa\u00fade da Fam\u00edlia, ou especialistas, quando s\u00e3o peritos em alguma \u00e1rea. S\u00e3o exemplos [&hellip;]<\/p>\n","protected":false},"author":1,"featured_media":55191,"comment_status":"closed","ping_status":"open","sticky":false,"template":"","format":"standard","meta":{"footnotes":""},"categories":[110,122],"tags":[],"class_list":["post-55190","post","type-post","status-publish","format-standard","has-post-thumbnail","hentry","category-noticiasdestaque","category-saudeeducacaoeconcurso"],"_links":{"self":[{"href":"https:\/\/jorgezanoni.com.br\/2019\/wp-json\/wp\/v2\/posts\/55190","targetHints":{"allow":["GET"]}}],"collection":[{"href":"https:\/\/jorgezanoni.com.br\/2019\/wp-json\/wp\/v2\/posts"}],"about":[{"href":"https:\/\/jorgezanoni.com.br\/2019\/wp-json\/wp\/v2\/types\/post"}],"author":[{"embeddable":true,"href":"https:\/\/jorgezanoni.com.br\/2019\/wp-json\/wp\/v2\/users\/1"}],"replies":[{"embeddable":true,"href":"https:\/\/jorgezanoni.com.br\/2019\/wp-json\/wp\/v2\/comments?post=55190"}],"version-history":[{"count":0,"href":"https:\/\/jorgezanoni.com.br\/2019\/wp-json\/wp\/v2\/posts\/55190\/revisions"}],"wp:featuredmedia":[{"embeddable":true,"href":"https:\/\/jorgezanoni.com.br\/2019\/wp-json\/wp\/v2\/media\/55191"}],"wp:attachment":[{"href":"https:\/\/jorgezanoni.com.br\/2019\/wp-json\/wp\/v2\/media?parent=55190"}],"wp:term":[{"taxonomy":"category","embeddable":true,"href":"https:\/\/jorgezanoni.com.br\/2019\/wp-json\/wp\/v2\/categories?post=55190"},{"taxonomy":"post_tag","embeddable":true,"href":"https:\/\/jorgezanoni.com.br\/2019\/wp-json\/wp\/v2\/tags?post=55190"}],"curies":[{"name":"wp","href":"https:\/\/api.w.org\/{rel}","templated":true}]}}