{"id":55161,"date":"2021-10-17T19:04:32","date_gmt":"2021-10-17T19:04:32","guid":{"rendered":"https:\/\/jorgezanoni.com.br\/2019\/?p=55161"},"modified":"2021-10-17T19:04:32","modified_gmt":"2021-10-17T19:04:32","slug":"policia-militar-ocorrencias-registradas-nas-ultimas-horas-17-10-21","status":"publish","type":"post","link":"https:\/\/jorgezanoni.com.br\/2019\/policia-militar-ocorrencias-registradas-nas-ultimas-horas-17-10-21\/","title":{"rendered":"Pol\u00edcia Militar: Ocorr\u00eancias registradas nas \u00faltimas horas 17\/10\/21"},"content":{"rendered":"<p style=\"text-align: justify;\">EM LUC\u00c9LIA, POL\u00cdCIA MILITAR FAZ A CAPTURA DE HOMEM PROCURADO PELA JUSTI\u00c7A.<\/p>\n<p style=\"text-align: justify;\">Na manh\u00e3 deste s\u00e1bado, 16, 10h20min, ap\u00f3s tomarem conhecimento de mandado de pris\u00e3o em desfavor de um indiv\u00edduo &#8211; pelo cometimento do crime de Furto lei 2848 tipificado no art.155 CP &#8211; policiais militares deslocaram at\u00e9 as proximidades de sua resid\u00eancia, Rua Carlos Donatoni, Vila Rancharia, onde o homem de 27 anos foi visualizado na via p\u00fablica. Informado do documento foi conduzido a delegacia onde permaneceu disposi\u00e7\u00e3o da Justi\u00e7a.<\/p>\n<p style=\"text-align: justify;\">EM OSVALDO CRUZ, SUSPEITOS DE DISPENSAR COCA\u00cdNA S\u00c3O CONDUZIDOS PARA AVERIGUA\u00c7\u00c3O.<\/p>\n<p style=\"text-align: justify;\">Ocorr\u00eancia registrada na noite deste s\u00e1bado, 16, \u00e0s 19h39min.<\/p>\n<p style=\"text-align: justify;\">Em patrulhamento pela Rua Santa Cec\u00edlia, policiais militares avistaram 02 (dois) indiv\u00edduos (22 e 46 anos) saindo da Vila Esperan\u00e7a, caminhando pela via, que, ao notarem a aproxima\u00e7\u00e3o da viatura mudaram o comportamento motivando a abordagem. Na busca pessoal e nada de il\u00edcito encontrado com ambos, por\u00e9m, pr\u00f3ximo a eles foi localizado na cal\u00e7ada dois (02) inv\u00f3lucro, tipo &#8220;sache&#8221;, contendo coca\u00edna, n\u00e3o sendo poss\u00edvel precisar qual dos indiv\u00edduos teria dispensado a droga. Conduzidos a delegacia para averigua\u00e7\u00e3o dos fatos, foram ouvidos e liberados; coca\u00edna apreendida.<\/p>\n<p style=\"text-align: justify;\"><img loading=\"lazy\" decoding=\"async\" class=\"alignnone size-full wp-image-55162\" src=\"https:\/\/jorgezanoni.com.br\/2019\/wp-content\/uploads\/2021\/10\/pm-1.jpg\" alt=\"\" width=\"1600\" height=\"1148\" srcset=\"https:\/\/jorgezanoni.com.br\/2019\/wp-content\/uploads\/2021\/10\/pm-1.jpg 1600w, https:\/\/jorgezanoni.com.br\/2019\/wp-content\/uploads\/2021\/10\/pm-1-300x215.jpg 300w, https:\/\/jorgezanoni.com.br\/2019\/wp-content\/uploads\/2021\/10\/pm-1-1024x735.jpg 1024w, https:\/\/jorgezanoni.com.br\/2019\/wp-content\/uploads\/2021\/10\/pm-1-768x551.jpg 768w, https:\/\/jorgezanoni.com.br\/2019\/wp-content\/uploads\/2021\/10\/pm-1-1536x1102.jpg 1536w, https:\/\/jorgezanoni.com.br\/2019\/wp-content\/uploads\/2021\/10\/pm-1-696x499.jpg 696w, https:\/\/jorgezanoni.com.br\/2019\/wp-content\/uploads\/2021\/10\/pm-1-1068x766.jpg 1068w, https:\/\/jorgezanoni.com.br\/2019\/wp-content\/uploads\/2021\/10\/pm-1-585x420.jpg 585w\" sizes=\"auto, (max-width: 1600px) 100vw, 1600px\" \/><\/p>\n<p style=\"text-align: justify;\">POL\u00cdCIA MILITAR PRENDE HOMEM POR TR\u00c1FICO DE DROGAS EM JUNQUEIR\u00d3POLIS<\/p>\n<p style=\"text-align: justify;\">A: 01 INDIV\u00cdDUO DO SEXO MASCULINO DE 41 ANOS;<br \/>\nT: 01 INDIV\u00cdDUO DO SEXO MASCULINO DE 33 ANOS.<br \/>\nAPREENS\u00d5ES:<br \/>\n&#8211; R$ 914,00;<br \/>\n&#8211; 0,173 KG DE MACONHA.<\/p>\n<p style=\"text-align: justify;\">NA DATA DE ONTEM POR VOLTA DAS 19H25MIN AP\u00d3S DEN\u00daNCIAS QUE INDIV\u00cdDUO ESTARIA REALIZANDO VENDA DE DROGAS NA RESID\u00caNCIA, FOI FOI VISUALIZADA A COMERCIALIZA\u00c7\u00c3O.<br \/>\nDIANTE DO OCORRIDO FOI ABORDADO O INDIV\u00cdDUO QUE REALIZOU A COMPRA DA DROGA, EM SEU PODER HAVIA UMA POR\u00c7\u00c3O DE MACONHA, EM ATO CONT\u00cdNUO DIANTE DO FLAGRANTE EQUIPES DE FOR\u00c7A T\u00c1TICA ADENTRARAM A RESID\u00caNCIA ONDE ERA REALIZADA A VENDA E \u00caXITO EM LOCALIZAR AS DROGAS, DINHEIRO E O INDIV\u00cdDUO QUE REALIZOU A VENDA, PERMANECENDO \u00c0 DISPOSI\u00c7\u00c3O DA JUSTI\u00c7A.<\/p>\n<p style=\"text-align: justify;\"><img loading=\"lazy\" decoding=\"async\" class=\"alignnone size-full wp-image-55163\" src=\"https:\/\/jorgezanoni.com.br\/2019\/wp-content\/uploads\/2021\/10\/pm1.jpg\" alt=\"\" width=\"1156\" height=\"520\" srcset=\"https:\/\/jorgezanoni.com.br\/2019\/wp-content\/uploads\/2021\/10\/pm1.jpg 1156w, https:\/\/jorgezanoni.com.br\/2019\/wp-content\/uploads\/2021\/10\/pm1-300x135.jpg 300w, https:\/\/jorgezanoni.com.br\/2019\/wp-content\/uploads\/2021\/10\/pm1-1024x461.jpg 1024w, https:\/\/jorgezanoni.com.br\/2019\/wp-content\/uploads\/2021\/10\/pm1-768x345.jpg 768w, https:\/\/jorgezanoni.com.br\/2019\/wp-content\/uploads\/2021\/10\/pm1-696x313.jpg 696w, https:\/\/jorgezanoni.com.br\/2019\/wp-content\/uploads\/2021\/10\/pm1-1068x480.jpg 1068w, https:\/\/jorgezanoni.com.br\/2019\/wp-content\/uploads\/2021\/10\/pm1-934x420.jpg 934w\" sizes=\"auto, (max-width: 1156px) 100vw, 1156px\" \/><\/p>\n<p style=\"text-align: justify;\">HOMEM \u00c9 PRESO POR DESCUMPRIMENTO DE MEDIDA PROTETIVA EM TUPI PAULISTA (Flagrante)<\/p>\n<p style=\"text-align: justify;\">VILA CAMARGO &#8211; TUPI PAULISTA\/SP.<\/p>\n<p style=\"text-align: justify;\">Autor: HOMEM, 35 ANOS<br \/>\nV\u00edtima: MULHER, 50 ANOS<\/p>\n<p style=\"text-align: justify;\">APREENS\u00d5ES:<br \/>\n01 FAC\u00c3O CANAVIEIRO<\/p>\n<p style=\"text-align: justify;\">NA DATA DE ONTEM POR VOLTA DAS 19H50MIN AP\u00d3S OCORR\u00caNCIA DESPACHADA VIA COPOM ESTA UNIDADE DE SERVI\u00c7O AO CHEGAR NO LOCAL DOS FATOS E FEITO CONTATO COM A V\u00cdTIMA, A QUAL RELATOU QUE SEU EX AM\u00c1SIO (AUTOR) TERIA ARROMBADO A PORTA DA COZINHA E ADENTRADO A RESID\u00caNCIA DELA, QUE POSSU\u00cd MEDIDA PROTETIVA EM DESFAVOR DELE O QUAL N\u00c3O PODERIA ESTAR ALI E QUE OS VIZINHOS SOLICITARAM A POL\u00cdCIA MILITAR.<br \/>\nV\u00cdTIMA AUTORIZOU A ENTRADA DOS POL\u00cdCIAIS NO INTERIOR DO IM\u00d3VEL, QUANDO O AUTOR ABRIU A PORTA DA SALA DE POSSE DE UM FAC\u00c3O CANAVIEIRO, MOMENTO QUE FOI INICIADO O CONTATO, SOLICITANDO TAMB\u00c9M APOIO NO LOCAL E AP\u00d3S ALGUNS MINUTOS DE VERBALIZA\u00c7\u00c3O O AUTOR SOLTOU O FAC\u00c3O E SE RENDEU, MOMENTO EM QUE FOI DADO VOZ DE PRIS\u00c3O A ELE POR DESCUMPRIMENTO DE MEDIDA PROTETIVA.<br \/>\nFOI DADO VOZ DE PRIS\u00c3O EM FLAGRANTE EM DESFAVOR DO AUTOR QUE PERMANECEU PRESO A DISPOSI\u00c7\u00c3O DA JUSTI\u00c7A.<\/p>\n<p><img loading=\"lazy\" decoding=\"async\" class=\"alignnone size-full wp-image-55164\" src=\"https:\/\/jorgezanoni.com.br\/2019\/wp-content\/uploads\/2021\/10\/pm2.jpg\" alt=\"\" width=\"1280\" height=\"792\" srcset=\"https:\/\/jorgezanoni.com.br\/2019\/wp-content\/uploads\/2021\/10\/pm2.jpg 1280w, https:\/\/jorgezanoni.com.br\/2019\/wp-content\/uploads\/2021\/10\/pm2-300x186.jpg 300w, https:\/\/jorgezanoni.com.br\/2019\/wp-content\/uploads\/2021\/10\/pm2-1024x634.jpg 1024w, https:\/\/jorgezanoni.com.br\/2019\/wp-content\/uploads\/2021\/10\/pm2-768x475.jpg 768w, https:\/\/jorgezanoni.com.br\/2019\/wp-content\/uploads\/2021\/10\/pm2-356x220.jpg 356w, https:\/\/jorgezanoni.com.br\/2019\/wp-content\/uploads\/2021\/10\/pm2-696x431.jpg 696w, https:\/\/jorgezanoni.com.br\/2019\/wp-content\/uploads\/2021\/10\/pm2-1068x661.jpg 1068w, https:\/\/jorgezanoni.com.br\/2019\/wp-content\/uploads\/2021\/10\/pm2-679x420.jpg 679w\" sizes=\"auto, (max-width: 1280px) 100vw, 1280px\" \/><\/p>\n<p>Fonte: Com. Social Pol\u00edcia Militar<\/p>\n","protected":false},"excerpt":{"rendered":"<p>EM LUC\u00c9LIA, POL\u00cdCIA MILITAR FAZ A CAPTURA DE HOMEM PROCURADO PELA JUSTI\u00c7A. Na manh\u00e3 deste s\u00e1bado, 16, 10h20min, ap\u00f3s tomarem conhecimento de mandado de pris\u00e3o em desfavor de um indiv\u00edduo &#8211; pelo cometimento do crime de Furto lei 2848 tipificado no art.155 CP &#8211; policiais militares deslocaram at\u00e9 as proximidades de sua resid\u00eancia, Rua Carlos [&hellip;]<\/p>\n","protected":false},"author":1,"featured_media":55165,"comment_status":"closed","ping_status":"open","sticky":false,"template":"","format":"standard","meta":{"footnotes":""},"categories":[110,2],"tags":[],"class_list":["post-55161","post","type-post","status-publish","format-standard","has-post-thumbnail","hentry","category-noticiasdestaque","category-policial"],"_links":{"self":[{"href":"https:\/\/jorgezanoni.com.br\/2019\/wp-json\/wp\/v2\/posts\/55161","targetHints":{"allow":["GET"]}}],"collection":[{"href":"https:\/\/jorgezanoni.com.br\/2019\/wp-json\/wp\/v2\/posts"}],"about":[{"href":"https:\/\/jorgezanoni.com.br\/2019\/wp-json\/wp\/v2\/types\/post"}],"author":[{"embeddable":true,"href":"https:\/\/jorgezanoni.com.br\/2019\/wp-json\/wp\/v2\/users\/1"}],"replies":[{"embeddable":true,"href":"https:\/\/jorgezanoni.com.br\/2019\/wp-json\/wp\/v2\/comments?post=55161"}],"version-history":[{"count":0,"href":"https:\/\/jorgezanoni.com.br\/2019\/wp-json\/wp\/v2\/posts\/55161\/revisions"}],"wp:featuredmedia":[{"embeddable":true,"href":"https:\/\/jorgezanoni.com.br\/2019\/wp-json\/wp\/v2\/media\/55165"}],"wp:attachment":[{"href":"https:\/\/jorgezanoni.com.br\/2019\/wp-json\/wp\/v2\/media?parent=55161"}],"wp:term":[{"taxonomy":"category","embeddable":true,"href":"https:\/\/jorgezanoni.com.br\/2019\/wp-json\/wp\/v2\/categories?post=55161"},{"taxonomy":"post_tag","embeddable":true,"href":"https:\/\/jorgezanoni.com.br\/2019\/wp-json\/wp\/v2\/tags?post=55161"}],"curies":[{"name":"wp","href":"https:\/\/api.w.org\/{rel}","templated":true}]}}