{"id":55109,"date":"2021-10-15T20:41:49","date_gmt":"2021-10-15T20:41:49","guid":{"rendered":"https:\/\/jorgezanoni.com.br\/2019\/?p=55109"},"modified":"2021-10-15T20:42:09","modified_gmt":"2021-10-15T20:42:09","slug":"policia-militar-prende-dos-homens-em-flagrante-por-receptacao-e-esclarece-furtos-na-regiao","status":"publish","type":"post","link":"https:\/\/jorgezanoni.com.br\/2019\/policia-militar-prende-dos-homens-em-flagrante-por-receptacao-e-esclarece-furtos-na-regiao\/","title":{"rendered":"Pol\u00edcia Militar prende dois homens em flagrante por recepta\u00e7\u00e3o e esclarece furtos na regi\u00e3o"},"content":{"rendered":"<p style=\"text-align: justify;\">Na data de hoje (15) por volta das 00h20min em patrulhamento de For\u00e7a T\u00e1tica pelo munic\u00edpio de Paulic\u00e9ia, ao abordar um ve\u00edculo astra o qual em seu interior possu\u00eda dois ocupantes, e ap\u00f3s busca pessoal e veicular constatou-se que ambos praticaram furto pois fora localizado no porta malas do ve\u00edculo transformadores de energia, em que era retirado as bobinas de cobre.<\/p>\n<p style=\"text-align: justify;\">Foram apreendidos:\u00a0Ve\u00edculo astra; diversas bobinas de cobre provenientes de transformadores; Sacola de ferramentas; Apetrechos.<\/p>\n<p style=\"text-align: justify;\">Era de conhecimento pela equipe que em datas anteriores, indiv\u00edduos praticaram inumeros furtos em \u00e1reas rurais de diversas cidades da regi\u00e3o, inclusive em Paulic\u00e9ia em seu balne\u00e1rio municipal.<\/p>\n<p style=\"text-align: justify;\">Diante dos fatos, foi dado voz de pris\u00e3o em flagrante aos indiv\u00edduos os quais permaneceram presos \u00e0 disposi\u00e7\u00e3o da Justi\u00e7a p\u00fablica.<\/p>\n<p style=\"text-align: justify;\">Tabalho efetuado pela For\u00e7a T\u00e1tica.<\/p>\n<p style=\"text-align: justify;\">Fonte: Com. Social Pol\u00edcia Militar<\/p>\n","protected":false},"excerpt":{"rendered":"<p>Na data de hoje (15) por volta das 00h20min em patrulhamento de For\u00e7a T\u00e1tica pelo munic\u00edpio de Paulic\u00e9ia, ao abordar um ve\u00edculo astra o qual em seu interior possu\u00eda dois ocupantes, e ap\u00f3s busca pessoal e veicular constatou-se que ambos praticaram furto pois fora localizado no porta malas do ve\u00edculo transformadores de energia, em que [&hellip;]<\/p>\n","protected":false},"author":1,"featured_media":55110,"comment_status":"closed","ping_status":"open","sticky":false,"template":"","format":"standard","meta":{"footnotes":""},"categories":[110,2],"tags":[],"class_list":["post-55109","post","type-post","status-publish","format-standard","has-post-thumbnail","hentry","category-noticiasdestaque","category-policial"],"_links":{"self":[{"href":"https:\/\/jorgezanoni.com.br\/2019\/wp-json\/wp\/v2\/posts\/55109","targetHints":{"allow":["GET"]}}],"collection":[{"href":"https:\/\/jorgezanoni.com.br\/2019\/wp-json\/wp\/v2\/posts"}],"about":[{"href":"https:\/\/jorgezanoni.com.br\/2019\/wp-json\/wp\/v2\/types\/post"}],"author":[{"embeddable":true,"href":"https:\/\/jorgezanoni.com.br\/2019\/wp-json\/wp\/v2\/users\/1"}],"replies":[{"embeddable":true,"href":"https:\/\/jorgezanoni.com.br\/2019\/wp-json\/wp\/v2\/comments?post=55109"}],"version-history":[{"count":0,"href":"https:\/\/jorgezanoni.com.br\/2019\/wp-json\/wp\/v2\/posts\/55109\/revisions"}],"wp:featuredmedia":[{"embeddable":true,"href":"https:\/\/jorgezanoni.com.br\/2019\/wp-json\/wp\/v2\/media\/55110"}],"wp:attachment":[{"href":"https:\/\/jorgezanoni.com.br\/2019\/wp-json\/wp\/v2\/media?parent=55109"}],"wp:term":[{"taxonomy":"category","embeddable":true,"href":"https:\/\/jorgezanoni.com.br\/2019\/wp-json\/wp\/v2\/categories?post=55109"},{"taxonomy":"post_tag","embeddable":true,"href":"https:\/\/jorgezanoni.com.br\/2019\/wp-json\/wp\/v2\/tags?post=55109"}],"curies":[{"name":"wp","href":"https:\/\/api.w.org\/{rel}","templated":true}]}}