{"id":55099,"date":"2021-10-15T15:13:56","date_gmt":"2021-10-15T15:13:56","guid":{"rendered":"https:\/\/jorgezanoni.com.br\/2019\/?p=55099"},"modified":"2021-10-15T15:13:56","modified_gmt":"2021-10-15T15:13:56","slug":"consumidores-devem-resgatar-creditos-da-nota-fiscal-paulista-que-completam-mais-de-um-ano-ate-16-10","status":"publish","type":"post","link":"https:\/\/jorgezanoni.com.br\/2019\/consumidores-devem-resgatar-creditos-da-nota-fiscal-paulista-que-completam-mais-de-um-ano-ate-16-10\/","title":{"rendered":"Consumidores devem resgatar cr\u00e9ditos da Nota Fiscal Paulista que completam mais de um ano at\u00e9 16\/10"},"content":{"rendered":"<p style=\"text-align: justify;\">A partir do pr\u00f3ximo domingo (17) v\u00e3o expirar os cr\u00e9ditos da Nota Fiscal Paulista (<a href=\"https:\/\/portal.fazenda.sp.gov.br\/servicos\/nfp\">https:\/\/portal.fazenda.sp.gov.br\/servicos\/nfp<\/a>) que foram liberados h\u00e1 mais de 12 meses pela Secretaria da Fazenda e Planejamento e que n\u00e3o foram resgatados pelos consumidores cadastrados no programa.<\/p>\n<p style=\"text-align: justify;\">A altera\u00e7\u00e3o do prazo de resgate ocorreu por meio do artigo 62 da Lei n\u00ba 17.293\/2020. Os cr\u00e9ditos da Nota Fiscal Paulista permanecem \u00e0 disposi\u00e7\u00e3o dos participantes por um ano a contar da libera\u00e7\u00e3o e podem ser utilizados a qualquer momento dentro desse per\u00edodo. Os valores liberados e que n\u00e3o forem utilizados pelos consumidores retornar\u00e3o ao Tesouro do Estado. O valor m\u00ednimo para transfer\u00eancia \u00e9 de R$ 0,99.<\/p>\n<p style=\"text-align: justify;\">Para transferir os recursos para uma conta corrente ou poupan\u00e7a, basta utilizar o aplicativo (app) oficial da Nota Fiscal Paulista pelo tablet ou smartphone, digitar o CPF\/CNPJ e senha cadastrada e solicitar a op\u00e7\u00e3o desejada. Quem preferir pode utilizar a p\u00e1gina na internet: portal.fazenda.sp.gov.br\/servicos\/nfp. Nas duas op\u00e7\u00f5es, os valores ser\u00e3o creditados na conta indicada em at\u00e9 20 dias.<\/p>\n<p style=\"text-align: justify;\">No m\u00eas de outubro tamb\u00e9m \u00e9 poss\u00edvel destinar os cr\u00e9ditos para abatimento do IPVA, confira os detalhes em\u00a0<a href=\"https:\/\/portal.fazenda.sp.gov.br\/Noticias\/Paginas\/Consumidores-j%c3%a1-podem-destinar-cr%c3%a9ditos-da-Nota-Fiscal-Paulista-para-abatimento-do-IPVA-2022.aspx\">https:\/\/portal.fazenda.sp.gov.br\/Noticias\/Paginas\/Consumidores-j%C3%A1-podem-destinar-cr%C3%A9ditos-da-Nota-Fiscal-Paulista-para-abatimento-do-IPVA-2022.aspx<\/a>. Mais informa\u00e7\u00f5es podem ser obtidas em\u00a0<a href=\"https:\/\/portal.fazenda.sp.gov.br\/servicos\/nfp\/Paginas\/Guia-Resgatar-Creditos-Site.aspx\">https:\/\/portal.fazenda.sp.gov.br\/servicos\/nfp\/Paginas\/Guia-Resgatar-Creditos-Site.aspx<\/a>.<\/p>\n<h3 class=\"ms-Element-h3\" style=\"text-align: justify;\">Desbloqueio de senha<\/h3>\n<p style=\"text-align: justify;\">O consumidor que porventura tiver\u00a0 esquecido a sua senha do programa Nota Fiscal Paulista deve acessar o site do programa e clicar em &#8220;Esqueci minha senha&#8221;. Ao digitar seu CPF e clicar em &#8220;OK&#8221; ser\u00e3o apresentadas tr\u00eas op\u00e7\u00f5es:<\/p>\n<p style=\"text-align: justify;\">&#8211; Envio de frase para lembrar a senha (por e-mail).<\/p>\n<p style=\"text-align: justify;\">&#8211; Envio de endere\u00e7o de p\u00e1gina para cadastramento de nova senha (por e-mail)<\/p>\n<p style=\"text-align: justify;\">&#8211; E por \u00faltimo a op\u00e7\u00e3o &#8220;Recadastrar&#8221;, que sugerimos ser utilizada em \u00faltimo caso, por exemplo, se o consumidor esqueceu a senha e mudou o e-mail. Essa op\u00e7\u00e3o, por quest\u00f5es de seguran\u00e7a, requer envio de correspond\u00eancia ou comparecimento ao Procon, Poupatempo ou Secretaria da Fazenda e Planejamento para desbloquear a senha, conforme guia de desbloqueio de senha (<a href=\"https:\/\/portal.fazenda.sp.gov.br\/servicos\/nfp\/Paginas\/Guia-Esqueci-minha-senha.aspx\">https:\/\/portal.fazenda.sp.gov.br\/servicos\/nfp\/Paginas\/Guia-Esqueci-minha-senha.aspx<\/a>).<\/p>\n<p style=\"text-align: justify;\">Essa medida que envolve envio de documenta\u00e7\u00e3o ou comparecimento aos postos de atendimento \u00e9 extremamente importante, para evitar fraudes, cria\u00e7\u00e3o de contas falsas e que terceiros se aproveitem de cr\u00e9ditos de outras pessoas.<\/p>\n<p style=\"text-align: justify;\">Alternativamente, o consumidor que tiver certificado digital (e-CPF ou e-CNPJ) pode acessar utilizando o certificado digital. A op\u00e7\u00e3o de acessar o sistema com certificado digital apenas est\u00e1 dispon\u00edvel atrav\u00e9s do site do Programa, uma vez que h\u00e1 a necessidade de leitura do Certificado Digital pelo computador.<\/p>\n<h3 class=\"ms-Element-h3\" style=\"text-align: justify;\">Atendimento nos Postos Fiscais<\/h3>\n<p style=\"text-align: justify;\">O agendamento de atendimento, presencial ou online, \u00e9 feito por meio da p\u00e1gina a p\u00e1gina\u00a0<a href=\"http:\/\/senhafacil.com.br\/agendamento\/#\/home\" target=\"_blank\" rel=\"noopener\">http:\/\/senhafacil.com.br\/agendamento\/#\/home<\/a>. Basta escolher a forma que deseja ser atendida (presencialmente ou por e-mail) e solicitar sua senha, que ser\u00e1 gerada com um n\u00famero e um hor\u00e1rio de atendimento.<\/p>\n<p style=\"text-align: justify;\">Caso escolha o atendimento presencial, para evitar aglomera\u00e7\u00f5es, a contribuinte deve dirigir-se \u00e0 unidade escolhida apenas em hor\u00e1rio pr\u00f3ximo ao agendado, usando m\u00e1scara e seguindo os demais protocolos de distanciamento social recomendados pelo Comit\u00ea Administrativo Extraordin\u00e1rio COVID-19. Caso escolha o atendimento por e-mail, deve enviar um e-mail com a demanda, at\u00e9 15 minutos antes do hor\u00e1rio agendado, para o Posto Fiscal de sua circunscri\u00e7\u00e3o (<a href=\"https:\/\/portal.fazenda.sp.gov.br\/servicos\/atendimento\">https:\/\/portal.fazenda.sp.gov.br\/servicos\/atendimento<\/a>) , mencionando no t\u00edtulo da mensagem o n\u00famero de sua senha e o respectivo hor\u00e1rio de atendimento.<\/p>\n<p style=\"text-align: justify;\">Fonte: https:\/\/portal.fazenda.sp.gov.br\/<\/p>\n","protected":false},"excerpt":{"rendered":"<p>A partir do pr\u00f3ximo domingo (17) v\u00e3o expirar os cr\u00e9ditos da Nota Fiscal Paulista (https:\/\/portal.fazenda.sp.gov.br\/servicos\/nfp) que foram liberados h\u00e1 mais de 12 meses pela Secretaria da Fazenda e Planejamento e que n\u00e3o foram resgatados pelos consumidores cadastrados no programa. A altera\u00e7\u00e3o do prazo de resgate ocorreu por meio do artigo 62 da Lei n\u00ba 17.293\/2020. [&hellip;]<\/p>\n","protected":false},"author":1,"featured_media":55100,"comment_status":"closed","ping_status":"open","sticky":false,"template":"","format":"standard","meta":{"footnotes":""},"categories":[110,116],"tags":[],"class_list":["post-55099","post","type-post","status-publish","format-standard","has-post-thumbnail","hentry","category-noticiasdestaque","category-politicaeeconomia"],"_links":{"self":[{"href":"https:\/\/jorgezanoni.com.br\/2019\/wp-json\/wp\/v2\/posts\/55099","targetHints":{"allow":["GET"]}}],"collection":[{"href":"https:\/\/jorgezanoni.com.br\/2019\/wp-json\/wp\/v2\/posts"}],"about":[{"href":"https:\/\/jorgezanoni.com.br\/2019\/wp-json\/wp\/v2\/types\/post"}],"author":[{"embeddable":true,"href":"https:\/\/jorgezanoni.com.br\/2019\/wp-json\/wp\/v2\/users\/1"}],"replies":[{"embeddable":true,"href":"https:\/\/jorgezanoni.com.br\/2019\/wp-json\/wp\/v2\/comments?post=55099"}],"version-history":[{"count":0,"href":"https:\/\/jorgezanoni.com.br\/2019\/wp-json\/wp\/v2\/posts\/55099\/revisions"}],"wp:featuredmedia":[{"embeddable":true,"href":"https:\/\/jorgezanoni.com.br\/2019\/wp-json\/wp\/v2\/media\/55100"}],"wp:attachment":[{"href":"https:\/\/jorgezanoni.com.br\/2019\/wp-json\/wp\/v2\/media?parent=55099"}],"wp:term":[{"taxonomy":"category","embeddable":true,"href":"https:\/\/jorgezanoni.com.br\/2019\/wp-json\/wp\/v2\/categories?post=55099"},{"taxonomy":"post_tag","embeddable":true,"href":"https:\/\/jorgezanoni.com.br\/2019\/wp-json\/wp\/v2\/tags?post=55099"}],"curies":[{"name":"wp","href":"https:\/\/api.w.org\/{rel}","templated":true}]}}