{"id":55071,"date":"2021-10-15T00:27:30","date_gmt":"2021-10-15T00:27:30","guid":{"rendered":"https:\/\/jorgezanoni.com.br\/2019\/?p=55071"},"modified":"2021-10-15T00:27:30","modified_gmt":"2021-10-15T00:27:30","slug":"policia-civil-esclarece-crime-de-roubo-em-junqueiropolis","status":"publish","type":"post","link":"https:\/\/jorgezanoni.com.br\/2019\/policia-civil-esclarece-crime-de-roubo-em-junqueiropolis\/","title":{"rendered":"Pol\u00edcia Civil esclarece crime de roubo em Junqueir\u00f3polis"},"content":{"rendered":"<p style=\"text-align: justify;\"><strong>Autor \u00e9 preso em Valpara\u00edso.<\/strong><\/p>\n<p style=\"text-align: justify;\">No \u00faltimo dia 02 de outubro, um indiv\u00edduo invadiu a loja de conveni\u00eancia de um posto de combust\u00edvel no centro de Junqueir\u00f3polis e anunciou o &#8220;assalto&#8221;.<\/p>\n<p style=\"text-align: justify;\">O criminoso usava um capuz e simulando estar portando uma arma de fogo, subtraiu oitocentos reais em dinheiro. Logo ap\u00f3s o crime, ele se evadiu do local.<\/p>\n<p style=\"text-align: justify;\">T\u00e3o logo comunicados dos fatos, os policiais civis da Delegacia de Pol\u00edcia de Junqueir\u00f3polis deram in\u00edcio \u00e0s investiga\u00e7\u00f5es. Foram coletadas imagens de toda a din\u00e2mica delitiva, bem como ouvidas testemunhas presenciais dos fatos, que possibilitaram a identifica\u00e7\u00e3o do autor, um indiv\u00edduo de 24 anos.<\/p>\n<p style=\"text-align: justify;\">Foi ent\u00e3o solicitado ao Ju\u00edzo da Comarca a decreta\u00e7\u00e3o da pris\u00e3o tempor\u00e1ria do investigado.<\/p>\n<p style=\"text-align: justify;\">O mandado de pris\u00e3o foi expedido quando ent\u00e3o os pol\u00edcias civis de Junqueir\u00f3polis apuraram que o autor teria se evadido para a casa de seus genitores, em Valpara\u00edso.<\/p>\n<p style=\"text-align: justify;\">Estabelecido contato com as equipes da Pol\u00edcia Civil de Valpara\u00edso, o indiciado foi preso na tarde desta quinta feira (14).<\/p>\n<p style=\"text-align: justify;\">Ele ser\u00e1 submetido a audi\u00eancia de cust\u00f3dia.<\/p>\n<p style=\"text-align: justify;\">A pena pra o crime de roubo, que est\u00e1 previsto no artigo 157 do C\u00f3digo Penal \u00e9 de 4 a 10 anos de reclus\u00e3o.<\/p>\n<p style=\"text-align: justify;\">Fonte: Com. Social Pol\u00edcia Civil<\/p>\n","protected":false},"excerpt":{"rendered":"<p>Autor \u00e9 preso em Valpara\u00edso. No \u00faltimo dia 02 de outubro, um indiv\u00edduo invadiu a loja de conveni\u00eancia de um posto de combust\u00edvel no centro de Junqueir\u00f3polis e anunciou o &#8220;assalto&#8221;. O criminoso usava um capuz e simulando estar portando uma arma de fogo, subtraiu oitocentos reais em dinheiro. Logo ap\u00f3s o crime, ele se [&hellip;]<\/p>\n","protected":false},"author":1,"featured_media":55072,"comment_status":"closed","ping_status":"open","sticky":false,"template":"","format":"standard","meta":{"footnotes":""},"categories":[110,2],"tags":[],"class_list":["post-55071","post","type-post","status-publish","format-standard","has-post-thumbnail","hentry","category-noticiasdestaque","category-policial"],"_links":{"self":[{"href":"https:\/\/jorgezanoni.com.br\/2019\/wp-json\/wp\/v2\/posts\/55071","targetHints":{"allow":["GET"]}}],"collection":[{"href":"https:\/\/jorgezanoni.com.br\/2019\/wp-json\/wp\/v2\/posts"}],"about":[{"href":"https:\/\/jorgezanoni.com.br\/2019\/wp-json\/wp\/v2\/types\/post"}],"author":[{"embeddable":true,"href":"https:\/\/jorgezanoni.com.br\/2019\/wp-json\/wp\/v2\/users\/1"}],"replies":[{"embeddable":true,"href":"https:\/\/jorgezanoni.com.br\/2019\/wp-json\/wp\/v2\/comments?post=55071"}],"version-history":[{"count":0,"href":"https:\/\/jorgezanoni.com.br\/2019\/wp-json\/wp\/v2\/posts\/55071\/revisions"}],"wp:featuredmedia":[{"embeddable":true,"href":"https:\/\/jorgezanoni.com.br\/2019\/wp-json\/wp\/v2\/media\/55072"}],"wp:attachment":[{"href":"https:\/\/jorgezanoni.com.br\/2019\/wp-json\/wp\/v2\/media?parent=55071"}],"wp:term":[{"taxonomy":"category","embeddable":true,"href":"https:\/\/jorgezanoni.com.br\/2019\/wp-json\/wp\/v2\/categories?post=55071"},{"taxonomy":"post_tag","embeddable":true,"href":"https:\/\/jorgezanoni.com.br\/2019\/wp-json\/wp\/v2\/tags?post=55071"}],"curies":[{"name":"wp","href":"https:\/\/api.w.org\/{rel}","templated":true}]}}