{"id":55060,"date":"2021-10-14T12:45:59","date_gmt":"2021-10-14T12:45:59","guid":{"rendered":"https:\/\/jorgezanoni.com.br\/2019\/?p=55060"},"modified":"2021-10-14T12:45:59","modified_gmt":"2021-10-14T12:45:59","slug":"autismo-o-que-e-sintomas-e-tipos-por-cidinha-pascoaloto","status":"publish","type":"post","link":"https:\/\/jorgezanoni.com.br\/2019\/autismo-o-que-e-sintomas-e-tipos-por-cidinha-pascoaloto\/","title":{"rendered":"Autismo: o que \u00e9, sintomas e tipos  (por Cidinha Pascoaloto)"},"content":{"rendered":"<p style=\"text-align: justify;\">O que \u00e9 Autismo?<\/p>\n<p style=\"text-align: justify;\">O autismo\u00a0\u00e9 um\u00a0transtorno de desenvolvimento\u00a0que compromete as habilidades de comunica\u00e7\u00e3o e intera\u00e7\u00e3o social e geralmente aparece at\u00e9 os 3 anos de vida.\u00a0 A maioria dos pais que tem crian\u00e7as com autismo suspeita que algo est\u00e1 errado\u00a0antes de a crian\u00e7a completar um ano e seis meses de idade a crian\u00e7a j\u00e1 apresenta os primeiros sintomas. Algumas crian\u00e7as com autismo parecem normal antes de um ou dois anos, mas de repente &#8220;regridem&#8221; e perdem as habilidades lingu\u00edsticas ou sociais que adquiriram anteriormente. Esse tipo de autismo \u00e9 chamado de\u00a0autismo regressivo.<\/p>\n<p style=\"text-align: justify;\">Entre os sintomas apresentados, as crian\u00e7as com autismo normalmente t\u00eam dificuldade para Brincar de faz de conta, n\u00e3o consegue interagir, tem dificuldade na comunica\u00e7\u00e3o verbal e n\u00e3o verbal. S\u00e3o diversos sintomas que podem indicar autismo, e nem sempre a crian\u00e7a apresentar\u00e1 todos eles. As crian\u00e7as com autismo n\u00e3o fazem amigos, n\u00e3o participam de brincadeiras junto a outras crian\u00e7as s\u00e3o retra\u00edda, evitam contato visual e n\u00e3o soriem.<\/p>\n<p style=\"text-align: justify;\">Uma pessoa com autismo pode apresentar os sintomas como: Ter vis\u00e3o, audi\u00e7\u00e3o, tato, olfato ou paladar\u00a0excessivamente sens\u00edveis.\u00a0Ter uma altera\u00e7\u00e3o emocional anormal quando h\u00e1 alguma\u00a0mudan\u00e7a na rotina. Fazer\u00a0movimentos corporais repetitivos e demonstrar\u00a0apego anormal aos objetos.<\/p>\n<p style=\"text-align: justify;\">As caracter\u00edsticas do autismo podem variar de leve, moderados e graves.<\/p>\n<p style=\"text-align: justify;\">A crian\u00e7a que tem autismo n\u00e3o consegue iniciar ou manter uma conversa. E se comunica com\u00a0gestos em vez de palavras. Tem problemas com a linguagem. N\u00e3o se desenvolve ou desenvolve lentamente. N\u00e3o olha e nem aponta para objetos, usa rimas sem sentido.\u00a0 O autista tem problemas sensoriais. Tem vis\u00e3o, audi\u00e7\u00e3o, olfato e paladar diminu\u00eddos ou alterados. Cobre os ouvidos com as m\u00e3os mesmo que os ru\u00eddos sejam normais. Tem ataques de raiva. Lambe objetos e esfrega as superf\u00edcies.<\/p>\n<p style=\"text-align: justify;\">O diagn\u00f3stico \u00e9 cl\u00ednico atrav\u00e9s de observa\u00e7\u00f5es. N\u00e3o existe cura, m\u00e1s existe tratamentos. Pode ser acompanhado por um fonoaudi\u00f3logo, com um psic\u00f3logo fazendo trabalhos de ludoterapias.<\/p>\n<p><img loading=\"lazy\" decoding=\"async\" class=\"alignnone size-full wp-image-55061\" src=\"https:\/\/jorgezanoni.com.br\/2019\/wp-content\/uploads\/2021\/10\/Cidinha-Pascoaloto-1.jpg\" alt=\"\" width=\"847\" height=\"1280\" srcset=\"https:\/\/jorgezanoni.com.br\/2019\/wp-content\/uploads\/2021\/10\/Cidinha-Pascoaloto-1.jpg 847w, https:\/\/jorgezanoni.com.br\/2019\/wp-content\/uploads\/2021\/10\/Cidinha-Pascoaloto-1-199x300.jpg 199w, https:\/\/jorgezanoni.com.br\/2019\/wp-content\/uploads\/2021\/10\/Cidinha-Pascoaloto-1-678x1024.jpg 678w, https:\/\/jorgezanoni.com.br\/2019\/wp-content\/uploads\/2021\/10\/Cidinha-Pascoaloto-1-768x1161.jpg 768w, https:\/\/jorgezanoni.com.br\/2019\/wp-content\/uploads\/2021\/10\/Cidinha-Pascoaloto-1-696x1052.jpg 696w, https:\/\/jorgezanoni.com.br\/2019\/wp-content\/uploads\/2021\/10\/Cidinha-Pascoaloto-1-278x420.jpg 278w\" sizes=\"auto, (max-width: 847px) 100vw, 847px\" \/><\/p>\n<p style=\"text-align: justify;\">Cidinha Pascoaloto-Psic\u00f3loga-CRP 06\/158174. Terapia Cognitivo Comportamental (TCC) com foco no Luto, Depress\u00e3o e Ansiedade. Atendimento presencial e online, contato: (18) 99725-6418<\/p>\n","protected":false},"excerpt":{"rendered":"<p>O que \u00e9 Autismo? O autismo\u00a0\u00e9 um\u00a0transtorno de desenvolvimento\u00a0que compromete as habilidades de comunica\u00e7\u00e3o e intera\u00e7\u00e3o social e geralmente aparece at\u00e9 os 3 anos de vida.\u00a0 A maioria dos pais que tem crian\u00e7as com autismo suspeita que algo est\u00e1 errado\u00a0antes de a crian\u00e7a completar um ano e seis meses de idade a crian\u00e7a j\u00e1 apresenta [&hellip;]<\/p>\n","protected":false},"author":1,"featured_media":55062,"comment_status":"closed","ping_status":"open","sticky":false,"template":"","format":"standard","meta":{"footnotes":""},"categories":[175],"tags":[],"class_list":["post-55060","post","type-post","status-publish","format-standard","has-post-thumbnail","hentry","category-artigos"],"_links":{"self":[{"href":"https:\/\/jorgezanoni.com.br\/2019\/wp-json\/wp\/v2\/posts\/55060","targetHints":{"allow":["GET"]}}],"collection":[{"href":"https:\/\/jorgezanoni.com.br\/2019\/wp-json\/wp\/v2\/posts"}],"about":[{"href":"https:\/\/jorgezanoni.com.br\/2019\/wp-json\/wp\/v2\/types\/post"}],"author":[{"embeddable":true,"href":"https:\/\/jorgezanoni.com.br\/2019\/wp-json\/wp\/v2\/users\/1"}],"replies":[{"embeddable":true,"href":"https:\/\/jorgezanoni.com.br\/2019\/wp-json\/wp\/v2\/comments?post=55060"}],"version-history":[{"count":0,"href":"https:\/\/jorgezanoni.com.br\/2019\/wp-json\/wp\/v2\/posts\/55060\/revisions"}],"wp:featuredmedia":[{"embeddable":true,"href":"https:\/\/jorgezanoni.com.br\/2019\/wp-json\/wp\/v2\/media\/55062"}],"wp:attachment":[{"href":"https:\/\/jorgezanoni.com.br\/2019\/wp-json\/wp\/v2\/media?parent=55060"}],"wp:term":[{"taxonomy":"category","embeddable":true,"href":"https:\/\/jorgezanoni.com.br\/2019\/wp-json\/wp\/v2\/categories?post=55060"},{"taxonomy":"post_tag","embeddable":true,"href":"https:\/\/jorgezanoni.com.br\/2019\/wp-json\/wp\/v2\/tags?post=55060"}],"curies":[{"name":"wp","href":"https:\/\/api.w.org\/{rel}","templated":true}]}}