{"id":55055,"date":"2021-10-14T12:11:01","date_gmt":"2021-10-14T12:11:01","guid":{"rendered":"https:\/\/jorgezanoni.com.br\/2019\/?p=55055"},"modified":"2021-10-14T12:16:57","modified_gmt":"2021-10-14T12:16:57","slug":"desenhos-e-frases-produzidos-por-presas-da-penitenciaria-feminina-de-tupi-paulista-formam-o-calendario-da-vida-e-alertam-para-a-violencia-contra-a-mulher","status":"publish","type":"post","link":"https:\/\/jorgezanoni.com.br\/2019\/desenhos-e-frases-produzidos-por-presas-da-penitenciaria-feminina-de-tupi-paulista-formam-o-calendario-da-vida-e-alertam-para-a-violencia-contra-a-mulher\/","title":{"rendered":"Desenhos e frases produzidos por presas da Penitenci\u00e1ria Feminina de Tupi Paulista formam o &#8216;Calend\u00e1rio da Vida&#8217; e alertam para a viol\u00eancia contra a mulher"},"content":{"rendered":"<h2 class=\"content-head__subtitle\" style=\"text-align: justify;\"><strong>&#8216;\u00c9 uma ferramenta educativa e nessa perspectiva a ressocializa\u00e7\u00e3o \u00e9 um desafio poss\u00edvel em v\u00e1rios n\u00edveis, principalmente naquele que tira a reeducanda da invisibilidade social e a inclui como transformadora da pr\u00f3pria realidade&#8217;, explica a ju\u00edza Ruth Menegatti, idealizadora do projeto.<\/strong><\/h2>\n<div class=\"mc-column content-text active-extra-styles \" data-block-type=\"unstyled\" data-block-weight=\"74\" data-block-id=\"2\">\n<p class=\"content-text__container \" style=\"text-align: justify;\" data-track-category=\"Link no Texto\" data-track-links=\"\">Ela pode vir em forma de tapas, empurr\u00f5es, socos, chutes, queimaduras, estrangulamentos, insultos constantes, humilha\u00e7\u00e3o, desvaloriza\u00e7\u00e3o, por meio da for\u00e7a f\u00edsica, da intimida\u00e7\u00e3o e at\u00e9 da difama\u00e7\u00e3o. A viol\u00eancia contra a mulher n\u00e3o tem hora, n\u00e3o tem lugar e deixa marcas que o tempo n\u00e3o \u00e9 capaz de apagar. A viol\u00eancia contra a mulher n\u00e3o tem escalas. Ela existe e transforma a vida de todas as v\u00edtimas, estejam elas em liberdade ou n\u00e3o.<\/p>\n<\/div>\n<div class=\"wall protected-content\">\n<div class=\"mc-column content-text active-extra-styles \" style=\"text-align: justify;\" data-block-type=\"unstyled\" data-block-weight=\"83\" data-block-id=\"3\">\n<p class=\"content-text__container \" data-track-category=\"Link no Texto\" data-track-links=\"\">Instru\u00eddas de que o sil\u00eancio \u00e9 uma arma para o agressor, presas da Penitenci\u00e1ria Feminina de\u00a0<a href=\"https:\/\/g1.globo.com\/sp\/presidente-prudente-regiao\/cidade\/tupi-paulista\/\">Tupi Paulista (SP)<\/a>\u00a0participaram do 1\u00ba Concurso de Desenhos e Frases Mulher 2021, cujos trabalhos ganhadores foram impressos em um calend\u00e1rio da Justi\u00e7a de 2022. O concurso fez parte da 5\u00aa edi\u00e7\u00e3o da Campanha do Setembro Amarelo da Alta Paulista, com o tema central\u00a0<span class=\"highlight highlighted\">\u201cDireito a uma vida livre de viol\u00eancia\u201d<\/span>, realizado em parceria com o Poder Judici\u00e1rio, o Minist\u00e9rio P\u00fablico e a Universidade da Alma.<\/p>\n<\/div>\n<div class=\"row medium-uncollapsed content-media content-photo\" style=\"text-align: justify;\" data-block-type=\"backstage-photo\" data-block-id=\"4\">\n<div class=\"mc-column content-media__container\">\n<div class=\"content-media-container glb-skeleton-box\">\n<figure class=\"content-media-figure\"><img decoding=\"async\" class=\"i-amphtml-fill-content i-amphtml-replaced-content\" src=\"https:\/\/s2.glbimg.com\/jSInNmPya_PczA1bjxR-uoHzGhU=\/0x0:5152x3864\/984x0\/smart\/filters:strip_icc()\/i.s3.glbimg.com\/v1\/AUTH_59edd422c0c84a879bd37670ae4f538a\/internal_photos\/bs\/2021\/j\/9\/vjE2ICTZyOk2Z7JNBN4Q\/atividades-foram-voltadas-a-presas-da-ala-de-progressao-penitenciaria-regime-semiaberto-1-.jpg\" sizes=\"(max-width: 1366px) 648px, 100vw\" srcset=\"https:\/\/s2.glbimg.com\/M8iAkFCxcRatuFUmxZ9nvjGgGLA=\/0x0:5152x3864\/1000x0\/smart\/filters:strip_icc()\/i.s3.glbimg.com\/v1\/AUTH_59edd422c0c84a879bd37670ae4f538a\/internal_photos\/bs\/2021\/j\/9\/vjE2ICTZyOk2Z7JNBN4Q\/atividades-foram-voltadas-a-presas-da-ala-de-progressao-penitenciaria-regime-semiaberto-1-.jpg 1000w, https:\/\/s2.glbimg.com\/jSInNmPya_PczA1bjxR-uoHzGhU=\/0x0:5152x3864\/984x0\/smart\/filters:strip_icc()\/i.s3.glbimg.com\/v1\/AUTH_59edd422c0c84a879bd37670ae4f538a\/internal_photos\/bs\/2021\/j\/9\/vjE2ICTZyOk2Z7JNBN4Q\/atividades-foram-voltadas-a-presas-da-ala-de-progressao-penitenciaria-regime-semiaberto-1-.jpg 984w, https:\/\/s2.glbimg.com\/HlLDp8fgVj71jBNNGBd8hW7cq_I=\/0x0:5152x3864\/640x0\/smart\/filters:strip_icc()\/i.s3.glbimg.com\/v1\/AUTH_59edd422c0c84a879bd37670ae4f538a\/internal_photos\/bs\/2021\/j\/9\/vjE2ICTZyOk2Z7JNBN4Q\/atividades-foram-voltadas-a-presas-da-ala-de-progressao-penitenciaria-regime-semiaberto-1-.jpg 640w, https:\/\/s2.glbimg.com\/2--pNQzmoWs3Bbg721speEcZohQ=\/0x0:5152x3864\/600x0\/smart\/filters:strip_icc()\/i.s3.glbimg.com\/v1\/AUTH_59edd422c0c84a879bd37670ae4f538a\/internal_photos\/bs\/2021\/j\/9\/vjE2ICTZyOk2Z7JNBN4Q\/atividades-foram-voltadas-a-presas-da-ala-de-progressao-penitenciaria-regime-semiaberto-1-.jpg 600w\" alt=\"Presas produziram desenhos e frases sobre a viol\u00eancia que compuseram o &quot;Calend\u00e1rio da Vida&quot; \u2014 Foto: SAP\" \/><\/figure>\n<\/div>\n<p class=\"content-media__description \">Presas produziram desenhos e frases sobre a viol\u00eancia que compuseram o &#8220;Calend\u00e1rio da Vida&#8221; \u2014 Foto: SAP<\/p>\n<\/div>\n<\/div>\n<div class=\"content-ads content-ads--reveal\" style=\"text-align: justify;\" data-block-type=\"ads\" data-block-id=\"5\">\n<div id=\"banner_materia2\" class=\"tag-manager-publicidade-container mc-has-reveal mc-has-ad-lazyload tag-manager-publicidade-banner_materia2 tag-manager-publicidade-container--carregado tag-manager-publicidade-container--visivel\" data-id=\"banner_materia2\" data-req=\"true\" data-google-query-id=\"CMPZlrHsyfMCFUe8lQId0ukGAw\" data-cid=\"138366245553\" data-lid=\"5801187249\">\n<div id=\"google_ads_iframe_\/95377733\/tvg_G1\/Sua_Regiao&gt;Sudeste&gt;Sao_Paulo_(Pres_Prudente)_3__container__\" style=\"box-sizing: inherit; margin: auto; padding: 0px; border: 0pt none; font: inherit; vertical-align: initial; max-width: 100%; text-align: justify;\">Neste ano, a campanha optou em promover o movimento de combate \u00e0 viol\u00eancia contra a mulher, finalizando com a confec\u00e7\u00e3o do <span class=\"highlight highlighted\">\u201cCalend\u00e1rio da Vida\u201d<\/span>, composto por desenhos e frases de sentenciadas. O projeto foi idealizado pela ju\u00edza de Direito da 3\u00aa Vara Judicial da Comarca de\u00a0<a href=\"https:\/\/g1.globo.com\/sp\/presidente-prudente-regiao\/cidade\/adamantina\/\">Adamantina (SP)<\/a>, Ruth Duarte Menegatti, e contou com o aux\u00edlio da psicoeducadora Denise Alves Freire, da Universidade da Alma, e do promotor de Justi\u00e7a Marlon Roberth de Sales.<\/div>\n<\/div>\n<\/div>\n<div class=\"mc-column content-text active-extra-styles \" style=\"text-align: justify;\" data-block-type=\"unstyled\" data-block-weight=\"37\" data-block-id=\"7\">\n<p class=\"content-text__container \" style=\"text-align: justify;\" data-track-category=\"Link no Texto\" data-track-links=\"\">Seguindo as diretrizes das edi\u00e7\u00f5es anteriores, de que a \u201cPreven\u00e7\u00e3o do Suic\u00eddio \u00e9 a Promo\u00e7\u00e3o da Vida\u201d, desta vez, a inten\u00e7\u00e3o foi alcan\u00e7ar o universo feminino, considerando que as reeducandas, em sua maioria, j\u00e1 sofreram viol\u00eancia intrafamiliar.<\/p>\n<p class=\"content-text__container \" data-track-category=\"Link no Texto\" data-track-links=\"\"><span style=\"font-style: italic; text-align: center;\">\u201cObjetiva-se sensibilizar e conscientizar as participantes, levando-as a repensar sobre suas pr\u00f3prias emo\u00e7\u00f5es e sentimentos\u201d, destacou a ju\u00edza Ruth Duarte Menegatti.<\/span><\/p>\n<\/div>\n<div class=\"mc-column content-text active-extra-styles \" style=\"text-align: justify;\" data-block-type=\"unstyled\" data-block-weight=\"29\" data-block-id=\"9\">\n<p class=\"content-text__container \" data-track-category=\"Link no Texto\" data-track-links=\"\">Conforme o promotor de Justi\u00e7a Marlon Robert de Sales, as mulheres que est\u00e3o afastadas e marginalizadas, ou seja, que est\u00e3o \u00e0 margem do conv\u00edvio social, possuem menos direitos.<\/p>\n<\/div>\n<div class=\"mc-column content-text active-extra-styles \" style=\"text-align: justify;\" data-block-type=\"unstyled\" data-block-weight=\"37\" data-block-id=\"10\">\n<p class=\"content-text__container \" data-track-category=\"Link no Texto\" data-track-links=\"\">\u201cO projeto deu aten\u00e7\u00e3o a pessoas que n\u00e3o recebem a nossa aten\u00e7\u00e3o. Devolver a dignidade \u00e0s mulheres marginalizadas e que um dia retornar\u00e3o \u00e0 sociedade melhores do que quando foram segregadas, cientes dos direitos e deveres\u201d, disse.<\/p>\n<\/div>\n<div class=\"row medium-uncollapsed content-media content-photo\" style=\"text-align: justify;\" data-block-type=\"backstage-photo\" data-block-id=\"11\">\n<div class=\"mc-column content-media__container\">\n<div class=\"content-media-container glb-skeleton-box\">\n<figure class=\"content-media-figure\"><img decoding=\"async\" class=\"i-amphtml-fill-content i-amphtml-replaced-content\" src=\"https:\/\/s2.glbimg.com\/xJmQwGs9d4GbSrZMm5aS7uYLTA8=\/0x0:5152x3864\/984x0\/smart\/filters:strip_icc()\/i.s3.glbimg.com\/v1\/AUTH_59edd422c0c84a879bd37670ae4f538a\/internal_photos\/bs\/2021\/V\/S\/MwKlV4SZWjNNJaTycBmQ\/sentenciadas-produziram-desenhos-e-frases-que-representam-a-violencia-domestica-1-.jpg\" sizes=\"(max-width: 1366px) 648px, 100vw\" srcset=\"https:\/\/s2.glbimg.com\/m-sG0TyVaKD61UxKDOOveHWqO_k=\/0x0:5152x3864\/1000x0\/smart\/filters:strip_icc()\/i.s3.glbimg.com\/v1\/AUTH_59edd422c0c84a879bd37670ae4f538a\/internal_photos\/bs\/2021\/V\/S\/MwKlV4SZWjNNJaTycBmQ\/sentenciadas-produziram-desenhos-e-frases-que-representam-a-violencia-domestica-1-.jpg 1000w, https:\/\/s2.glbimg.com\/xJmQwGs9d4GbSrZMm5aS7uYLTA8=\/0x0:5152x3864\/984x0\/smart\/filters:strip_icc()\/i.s3.glbimg.com\/v1\/AUTH_59edd422c0c84a879bd37670ae4f538a\/internal_photos\/bs\/2021\/V\/S\/MwKlV4SZWjNNJaTycBmQ\/sentenciadas-produziram-desenhos-e-frases-que-representam-a-violencia-domestica-1-.jpg 984w, https:\/\/s2.glbimg.com\/oPcnCyGKHnt16gy5mZTEn-hFy_M=\/0x0:5152x3864\/640x0\/smart\/filters:strip_icc()\/i.s3.glbimg.com\/v1\/AUTH_59edd422c0c84a879bd37670ae4f538a\/internal_photos\/bs\/2021\/V\/S\/MwKlV4SZWjNNJaTycBmQ\/sentenciadas-produziram-desenhos-e-frases-que-representam-a-violencia-domestica-1-.jpg 640w, https:\/\/s2.glbimg.com\/P27ighcxRcTVdzIzgUFYPJ3qkBQ=\/0x0:5152x3864\/600x0\/smart\/filters:strip_icc()\/i.s3.glbimg.com\/v1\/AUTH_59edd422c0c84a879bd37670ae4f538a\/internal_photos\/bs\/2021\/V\/S\/MwKlV4SZWjNNJaTycBmQ\/sentenciadas-produziram-desenhos-e-frases-que-representam-a-violencia-domestica-1-.jpg 600w\" alt=\"Presas produziram desenhos e frases sobre a viol\u00eancia que compuseram o &quot;Calend\u00e1rio da Vida&quot; \u2014 Foto: SAP\" \/><\/figure>\n<\/div>\n<p class=\"content-media__description \">Presas produziram desenhos e frases sobre a viol\u00eancia que compuseram o &#8220;Calend\u00e1rio da Vida&#8221; \u2014 Foto: SAP<\/p>\n<\/div>\n<\/div>\n<div class=\"mc-column content-text active-extra-styles\" style=\"text-align: justify;\" data-block-type=\"raw\" data-block-weight=\"3\" data-block-id=\"12\">\n<div class=\"content-intertitle\">\n<h2>&#8216;Calend\u00e1rio da Vida&#8217;<\/h2>\n<\/div>\n<p>Dentre 26 desenhos e 35 frases, foram premiados 12 trabalhos em cada categoria, avaliados em tem\u00e1tica, mensagem, criatividade e originalidade. A Secretaria Municipal de Cultura e Turismo de Adamantina realizou a exposi\u00e7\u00e3o e o lan\u00e7amento do Calend\u00e1rio da Vida. As certifica\u00e7\u00f5es e premia\u00e7\u00f5es ocorreram na unidade prisional.<\/p>\n<\/div>\n<div class=\"row medium-uncollapsed content-media content-photo\" style=\"text-align: justify;\" data-block-type=\"backstage-photo\" data-block-id=\"15\">\n<div class=\"mc-column content-media__container\">\n<div class=\"content-media-container glb-skeleton-box\">\n<figure class=\"content-media-figure\"><img decoding=\"async\" class=\"i-amphtml-fill-content i-amphtml-replaced-content\" src=\"https:\/\/s2.glbimg.com\/HPRGqehcQ6tBndVNC_FtJSKdd-8=\/0x0:4624x2136\/984x0\/smart\/filters:strip_icc()\/i.s3.glbimg.com\/v1\/AUTH_59edd422c0c84a879bd37670ae4f538a\/internal_photos\/bs\/2021\/w\/p\/tzI3kBRlWt0cJ9Zodpsw\/juiza-ruth-apresentou-o-projeto-no-forum-de-adamantina-1-.jpg\" sizes=\"(max-width: 1366px) 648px, 100vw\" srcset=\"https:\/\/s2.glbimg.com\/BDYRRzlpNKtaQjbs6ZeTkr7AXzA=\/0x0:4624x2136\/1000x0\/smart\/filters:strip_icc()\/i.s3.glbimg.com\/v1\/AUTH_59edd422c0c84a879bd37670ae4f538a\/internal_photos\/bs\/2021\/w\/p\/tzI3kBRlWt0cJ9Zodpsw\/juiza-ruth-apresentou-o-projeto-no-forum-de-adamantina-1-.jpg 1000w, https:\/\/s2.glbimg.com\/HPRGqehcQ6tBndVNC_FtJSKdd-8=\/0x0:4624x2136\/984x0\/smart\/filters:strip_icc()\/i.s3.glbimg.com\/v1\/AUTH_59edd422c0c84a879bd37670ae4f538a\/internal_photos\/bs\/2021\/w\/p\/tzI3kBRlWt0cJ9Zodpsw\/juiza-ruth-apresentou-o-projeto-no-forum-de-adamantina-1-.jpg 984w, https:\/\/s2.glbimg.com\/bMIh1kC9bBpy89e8o1pIJjtz-yA=\/0x0:4624x2136\/640x0\/smart\/filters:strip_icc()\/i.s3.glbimg.com\/v1\/AUTH_59edd422c0c84a879bd37670ae4f538a\/internal_photos\/bs\/2021\/w\/p\/tzI3kBRlWt0cJ9Zodpsw\/juiza-ruth-apresentou-o-projeto-no-forum-de-adamantina-1-.jpg 640w, https:\/\/s2.glbimg.com\/IqUYjaxTjrEIlOg7Ioa9nFj8i4Q=\/0x0:4624x2136\/600x0\/smart\/filters:strip_icc()\/i.s3.glbimg.com\/v1\/AUTH_59edd422c0c84a879bd37670ae4f538a\/internal_photos\/bs\/2021\/w\/p\/tzI3kBRlWt0cJ9Zodpsw\/juiza-ruth-apresentou-o-projeto-no-forum-de-adamantina-1-.jpg 600w\" alt=\"Ju\u00edza Ruth Duarte Menegatti apresentou o projeto no F\u00f3rum de Adamantina (SP) \u2014 Foto: SAP\" \/><\/figure>\n<\/div>\n<p class=\"content-media__description \">Ju\u00edza Ruth Duarte Menegatti apresentou o projeto no F\u00f3rum de Adamantina (SP) \u2014 Foto: SAP<\/p>\n<\/div>\n<\/div>\n<div class=\"mc-column content-text active-extra-styles \" style=\"text-align: justify;\" data-block-type=\"unstyled\" data-block-weight=\"20\" data-block-id=\"16\">\n<p class=\"content-text__container \" data-track-category=\"Link no Texto\" data-track-links=\"\">Ao\u00a0<a href=\"https:\/\/g1.globo.com\/sp\/presidente-prudente-regiao\/\"><strong>g1<\/strong><\/a>, Ruth explicou que trabalhou com as presas os cinco tipos de viol\u00eancia: moral, patrimonial, psicol\u00f3gica, sexual e f\u00edsica.<\/p>\n<p class=\"content-text__container \" data-track-category=\"Link no Texto\" data-track-links=\"\"><span style=\"font-style: italic; text-align: center;\">&#8220;Entendemos que a rotina de viol\u00eancia contra a mulher se repete em diferentes esferas e a viol\u00eancia sofrida por essas mulheres est\u00e1 inserida na Lei Maria da Penha. O Calend\u00e1rio da Vida \u00e9 uma ferramenta educativa e nessa perspectiva a ressocializa\u00e7\u00e3o \u00e9 um desafio poss\u00edvel em v\u00e1rios n\u00edveis, principalmente naquele que tira a reeducanda da invisibilidade social e a inclui como transformadora da pr\u00f3pria realidade. Pela Lei de Execu\u00e7\u00e3o Penal, a assist\u00eancia educacional vem enumerada e assim o projeto se pautou em oferecer \u00e0s reeducandas oportunidade para o melhor aproveitamento do tempo em que permanecem recolhidas. Assim, em prepar\u00e1-las para o momento da sa\u00edda do sistema prisional&#8221;, falou a magistrada ao\u00a0<\/span><a style=\"font-style: italic; text-align: center;\" href=\"https:\/\/g1.globo.com\/sp\/presidente-prudente-regiao\/\"><strong>g1<\/strong><\/a><span style=\"font-style: italic; text-align: center;\">.<\/span><\/p>\n<\/div>\n<div class=\"mc-column content-text active-extra-styles \" style=\"text-align: justify;\" data-block-type=\"unstyled\" data-block-weight=\"33\" data-block-id=\"18\">\n<p class=\"content-text__container \" data-track-category=\"Link no Texto\" data-track-links=\"\">A ju\u00edza ainda disse que acredita que a abordagem utilizada possibilita a compreens\u00e3o de v\u00e1rias formas de viol\u00eancia vivida pelas reeducandas e de que nesse enquadramento \u00e9 poss\u00edvel a elabora\u00e7\u00e3o de traumas vividos.<\/p>\n<\/div>\n<div class=\"content-ads content-ads--reveal\" style=\"text-align: justify;\" data-block-type=\"ads\" data-block-id=\"19\">\n<div id=\"banner_materia__5413b60b-fde9-4d1e-b61c-f50cd5caa4d4\" class=\"tag-manager-publicidade-container mc-has-reveal mc-has-ad-lazyload tag-manager-publicidade-banner_materia__5413b60b-fde9-4d1e-b61c-f50cd5caa4d4 tag-manager-publicidade-container--carregado tag-manager-publicidade-container--visivel\" data-id=\"banner_materia__5413b60b-fde9-4d1e-b61c-f50cd5caa4d4\" data-req=\"true\" data-google-query-id=\"CO-J1cjsyfMCFZqwlQIdvsYFEw\" data-cid=\"138367889770\" data-lid=\"5708682373\">\n<div id=\"google_ads_iframe_\/95377733\/tvg_G1\/Sua_Regiao&gt;Sudeste&gt;Sao_Paulo_(Pres_Prudente)_5__container__\" style=\"box-sizing: inherit; margin: auto; padding: 0px; border: 0pt none; font: inherit; vertical-align: initial; max-width: 100%; width: 970px; height: 150px; text-align: justify;\"><span style=\"font-style: italic;\">&#8220;A situa\u00e7\u00e3o de priva\u00e7\u00e3o de liberdade normalmente provoca preconceitos e a constru\u00e7\u00e3o de estere\u00f3tipos. E apenas essa condi\u00e7\u00e3o de priva\u00e7\u00e3o de liberdade que as diferenciam de outras mulheres v\u00edtimas de viol\u00eancia. Em ambos os casos, a mulher sofre agress\u00f5es diversas. A educa\u00e7\u00e3o tem o objetivo do desenvolvimento integral da pessoa humana e o resultado do trabalho desenvolvido na Penitenci\u00e1ria Feminina de Tupi Paulista, traduzido no Calend\u00e1rio da Vida, tem potencial de reflex\u00e3o, discuss\u00e3o e transforma\u00e7\u00e3o em diferentes ambientes. Portanto, a divulga\u00e7\u00e3o desse projeto impactar\u00e1 profundamente as pessoas, tanto no aspecto intrapessoal, quanto no aspecto interpessoal&#8221;, acrescentou Ruth ao <\/span><a style=\"font-style: italic;\" href=\"https:\/\/g1.globo.com\/sp\/presidente-prudente-regiao\/\"><strong>g1<\/strong><\/a><span style=\"font-style: italic;\">.<\/span><\/div>\n<\/div>\n<\/div>\n<div class=\"mc-column content-text active-extra-styles\" style=\"text-align: justify;\" data-block-type=\"raw\" data-block-weight=\"99\" data-block-id=\"20\">\n<p>&nbsp;<\/p>\n<\/div>\n<div class=\"row medium-uncollapsed content-media content-photo\" style=\"text-align: justify;\" data-block-type=\"backstage-photo\" data-block-id=\"21\">\n<div class=\"mc-column content-media__container\">\n<div class=\"content-media-container glb-skeleton-box\">\n<figure style=\"text-align: justify;\"><\/figure>\n<figure><\/figure>\n<figure class=\"content-media-figure\"><img decoding=\"async\" class=\"i-amphtml-fill-content i-amphtml-replaced-content\" src=\"https:\/\/s2.glbimg.com\/42NvBb97hsFvblZNqhRECNm5-wU=\/0x0:1445x1068\/984x0\/smart\/filters:strip_icc()\/i.s3.glbimg.com\/v1\/AUTH_59edd422c0c84a879bd37670ae4f538a\/internal_photos\/bs\/2021\/Y\/r\/CKUlYOR2KfkWGMMm7SEg\/whatsapp-image-2021-10-11-at-11.45.02.jpeg\" sizes=\"(max-width: 1366px) 648px, 100vw\" srcset=\"https:\/\/s2.glbimg.com\/SIop12_oDjz5WDkAE0jSIEZzOeE=\/0x0:1445x1068\/1000x0\/smart\/filters:strip_icc()\/i.s3.glbimg.com\/v1\/AUTH_59edd422c0c84a879bd37670ae4f538a\/internal_photos\/bs\/2021\/Y\/r\/CKUlYOR2KfkWGMMm7SEg\/whatsapp-image-2021-10-11-at-11.45.02.jpeg 1000w, https:\/\/s2.glbimg.com\/42NvBb97hsFvblZNqhRECNm5-wU=\/0x0:1445x1068\/984x0\/smart\/filters:strip_icc()\/i.s3.glbimg.com\/v1\/AUTH_59edd422c0c84a879bd37670ae4f538a\/internal_photos\/bs\/2021\/Y\/r\/CKUlYOR2KfkWGMMm7SEg\/whatsapp-image-2021-10-11-at-11.45.02.jpeg 984w, https:\/\/s2.glbimg.com\/atHC594_Ppq-qjiVHnlO51k8774=\/0x0:1445x1068\/640x0\/smart\/filters:strip_icc()\/i.s3.glbimg.com\/v1\/AUTH_59edd422c0c84a879bd37670ae4f538a\/internal_photos\/bs\/2021\/Y\/r\/CKUlYOR2KfkWGMMm7SEg\/whatsapp-image-2021-10-11-at-11.45.02.jpeg 640w, https:\/\/s2.glbimg.com\/gv1Hu4E3w6yrxiLJPG6sio5Rwb0=\/0x0:1445x1068\/600x0\/smart\/filters:strip_icc()\/i.s3.glbimg.com\/v1\/AUTH_59edd422c0c84a879bd37670ae4f538a\/internal_photos\/bs\/2021\/Y\/r\/CKUlYOR2KfkWGMMm7SEg\/whatsapp-image-2021-10-11-at-11.45.02.jpeg 600w\" alt=\"&quot;Calend\u00e1rio da Vida&quot; \u00e9 produzido por presas da Penitenci\u00e1ria Feminina de Tupi Paulista (SP) \u2014 Foto: SAP\" \/><\/figure>\n<\/div>\n<p class=\"content-media__description \">&#8220;Calend\u00e1rio da Vida&#8221; \u00e9 produzido por presas da Penitenci\u00e1ria Feminina de Tupi Paulista (SP) \u2014 Foto: SAP<\/p>\n<\/div>\n<\/div>\n<div class=\"mc-column content-text active-extra-styles \" style=\"text-align: justify;\" data-block-type=\"unstyled\" data-block-weight=\"14\" data-block-id=\"22\">\n<p class=\"content-text__container \" data-track-category=\"Link no Texto\" data-track-links=\"\">O &#8220;Calend\u00e1rio da Vida&#8221;, para Ruth, poder\u00e1 contribuir para a conscientiza\u00e7\u00e3o da sociedade.<\/p>\n<\/div>\n<div class=\"mc-column content-text active-extra-styles \" style=\"text-align: justify;\" data-block-type=\"unstyled\" data-block-weight=\"49\" data-block-id=\"23\">\n<p class=\"content-text__container \" data-track-category=\"Link no Texto\" data-track-links=\"\">&#8220;A preocupa\u00e7\u00e3o deve ser de toda sociedade no sentido de que ap\u00f3s o cumprimento da pena as reeducandas retornem preparadas para o conv\u00edvio social . Por isso, o projeto traz possibilidades da mudan\u00e7a de comportamento daquele ser humano que se encontra vulner\u00e1vel quando fica privado de sua liberdade&#8221;, pontuou.<\/p>\n<\/div>\n<div class=\"mc-column content-text active-extra-styles \" data-block-type=\"unstyled\" data-block-weight=\"42\" data-block-id=\"24\">\n<p class=\"content-text__container \" style=\"text-align: justify;\" data-track-category=\"Link no Texto\" data-track-links=\"\">Foram impressas 200 c\u00f3pias do calend\u00e1rio do ano de 2022 que ser\u00e3o distribu\u00eddas para unidades do Tribunal de Justi\u00e7a, do Minist\u00e9rio P\u00fablico e da Secretaria da Administra\u00e7\u00e3o Penitenci\u00e1ria do Estado de S\u00e3o Paulo e ainda das prefeituras de Adamantina e Tupi Paulista.<\/p>\n<div class=\"mc-column content-text active-extra-styles\" data-block-type=\"raw\" data-block-weight=\"2\" data-block-id=\"26\">\n<div class=\"content-intertitle\">\n<h2>&#8216;Diferentes contextos&#8217;<\/h2>\n<\/div>\n<\/div>\n<div class=\"mc-column content-text active-extra-styles \" data-block-type=\"unstyled\" data-block-weight=\"39\" data-block-id=\"27\">\n<p class=\"content-text__container \" style=\"text-align: justify;\" data-track-category=\"Link no Texto\" data-track-links=\"\"><span class=\"highlight highlighted\">&#8220;O Calend\u00e1rio da Vida \u00e9 uma ferramenta com possibilidade de adequa\u00e7\u00e3o em diferentes contextos<\/span>, de f\u00e1cil aplica\u00e7\u00e3o e com um largo espa\u00e7o de explora\u00e7\u00e3o das dimens\u00f5es de emo\u00e7\u00f5es e sentimentos&#8221;, definiu a psicoeducadora Denise Alves Freire, sobre o projeto.<\/p>\n<\/div>\n<div class=\"row medium-uncollapsed content-media content-photo\" data-block-type=\"backstage-photo\" data-block-id=\"28\">\n<div class=\"mc-column content-media__container\">\n<div class=\"content-media-container glb-skeleton-box\">\n<figure class=\"content-media-figure\"><img decoding=\"async\" class=\"i-amphtml-fill-content i-amphtml-replaced-content\" src=\"https:\/\/s2.glbimg.com\/RJShhyajih0enjEyjZIYIkCLDX4=\/0x0:1280x925\/984x0\/smart\/filters:strip_icc()\/i.s3.glbimg.com\/v1\/AUTH_59edd422c0c84a879bd37670ae4f538a\/internal_photos\/bs\/2021\/v\/f\/BBvQHjQpKg1qAjYPTgGQ\/calendario-pronto-2-.jpg\" sizes=\"(max-width: 1366px) 648px, 100vw\" srcset=\"https:\/\/s2.glbimg.com\/2bGU3ZKx2l_PmIo5Da4dq2r1NDk=\/0x0:1280x925\/1000x0\/smart\/filters:strip_icc()\/i.s3.glbimg.com\/v1\/AUTH_59edd422c0c84a879bd37670ae4f538a\/internal_photos\/bs\/2021\/v\/f\/BBvQHjQpKg1qAjYPTgGQ\/calendario-pronto-2-.jpg 1000w, https:\/\/s2.glbimg.com\/RJShhyajih0enjEyjZIYIkCLDX4=\/0x0:1280x925\/984x0\/smart\/filters:strip_icc()\/i.s3.glbimg.com\/v1\/AUTH_59edd422c0c84a879bd37670ae4f538a\/internal_photos\/bs\/2021\/v\/f\/BBvQHjQpKg1qAjYPTgGQ\/calendario-pronto-2-.jpg 984w, https:\/\/s2.glbimg.com\/0JyK_LkBV-y5YT1bGi1qkSf1Ekc=\/0x0:1280x925\/640x0\/smart\/filters:strip_icc()\/i.s3.glbimg.com\/v1\/AUTH_59edd422c0c84a879bd37670ae4f538a\/internal_photos\/bs\/2021\/v\/f\/BBvQHjQpKg1qAjYPTgGQ\/calendario-pronto-2-.jpg 640w, https:\/\/s2.glbimg.com\/MjyywEt2R2k9EgTMVP7CHBOB3KE=\/0x0:1280x925\/600x0\/smart\/filters:strip_icc()\/i.s3.glbimg.com\/v1\/AUTH_59edd422c0c84a879bd37670ae4f538a\/internal_photos\/bs\/2021\/v\/f\/BBvQHjQpKg1qAjYPTgGQ\/calendario-pronto-2-.jpg 600w\" alt=\"&quot;Calend\u00e1rio da Vida&quot; \u00e9 produzido por presas da Penitenci\u00e1ria Feminina de Tupi Paulista (SP) \u2014 Foto: SAP\" \/><\/figure>\n<\/div>\n<p class=\"content-media__description \" style=\"text-align: justify;\">&#8220;Calend\u00e1rio da Vida&#8221; \u00e9 produzido por presas da Penitenci\u00e1ria Feminina de Tupi Paulista (SP) \u2014 Foto: SAP<\/p>\n<\/div>\n<\/div>\n<div class=\"mc-column content-text active-extra-styles \" data-block-type=\"unstyled\" data-block-weight=\"21\" data-block-id=\"29\">\n<p class=\"content-text__container \" style=\"text-align: justify;\" data-track-category=\"Link no Texto\" data-track-links=\"\">A especialista explicou ao\u00a0<a href=\"https:\/\/g1.globo.com\/sp\/presidente-prudente-regiao\/\"><strong>g1<\/strong><\/a> que \u00e9 um trabalho que pode acontecer de forma permanente com caracter\u00edsticas de mobilidades de temas.<\/p>\n<p class=\"content-text__container \" style=\"text-align: justify;\" data-track-category=\"Link no Texto\" data-track-links=\"\"><span style=\"font-style: italic; text-align: center;\">&#8220;Nesse cen\u00e1rio, com mulheres em processo de reconstru\u00e7\u00e3o de atitudes, creio que o Calend\u00e1rio da Vida \u00e9 de suma import\u00e2ncia para impulsionar a autoeduca\u00e7\u00e3o. Trabalhamos com elas os 5 tipos de viol\u00eancia: moral, patrimonial, psicol\u00f3gica, sexual e f\u00edsica. Entendemos que o cen\u00e1rio \u00e9 diferente em cada hist\u00f3ria, contudo, as formas de viol\u00eancia se repetem&#8221;, ressaltou a psicoeducadora.<\/span><\/p>\n<\/div>\n<div class=\"mc-column content-text active-extra-styles\" data-block-type=\"raw\" data-block-weight=\"57\" data-block-id=\"30\">\n<p style=\"text-align: justify;\">Denise ainda afirmou que o &#8220;Calend\u00e1rio da Vida&#8221; apresenta um material de reflex\u00e3o para a sociedade compreender pontos essenciais dentro dessa quest\u00e3o da viol\u00eancia contra a mulher.<\/p>\n<\/div>\n<div class=\"row medium-uncollapsed content-media content-photo\" data-block-type=\"backstage-photo\" data-block-id=\"32\">\n<div class=\"mc-column content-media__container\">\n<div class=\"content-media-container glb-skeleton-box\">\n<figure class=\"content-media-figure\"><img decoding=\"async\" class=\"i-amphtml-fill-content i-amphtml-replaced-content\" src=\"https:\/\/s2.glbimg.com\/38rjJVL8myyMZdIxhvEXXGNbqKE=\/0x0:1280x909\/984x0\/smart\/filters:strip_icc()\/i.s3.glbimg.com\/v1\/AUTH_59edd422c0c84a879bd37670ae4f538a\/internal_photos\/bs\/2021\/X\/N\/BAaPFoRGCodtm9YBT7rQ\/calendario-pronto-3-.jpg\" sizes=\"(max-width: 1366px) 648px, 100vw\" srcset=\"https:\/\/s2.glbimg.com\/ZgDkfwZBzh4OLguAz-PCVSlwBCk=\/0x0:1280x909\/1000x0\/smart\/filters:strip_icc()\/i.s3.glbimg.com\/v1\/AUTH_59edd422c0c84a879bd37670ae4f538a\/internal_photos\/bs\/2021\/X\/N\/BAaPFoRGCodtm9YBT7rQ\/calendario-pronto-3-.jpg 1000w, https:\/\/s2.glbimg.com\/38rjJVL8myyMZdIxhvEXXGNbqKE=\/0x0:1280x909\/984x0\/smart\/filters:strip_icc()\/i.s3.glbimg.com\/v1\/AUTH_59edd422c0c84a879bd37670ae4f538a\/internal_photos\/bs\/2021\/X\/N\/BAaPFoRGCodtm9YBT7rQ\/calendario-pronto-3-.jpg 984w, https:\/\/s2.glbimg.com\/9QwoYRO_tY9eoECWHrBcGaNGW7Q=\/0x0:1280x909\/640x0\/smart\/filters:strip_icc()\/i.s3.glbimg.com\/v1\/AUTH_59edd422c0c84a879bd37670ae4f538a\/internal_photos\/bs\/2021\/X\/N\/BAaPFoRGCodtm9YBT7rQ\/calendario-pronto-3-.jpg 640w, https:\/\/s2.glbimg.com\/332DrQynpk34yNtWqJKoEZvtg7U=\/0x0:1280x909\/600x0\/smart\/filters:strip_icc()\/i.s3.glbimg.com\/v1\/AUTH_59edd422c0c84a879bd37670ae4f538a\/internal_photos\/bs\/2021\/X\/N\/BAaPFoRGCodtm9YBT7rQ\/calendario-pronto-3-.jpg 600w\" alt=\"&quot;Calend\u00e1rio da Vida&quot; \u00e9 produzido por presas da Penitenci\u00e1ria Feminina de Tupi Paulista (SP) \u2014 Foto: SAP\" \/><\/figure>\n<\/div>\n<p class=\"content-media__description \" style=\"text-align: justify;\">&#8220;Calend\u00e1rio da Vida&#8221; \u00e9 produzido por presas da Penitenci\u00e1ria Feminina de Tupi Paulista (SP) \u2014 Foto: SAP<\/p>\n<\/div>\n<\/div>\n<div class=\"content-ads content-ads--reveal\" style=\"text-align: justify;\" data-block-type=\"ads\" data-block-id=\"33\">\n<div id=\"banner_materia__5a7878b8-53eb-4685-8b21-eb5336eae0ad\" class=\"tag-manager-publicidade-container mc-has-reveal mc-has-ad-lazyload tag-manager-publicidade-banner_materia__5a7878b8-53eb-4685-8b21-eb5336eae0ad tag-manager-publicidade-container--carregado tag-manager-publicidade-container--visivel\" data-id=\"banner_materia__5a7878b8-53eb-4685-8b21-eb5336eae0ad\" data-req=\"true\" data-google-query-id=\"CIGTgbftyfMCFVS8lQIdmp0PCQ\" data-cid=\"138367455047\" data-lid=\"5810483682\">\n<div id=\"google_ads_iframe_\/95377733\/tvg_G1\/Sua_Regiao&gt;Sudeste&gt;Sao_Paulo_(Pres_Prudente)_7__container__\" style=\"box-sizing: inherit; margin: auto; padding: 0px; border: 0pt none; font: inherit; vertical-align: initial; max-width: 100%; width: 970px; height: 90px; text-align: justify;\">&#8220;Pode ser utilizado como material did\u00e1tico em escolas e projetos sociais. Cada desenho e cada frase nos trazem uma leitura da hist\u00f3ria de cada participante. A metodologia e os materiais utilizados no processo de sensibiliza\u00e7\u00e3o, desenvolvimento e cristaliza\u00e7\u00e3o de novos conceitos descortinam um universo de entendimento desses traumas e possibilitam o reposicionamento respons\u00e1vel perante as escolhas&#8221;, concluiu ao <a href=\"https:\/\/g1.globo.com\/sp\/presidente-prudente-regiao\/\"><strong>g1<\/strong><\/a>.<\/div>\n<\/div>\n<\/div>\n<div class=\"mc-column content-text active-extra-styles\" data-block-type=\"raw\" data-block-weight=\"3\" data-block-id=\"35\">\n<div class=\"content-intertitle\">\n<h2 style=\"text-align: justify;\">&#8216;\u00c9 preciso falar&#8217;<\/h2>\n<\/div>\n<\/div>\n<div class=\"mc-column content-text active-extra-styles \" style=\"text-align: justify;\" data-block-type=\"unstyled\" data-block-weight=\"39\" data-block-id=\"36\">\n<p class=\"content-text__container \" data-track-category=\"Link no Texto\" data-track-links=\"\"><span class=\"highlight highlighted\">&#8220;\u00c9 preciso falar sobre viol\u00eancia contra mulheres e para as mulheres&#8221;<\/span>, disse ao\u00a0<a href=\"https:\/\/g1.globo.com\/sp\/presidente-prudente-regiao\/\"><strong>g1<\/strong><\/a>\u00a0a diretora t\u00e9cnica da Penitenci\u00e1ria Feminina de Tupi Paulista, Adriana Alkmin Pereira Domingues. As reeducandas que participaram do projeto fazem parte da referida unidade prisional.<\/p>\n<\/div>\n<div class=\"mc-column content-text active-extra-styles \" style=\"text-align: justify;\" data-block-type=\"unstyled\" data-block-weight=\"58\" data-block-id=\"37\">\n<p class=\"content-text__container \" data-track-category=\"Link no Texto\" data-track-links=\"\">&#8220;A puni\u00e7\u00e3o, criminaliza\u00e7\u00e3o da viol\u00eancia s\u00e3o medidas eficazes, mas, se n\u00e3o houver educa\u00e7\u00e3o, preven\u00e7\u00e3o, acolhimento das v\u00edtimas e agressor, as a\u00e7\u00f5es poder\u00e3o ser tardias. O desenvolvimento destas a\u00e7\u00f5es produz na pessoa presa reflex\u00f5es durante o cumprimento de pena, buscando a minimiza\u00e7\u00e3o &#8216;na vida egressa&#8217; de poss\u00edveis fatores que produzem exclus\u00e3o, segrega\u00e7\u00e3o social e reincid\u00eancia criminal&#8221;, enfatizou a diretora.<\/p>\n<\/div>\n<div class=\"row medium-uncollapsed content-media content-photo\" data-block-type=\"backstage-photo\" data-block-id=\"38\">\n<div class=\"mc-column content-media__container\">\n<div class=\"content-media-container glb-skeleton-box\">\n<figure class=\"content-media-figure\" style=\"text-align: justify;\"><img decoding=\"async\" class=\"i-amphtml-fill-content i-amphtml-replaced-content\" src=\"https:\/\/s2.glbimg.com\/e98zYggQWf1YfpahzlRQTVUgDtw=\/0x0:1280x591\/984x0\/smart\/filters:strip_icc()\/i.s3.glbimg.com\/v1\/AUTH_59edd422c0c84a879bd37670ae4f538a\/internal_photos\/bs\/2021\/N\/1\/0XSYAOT9uF4CUY1kUxrQ\/whatsapp-image-2021-10-11-at-11.41.51.jpeg\" sizes=\"(max-width: 1366px) 648px, 100vw\" srcset=\"https:\/\/s2.glbimg.com\/bLEb7N6VbIJBkhhzMS2yy38oGGI=\/0x0:1280x591\/1000x0\/smart\/filters:strip_icc()\/i.s3.glbimg.com\/v1\/AUTH_59edd422c0c84a879bd37670ae4f538a\/internal_photos\/bs\/2021\/N\/1\/0XSYAOT9uF4CUY1kUxrQ\/whatsapp-image-2021-10-11-at-11.41.51.jpeg 1000w, https:\/\/s2.glbimg.com\/e98zYggQWf1YfpahzlRQTVUgDtw=\/0x0:1280x591\/984x0\/smart\/filters:strip_icc()\/i.s3.glbimg.com\/v1\/AUTH_59edd422c0c84a879bd37670ae4f538a\/internal_photos\/bs\/2021\/N\/1\/0XSYAOT9uF4CUY1kUxrQ\/whatsapp-image-2021-10-11-at-11.41.51.jpeg 984w, https:\/\/s2.glbimg.com\/fffjjPI6I8v0xiC4BXItJl2M_uE=\/0x0:1280x591\/640x0\/smart\/filters:strip_icc()\/i.s3.glbimg.com\/v1\/AUTH_59edd422c0c84a879bd37670ae4f538a\/internal_photos\/bs\/2021\/N\/1\/0XSYAOT9uF4CUY1kUxrQ\/whatsapp-image-2021-10-11-at-11.41.51.jpeg 640w, https:\/\/s2.glbimg.com\/ieBC0bEFvsnAG7dxoH6F51RM3f8=\/0x0:1280x591\/600x0\/smart\/filters:strip_icc()\/i.s3.glbimg.com\/v1\/AUTH_59edd422c0c84a879bd37670ae4f538a\/internal_photos\/bs\/2021\/N\/1\/0XSYAOT9uF4CUY1kUxrQ\/whatsapp-image-2021-10-11-at-11.41.51.jpeg 600w\" alt=\"&quot;Calend\u00e1rio da Vida&quot; \u00e9 produzido por presas da Penitenci\u00e1ria Feminina de Tupi Paulista (SP) \u2014 Foto: SAP\" \/><\/figure>\n<\/div>\n<p class=\"content-media__description \" style=\"text-align: justify;\">&#8220;Calend\u00e1rio da Vida&#8221; \u00e9 produzido por presas da Penitenci\u00e1ria Feminina de Tupi Paulista (SP) \u2014 Foto: SAP<\/p>\n<\/div>\n<\/div>\n<div class=\"mc-column content-text active-extra-styles \" data-block-type=\"unstyled\" data-block-weight=\"34\" data-block-id=\"39\">\n<p class=\"content-text__container \" style=\"text-align: justify;\" data-track-category=\"Link no Texto\" data-track-links=\"\">O trabalho junto \u00e0s presas da ala de regime semiaberto teve dura\u00e7\u00e3o de tr\u00eas meses. Conforme explicou Adriana ao\u00a0<a href=\"https:\/\/g1.globo.com\/sp\/presidente-prudente-regiao\/\"><strong>g1<\/strong><\/a>, elas receberam palestras informativas acerca do ciclo da viol\u00eancia e suas formas de enfrentamento.<\/p>\n<p class=\"content-text__container \" style=\"text-align: justify;\" data-track-category=\"Link no Texto\" data-track-links=\"\"><span style=\"font-style: italic; text-align: center;\">&#8220;Isso transformou cada reeducanda em multiplicadora com instrumentaliza\u00e7\u00e3o e conhecimento para ser repassado aos seus familiares atrav\u00e9s de visita\u00e7\u00f5es e correspond\u00eancias. Falar sobre viol\u00eancia dom\u00e9stica num ambiente de execu\u00e7\u00e3o, cumprimento de pena, a princ\u00edpio, se torna incoerente, mas foi atrav\u00e9s deste tema que as reeducandas se enxergaram como v\u00edtimas e at\u00e9 agressoras, por que n\u00e3o? Muitas reeducandas n\u00e3o sabiam que os epis\u00f3dios vividos em suas vidas eram viol\u00eancia f\u00edsica, psicol\u00f3gica, moral e at\u00e9 patrimonial. Mas, o principal, entenderam seu real valor enquanto mulher&#8221;, disse ao\u00a0<\/span><a style=\"font-style: italic; text-align: center;\" href=\"https:\/\/g1.globo.com\/sp\/presidente-prudente-regiao\/\"><strong>g1<\/strong><\/a><\/p>\n<\/div>\n<div class=\"mc-column content-text active-extra-styles\" data-block-type=\"raw\" data-block-weight=\"86\" data-block-id=\"40\">\n<p style=\"text-align: justify;\">A divulga\u00e7\u00e3o do Mobi Game trouxe para as reeducandas informa\u00e7\u00f5es significativas, tornando-as agentes de mudan\u00e7a de sua pr\u00f3pria hist\u00f3ria, o que ficou muito evidente na produ\u00e7\u00e3o das frases e desenhos, segundo a diretora da penitenci\u00e1ria. Ao todo, 110 presas receberam a capacita\u00e7\u00e3o.<\/p>\n<p style=\"text-align: justify;\"><span style=\"font-style: italic; text-align: center;\">&#8220;N\u00e3o h\u00e1 diferen\u00e7a entre elas, todos somos mulheres, ainda que vivamos em um ambiente de viol\u00eancia, o c\u00e1rcere, uma unidade prisional feminina, muitas reclusas foram v\u00edtimas da viol\u00eancia dom\u00e9stica, sofreram viol\u00eancia de g\u00eanero, vulnerabilidade social, o que resultou em sua entrada e\/ou capta\u00e7\u00e3o pela criminalidade&#8221;, enfatizou Adriana.<\/span><\/p>\n<\/div>\n<div class=\"row medium-uncollapsed content-media content-photo\" data-block-type=\"backstage-photo\" data-block-id=\"44\">\n<div class=\"mc-column content-media__container\">\n<div class=\"content-media-container glb-skeleton-box\">\n<figure class=\"content-media-figure\" style=\"text-align: justify;\"><img decoding=\"async\" class=\"i-amphtml-fill-content i-amphtml-replaced-content\" src=\"https:\/\/s2.glbimg.com\/r8pxMCRFVRvuE23-NvxbzfIGVAw=\/0x0:1280x470\/984x0\/smart\/filters:strip_icc()\/i.s3.glbimg.com\/v1\/AUTH_59edd422c0c84a879bd37670ae4f538a\/internal_photos\/bs\/2021\/v\/9\/oIYgLLROyLoSXkQ81WSA\/whatsapp-image-2021-10-11-at-11.43.08.jpeg\" sizes=\"(max-width: 1366px) 648px, 100vw\" srcset=\"https:\/\/s2.glbimg.com\/Ba6N3mBGZyNYQFsGGUprjawQhiU=\/0x0:1280x470\/1000x0\/smart\/filters:strip_icc()\/i.s3.glbimg.com\/v1\/AUTH_59edd422c0c84a879bd37670ae4f538a\/internal_photos\/bs\/2021\/v\/9\/oIYgLLROyLoSXkQ81WSA\/whatsapp-image-2021-10-11-at-11.43.08.jpeg 1000w, https:\/\/s2.glbimg.com\/r8pxMCRFVRvuE23-NvxbzfIGVAw=\/0x0:1280x470\/984x0\/smart\/filters:strip_icc()\/i.s3.glbimg.com\/v1\/AUTH_59edd422c0c84a879bd37670ae4f538a\/internal_photos\/bs\/2021\/v\/9\/oIYgLLROyLoSXkQ81WSA\/whatsapp-image-2021-10-11-at-11.43.08.jpeg 984w, https:\/\/s2.glbimg.com\/Wq5aKufDUjxdmVTzEUyTJhdRA74=\/0x0:1280x470\/640x0\/smart\/filters:strip_icc()\/i.s3.glbimg.com\/v1\/AUTH_59edd422c0c84a879bd37670ae4f538a\/internal_photos\/bs\/2021\/v\/9\/oIYgLLROyLoSXkQ81WSA\/whatsapp-image-2021-10-11-at-11.43.08.jpeg 640w, https:\/\/s2.glbimg.com\/9Aefb-uAuI1CevtI2TlRGm3Z6-U=\/0x0:1280x470\/600x0\/smart\/filters:strip_icc()\/i.s3.glbimg.com\/v1\/AUTH_59edd422c0c84a879bd37670ae4f538a\/internal_photos\/bs\/2021\/v\/9\/oIYgLLROyLoSXkQ81WSA\/whatsapp-image-2021-10-11-at-11.43.08.jpeg 600w\" alt=\"&quot;Calend\u00e1rio da Vida&quot; \u00e9 produzido por presas da Penitenci\u00e1ria Feminina de Tupi Paulista (SP) \u2014 Foto: SAP\" \/><\/figure>\n<\/div>\n<p class=\"content-media__description \" style=\"text-align: justify;\">&#8220;Calend\u00e1rio da Vida&#8221; \u00e9 produzido por presas da Penitenci\u00e1ria Feminina de Tupi Paulista (SP) \u2014 Foto: SAP<\/p>\n<\/div>\n<\/div>\n<div class=\"mc-column content-text active-extra-styles \" style=\"text-align: justify;\" data-block-type=\"unstyled\" data-block-weight=\"38\" data-block-id=\"45\">\n<p class=\"content-text__container \" data-track-category=\"Link no Texto\" data-track-links=\"\">A Penitenci\u00e1ria Feminina de Tupi Paulista, de acordo com os dados mais recentes da Secretaria da Administra\u00e7\u00e3o Penitenci\u00e1ria do Estado de S\u00e3o Paulo (SAP), possui atualmente uma popula\u00e7\u00e3o carcer\u00e1ria de 650 presas e capacidade para abrigar 718 mulheres.<\/p>\n<\/div>\n<div class=\"mc-column content-text active-extra-styles \" data-block-type=\"unstyled\" data-block-weight=\"28\" data-block-id=\"46\">\n<p class=\"content-text__container \" style=\"text-align: justify;\" data-track-category=\"Link no Texto\" data-track-links=\"\">A unidade, que foi inaugurada em agosto de 2011, tamb\u00e9m conta com uma Ala de Progress\u00e3o Penitenci\u00e1ria com capacidade para 72 mulheres e popula\u00e7\u00e3o atual de 118 presas.<\/p>\n<\/div>\n<div class=\"mc-column content-text active-extra-styles \" data-block-type=\"unstyled\" data-block-weight=\"9\" data-block-id=\"47\">\n<p class=\"content-text__container \" style=\"text-align: justify;\" data-track-category=\"Link no Texto\" data-track-links=\"\">O pres\u00eddio funciona nos regimes fechado, provis\u00f3rio e semiaberto.<\/p>\n<\/div>\n<div class=\"mc-column content-text active-extra-styles \" style=\"text-align: justify;\" data-block-type=\"unstyled\" data-block-weight=\"33\" data-block-id=\"48\">\n<p class=\"content-text__container \" data-track-category=\"Link no Texto\" data-track-links=\"\">A diretora ainda explicou ao\u00a0<a href=\"https:\/\/g1.globo.com\/sp\/presidente-prudente-regiao\/\"><strong>g1<\/strong><\/a>\u00a0que a Penitenci\u00e1ria Feminina de Tupi Paulista recebe inclus\u00f5es de reeducandas do Oeste Paulista, o que favorece a manuten\u00e7\u00e3o dos v\u00ednculos familiares atrav\u00e9s das visita\u00e7\u00f5es e correspond\u00eancias.<\/p>\n<\/div>\n<div class=\"mc-column content-text active-extra-styles \" data-block-type=\"unstyled\" data-block-weight=\"29\" data-block-id=\"49\">\n<p class=\"content-text__container \" style=\"text-align: justify;\" data-track-category=\"Link no Texto\" data-track-links=\"\">As visitas, segundo Adriana,\u00a0<span class=\"highlight highlighted\">s\u00e3o realizadas em sua maioria por m\u00e3es e filhos das reeducandas e tamb\u00e9m por maridos e companheiros<\/span>, todos devidamente cadastrados em seu rol de visitas.<\/p>\n<\/div>\n<div class=\"mc-column content-text active-extra-styles \" data-block-type=\"unstyled\" data-block-weight=\"89\" data-block-id=\"51\">\n<p class=\"content-text__container \" style=\"text-align: justify;\" data-track-category=\"Link no Texto\" data-track-links=\"\">&#8220;Importante dizer que, em virtude da pandemia, a visita\u00e7\u00e3o segue a resolu\u00e7\u00e3o SAP 125, de 26 de agosto de 2021, com visita\u00e7\u00e3o restrita a apenas duas pessoas por reeducanda, limitada a maiores de 18 anos, sendo que pessoas com 60 ou mais, ou gestantes, podem entrar somente se apresentarem comprovante de esquema vacinal completo para Covid-19 e ap\u00f3s o per\u00edodo de, ao menos, 20 dias da aplica\u00e7\u00e3o da segunda dose, ou, quando for caso, da dose \u00fanica. As visitas ocorrem\u00a0por um per\u00edodo m\u00e1ximo de duas horas&#8221;, finalizou ao\u00a0<a href=\"https:\/\/g1.globo.com\/sp\/presidente-prudente-regiao\/\"><strong>g1<\/strong><\/a>.<\/p>\n<\/div>\n<div class=\"mc-column content-text active-extra-styles \" data-block-type=\"unstyled\" data-block-weight=\"21\" data-block-id=\"52\">\n<p class=\"content-text__container \" style=\"text-align: justify;\" data-track-category=\"Link no Texto\" data-track-links=\"\">Como n\u00e3o faz parte do ensino formal, o projeto n\u00e3o se enquadra no benef\u00edcio de remiss\u00e3o de pena para as presas.<\/p>\n<\/div>\n<div class=\"mc-column content-text active-extra-styles\" data-block-type=\"raw\" data-block-weight=\"2\" data-block-id=\"53\">\n<div class=\"content-intertitle\">\n<h2>Mobi Game<\/h2>\n<\/div>\n<\/div>\n<div class=\"mc-column content-text active-extra-styles \" data-block-type=\"unstyled\" data-block-weight=\"63\" data-block-id=\"54\">\n<p class=\"content-text__container \" style=\"text-align: justify;\" data-track-category=\"Link no Texto\" data-track-links=\"\">Atrav\u00e9s de v\u00eddeos sobre o ciclo da viol\u00eancia e suas formas de enfrentamento, as reeducandas tomaram conhecimento da exist\u00eancia do aplicativo Mobi Game \u2013 Enfrentamento \u00e0 Viol\u00eancia Dom\u00e9stica, um simulador que serve como ferramenta para identificar os diversos tipos de viol\u00eancia e formas de pedir socorro. A ideia \u00e9 fazer com que essas mulheres se tornem multiplicadoras desses conhecimentos entre seus familiares.<\/p>\n<\/div>\n<div class=\"row medium-uncollapsed content-media content-photo\" data-block-type=\"backstage-photo\" data-block-id=\"55\">\n<div class=\"mc-column content-media__container\">\n<div class=\"content-media-container glb-skeleton-box\">\n<figure class=\"content-media-figure\"><img decoding=\"async\" class=\"i-amphtml-fill-content i-amphtml-replaced-content\" src=\"https:\/\/s2.glbimg.com\/pWB2dhAH7qRacb56YyMQ01H7Hyg=\/0x0:1034x695\/984x0\/smart\/filters:strip_icc()\/i.s3.glbimg.com\/v1\/AUTH_59edd422c0c84a879bd37670ae4f538a\/internal_photos\/bs\/2021\/B\/L\/Ofp7rnQ2aAK95o8VG44A\/whatsapp-image-2021-10-11-at-11.45.34.jpeg\" sizes=\"(max-width: 1366px) 648px, 100vw\" srcset=\"https:\/\/s2.glbimg.com\/YtVX-caOdAOeNy0kmvXIBg42H20=\/0x0:1034x695\/1000x0\/smart\/filters:strip_icc()\/i.s3.glbimg.com\/v1\/AUTH_59edd422c0c84a879bd37670ae4f538a\/internal_photos\/bs\/2021\/B\/L\/Ofp7rnQ2aAK95o8VG44A\/whatsapp-image-2021-10-11-at-11.45.34.jpeg 1000w, https:\/\/s2.glbimg.com\/pWB2dhAH7qRacb56YyMQ01H7Hyg=\/0x0:1034x695\/984x0\/smart\/filters:strip_icc()\/i.s3.glbimg.com\/v1\/AUTH_59edd422c0c84a879bd37670ae4f538a\/internal_photos\/bs\/2021\/B\/L\/Ofp7rnQ2aAK95o8VG44A\/whatsapp-image-2021-10-11-at-11.45.34.jpeg 984w, https:\/\/s2.glbimg.com\/RgwVpvJJz1D8wrJvUbowFHvZQpM=\/0x0:1034x695\/640x0\/smart\/filters:strip_icc()\/i.s3.glbimg.com\/v1\/AUTH_59edd422c0c84a879bd37670ae4f538a\/internal_photos\/bs\/2021\/B\/L\/Ofp7rnQ2aAK95o8VG44A\/whatsapp-image-2021-10-11-at-11.45.34.jpeg 640w, https:\/\/s2.glbimg.com\/8bkIySy6M0SSYHXMlHMMjE7s8ug=\/0x0:1034x695\/600x0\/smart\/filters:strip_icc()\/i.s3.glbimg.com\/v1\/AUTH_59edd422c0c84a879bd37670ae4f538a\/internal_photos\/bs\/2021\/B\/L\/Ofp7rnQ2aAK95o8VG44A\/whatsapp-image-2021-10-11-at-11.45.34.jpeg 600w\" alt=\"&quot;Calend\u00e1rio da Vida&quot; \u00e9 produzido por presas da Penitenci\u00e1ria Feminina de Tupi Paulista (SP) \u2014 Foto: SAP\" \/><\/figure>\n<\/div>\n<p class=\"content-media__description \" style=\"text-align: justify;\">&#8220;Calend\u00e1rio da Vida&#8221; \u00e9 produzido por presas da Penitenci\u00e1ria Feminina de Tupi Paulista (SP) \u2014 Foto: SAP<\/p>\n<\/div>\n<\/div>\n<div class=\"mc-column content-text active-extra-styles \" style=\"text-align: justify;\" data-block-type=\"unstyled\" data-block-weight=\"86\" data-block-id=\"56\">\n<p class=\"content-text__container \" data-track-category=\"Link no Texto\" data-track-links=\"\">Em um pa\u00eds com altos \u00edndices de feminic\u00eddio, o jogo aborda as viol\u00eancias f\u00edsica, sexual, psicol\u00f3gica, moral e patrimonial. Ele narra a hist\u00f3ria de Penha, que est\u00e1 em uma rela\u00e7\u00e3o violenta com o namorado Z\u00e9, e a amiga Luana, que quer ajud\u00e1-la. O jogador \u00e9 quem decide o que Luana deve fazer, ensinando as pessoas, de forma did\u00e1tica, a ouvir e amparar as v\u00edtimas, e lan\u00e7ando desafios com perguntas diretas ao jogador, o qual escolhe como cada uma deve agir diante das situa\u00e7\u00f5es apresentadas.<\/p>\n<\/div>\n<div class=\"content-ads content-ads--reveal\" data-block-type=\"ads\" data-block-id=\"57\">\n<div id=\"banner_materia__016d0da5-f5d7-4a7a-83d6-be2a9da098f9\" class=\"tag-manager-publicidade-container mc-has-reveal mc-has-ad-lazyload tag-manager-publicidade-banner_materia__016d0da5-f5d7-4a7a-83d6-be2a9da098f9 tag-manager-publicidade-container--carregado tag-manager-publicidade-container--visivel\" data-id=\"banner_materia__016d0da5-f5d7-4a7a-83d6-be2a9da098f9\" data-req=\"true\" data-google-query-id=\"COOPr7vtyfMCFbuXlQId2X8BIQ\" data-cid=\"138366397601\" data-lid=\"5804688368\">\n<div id=\"google_ads_iframe_\/95377733\/tvg_G1\/Sua_Regiao&gt;Sudeste&gt;Sao_Paulo_(Pres_Prudente)_10__container__\" style=\"box-sizing: inherit; margin: auto; padding: 0px; border: 0pt none; font: inherit; vertical-align: initial; max-width: 100%; width: 970px; height: 250px; text-align: justify;\"><span style=\"color: #111111; font-family: Roboto, sans-serif; font-size: 27px;\">M\u00eas a m\u00eas: <\/span>As frases e os desenhos ganhadores produzidos pelas sentenciadas que participaram do concurso foram publicados no &#8220;Calend\u00e1rio da Vida&#8221;. Cada m\u00eas do calend\u00e1rio \u00e9 representado por uma frase e um desenho.<\/div>\n<div><\/div>\n<div style=\"box-sizing: inherit; margin: auto; padding: 0px; border: 0pt none; font: inherit; vertical-align: initial; max-width: 100%; width: 970px; height: 250px; text-align: justify;\"><strong>Confira abaixo as frases e os desenhos selecionados que comp\u00f5em o calend\u00e1rio:<\/strong><\/div>\n<div><\/div>\n<\/div>\n<\/div>\n<div class=\"row medium-uncollapsed content-media content-photo\" data-block-type=\"backstage-photo\" data-block-id=\"61\">\n<div class=\"column medium-22 large-20 medium-centered content-media__container\">\n<div class=\"content-media-container glb-skeleton-box\">\n<figure class=\"content-media-figure\"><img decoding=\"async\" class=\"i-amphtml-fill-content i-amphtml-replaced-content\" src=\"https:\/\/s2.glbimg.com\/m0B-xb54WQZShxPRjIrWxnMz-YU=\/0x0:767x595\/1008x0\/smart\/filters:strip_icc()\/i.s3.glbimg.com\/v1\/AUTH_59edd422c0c84a879bd37670ae4f538a\/internal_photos\/bs\/2021\/1\/8\/FhDn11Qfaw6GtoB5lsBA\/1.jpg\" srcset=\"\" alt=\"Frase do m\u00eas de janeiro do &quot;Calend\u00e1rio da Vida&quot; \u2014 Foto: SAP\" \/><\/figure>\n<\/div>\n<p class=\"content-media__description \">Frase do m\u00eas de janeiro do &#8220;Calend\u00e1rio da Vida&#8221; \u2014 Foto: SAP<\/p>\n<\/div>\n<\/div>\n<div class=\"row medium-uncollapsed content-media content-photo\" data-block-type=\"backstage-photo\" data-block-id=\"62\">\n<div class=\"column medium-22 large-20 medium-centered content-media__container\">\n<div class=\"content-media-container glb-skeleton-box\">\n<figure class=\"content-media-figure\"><img decoding=\"async\" class=\"i-amphtml-fill-content i-amphtml-replaced-content\" src=\"https:\/\/s2.glbimg.com\/RZLEgNYz4089OPlT0JsWNCrnPGE=\/0x0:785x599\/1008x0\/smart\/filters:strip_icc()\/i.s3.glbimg.com\/v1\/AUTH_59edd422c0c84a879bd37670ae4f538a\/internal_photos\/bs\/2021\/n\/o\/OOWhz2RW6ITeAbSsmyuQ\/2.jpg\" srcset=\"\" alt=\"Frase do m\u00eas de fevereiro do &quot;Calend\u00e1rio da Vida&quot; \u2014 Foto: SAP\" \/><\/figure>\n<\/div>\n<p class=\"content-media__description \">Frase do m\u00eas de fevereiro do &#8220;Calend\u00e1rio da Vida&#8221; \u2014 Foto: SAP<\/p>\n<\/div>\n<\/div>\n<div class=\"row medium-uncollapsed content-media content-photo\" data-block-type=\"backstage-photo\" data-block-id=\"63\">\n<div class=\"column medium-22 large-20 medium-centered content-media__container\">\n<div class=\"content-media-container glb-skeleton-box\">\n<figure class=\"content-media-figure\"><img decoding=\"async\" class=\"i-amphtml-fill-content i-amphtml-replaced-content\" src=\"https:\/\/s2.glbimg.com\/iTTnwyel5oa0_gGuNvsaAyu4MUs=\/0x0:773x597\/1008x0\/smart\/filters:strip_icc()\/i.s3.glbimg.com\/v1\/AUTH_59edd422c0c84a879bd37670ae4f538a\/internal_photos\/bs\/2021\/D\/O\/3EXjPUQnWBXnBpz28wyQ\/3.jpg\" srcset=\"\" alt=\"Frase do m\u00eas de mar\u00e7o do &quot;Calend\u00e1rio da Vida&quot; \u2014 Foto: SAP\" \/><\/figure>\n<\/div>\n<p class=\"content-media__description \">Frase do m\u00eas de mar\u00e7o do &#8220;Calend\u00e1rio da Vida&#8221; \u2014 Foto: SAP<\/p>\n<\/div>\n<\/div>\n<div class=\"content-ads content-ads--reveal\" data-block-type=\"ads\" data-block-id=\"64\">\n<div id=\"banner_materia__6e1703cd-c832-4e7e-8147-25fd1ddd0a4a\" class=\"tag-manager-publicidade-container mc-has-reveal mc-has-ad-lazyload tag-manager-publicidade-banner_materia__6e1703cd-c832-4e7e-8147-25fd1ddd0a4a tag-manager-publicidade-container--carregado tag-manager-publicidade-container--visivel\" data-id=\"banner_materia__6e1703cd-c832-4e7e-8147-25fd1ddd0a4a\" data-req=\"true\" data-google-query-id=\"CNLG7b3tyfMCFcC8lQIdbhYFJA\" data-cid=\"138366426662\" data-lid=\"5805219250\">\n<div id=\"google_ads_iframe_\/95377733\/tvg_G1\/Sua_Regiao&gt;Sudeste&gt;Sao_Paulo_(Pres_Prudente)_11__container__\" style=\"box-sizing: inherit; margin: auto; padding: 0px; border: 0pt none; font: inherit; vertical-align: initial; max-width: 100%; text-align: center; width: 970px; height: 150px;\"><iframe loading=\"lazy\" id=\"google_ads_iframe_\/95377733\/tvg_G1\/Sua_Regiao&gt;Sudeste&gt;Sao_Paulo_(Pres_Prudente)_11\" style=\"box-sizing: inherit; margin: 0px; padding: 0px; border: 0px; font: inherit; vertical-align: bottom;\" title=\"3rd party ad content\" src=\"https:\/\/tpc.googlesyndication.com\/safeframe\/1-0-38\/html\/container.html\" name=\"\" width=\"970\" height=\"150\" frameborder=\"0\" marginwidth=\"0\" marginheight=\"0\" scrolling=\"no\" sandbox=\"allow-forms allow-popups allow-popups-to-escape-sandbox allow-same-origin allow-scripts allow-top-navigation-by-user-activation\" data-is-safeframe=\"true\" data-google-container-id=\"c\" data-load-complete=\"true\" data-mce-fragment=\"1\"><\/iframe><\/div>\n<\/div>\n<\/div>\n<div class=\"row medium-uncollapsed content-media content-photo\" data-block-type=\"backstage-photo\" data-block-id=\"65\">\n<div class=\"column medium-22 large-20 medium-centered content-media__container\">\n<div class=\"content-media-container glb-skeleton-box\">\n<figure class=\"content-media-figure\"><img decoding=\"async\" class=\"i-amphtml-fill-content i-amphtml-replaced-content\" src=\"https:\/\/s2.glbimg.com\/8Lx3qnkT9M4qn5V00BwZrOJL4MI=\/0x0:779x607\/1008x0\/smart\/filters:strip_icc()\/i.s3.glbimg.com\/v1\/AUTH_59edd422c0c84a879bd37670ae4f538a\/internal_photos\/bs\/2021\/B\/A\/LCpBzCSm2MXXm5Bg8doQ\/4.jpg\" srcset=\"\" alt=\"Frase do m\u00eas de abril do &quot;Calend\u00e1rio da Vida&quot; \u2014 Foto: SAP\" \/><\/figure>\n<\/div>\n<p class=\"content-media__description \">Frase do m\u00eas de abril do &#8220;Calend\u00e1rio da Vida&#8221; \u2014 Foto: SAP<\/p>\n<\/div>\n<\/div>\n<div class=\"row medium-uncollapsed content-media content-photo\" data-block-type=\"backstage-photo\" data-block-id=\"66\">\n<div class=\"column medium-22 large-20 medium-centered content-media__container\">\n<div class=\"content-media-container glb-skeleton-box\">\n<figure class=\"content-media-figure\"><img decoding=\"async\" class=\"i-amphtml-fill-content i-amphtml-replaced-content\" src=\"https:\/\/s2.glbimg.com\/LxBeWPNMfDkleLwSBbsU9V-mhi4=\/0x0:785x605\/1008x0\/smart\/filters:strip_icc()\/i.s3.glbimg.com\/v1\/AUTH_59edd422c0c84a879bd37670ae4f538a\/internal_photos\/bs\/2021\/d\/Z\/juf4SNQLKYM2g7eX9UTg\/5.jpg\" srcset=\"\" alt=\"Frase do m\u00eas de maio do &quot;Calend\u00e1rio da Vida&quot; \u2014 Foto: SAP\" \/><\/figure>\n<\/div>\n<p class=\"content-media__description \">Frase do m\u00eas de maio do &#8220;Calend\u00e1rio da Vida&#8221; \u2014 Foto: SAP<\/p>\n<\/div>\n<\/div>\n<div class=\"row medium-uncollapsed content-media content-photo\" data-block-type=\"backstage-photo\" data-block-id=\"67\">\n<div class=\"column medium-22 large-20 medium-centered content-media__container\">\n<div class=\"content-media-container glb-skeleton-box\">\n<figure class=\"content-media-figure\"><img decoding=\"async\" class=\"i-amphtml-fill-content i-amphtml-replaced-content\" src=\"https:\/\/s2.glbimg.com\/vUjV9V0RVaedxOpWPjxlRoKGLp4=\/0x0:787x607\/1008x0\/smart\/filters:strip_icc()\/i.s3.glbimg.com\/v1\/AUTH_59edd422c0c84a879bd37670ae4f538a\/internal_photos\/bs\/2021\/U\/I\/sS2jORSAaIBBOvVNBNXg\/6.jpg\" srcset=\"\" alt=\"Frase do m\u00eas de junho do &quot;Calend\u00e1rio da Vida&quot; \u2014 Foto: SAP\" \/><\/figure>\n<\/div>\n<p class=\"content-media__description \">Frase do m\u00eas de junho do &#8220;Calend\u00e1rio da Vida&#8221; \u2014 Foto: SAP<\/p>\n<\/div>\n<\/div>\n<div class=\"content-ads content-ads--reveal\" data-block-type=\"ads\" data-block-id=\"68\">\n<div id=\"banner_materia__0a28b93c-08c1-4edb-a852-29a00f9bb594\" class=\"tag-manager-publicidade-container mc-has-reveal mc-has-ad-lazyload tag-manager-publicidade-banner_materia__0a28b93c-08c1-4edb-a852-29a00f9bb594 tag-manager-publicidade-container--carregado tag-manager-publicidade-container--visivel\" data-id=\"banner_materia__0a28b93c-08c1-4edb-a852-29a00f9bb594\" data-req=\"true\" data-google-query-id=\"CL7plsDtyfMCFUS0lQId6YwOWA\" data-cid=\"138366129667\" data-lid=\"5800464193\">\n<div id=\"google_ads_iframe_\/95377733\/tvg_G1\/Sua_Regiao&gt;Sudeste&gt;Sao_Paulo_(Pres_Prudente)_12__container__\" style=\"box-sizing: inherit; margin: auto; padding: 0px; border: 0pt none; font: inherit; vertical-align: initial; max-width: 100%; text-align: center; width: 970px; height: 250px;\"><iframe loading=\"lazy\" id=\"google_ads_iframe_\/95377733\/tvg_G1\/Sua_Regiao&gt;Sudeste&gt;Sao_Paulo_(Pres_Prudente)_12\" style=\"box-sizing: inherit; margin: 0px; padding: 0px; border: 0px; font: inherit; vertical-align: bottom;\" title=\"3rd party ad content\" src=\"https:\/\/cba27d41a8ea31b0bd949bf56865f12c.safeframe.googlesyndication.com\/safeframe\/1-0-38\/html\/container.html\" name=\"\" width=\"970\" height=\"250\" frameborder=\"0\" marginwidth=\"0\" marginheight=\"0\" scrolling=\"no\" sandbox=\"allow-forms allow-popups allow-popups-to-escape-sandbox allow-same-origin allow-scripts allow-top-navigation-by-user-activation\" data-is-safeframe=\"true\" data-google-container-id=\"d\" data-load-complete=\"true\" data-mce-fragment=\"1\"><\/iframe><\/div>\n<\/div>\n<\/div>\n<div class=\"row medium-uncollapsed content-media content-photo\" data-block-type=\"backstage-photo\" data-block-id=\"69\">\n<div class=\"column medium-22 large-20 medium-centered content-media__container\">\n<div class=\"content-media-container glb-skeleton-box\">\n<figure class=\"content-media-figure\"><img decoding=\"async\" class=\"i-amphtml-fill-content i-amphtml-replaced-content\" src=\"https:\/\/s2.glbimg.com\/pv1nuCb1DE3WPDMZn6Ltyg-yslQ=\/0x0:799x602\/1008x0\/smart\/filters:strip_icc()\/i.s3.glbimg.com\/v1\/AUTH_59edd422c0c84a879bd37670ae4f538a\/internal_photos\/bs\/2021\/G\/P\/Jgr3PISaKTzXOkYB6ijw\/7.jpg\" srcset=\"\" alt=\"Frase do m\u00eas de julho do &quot;Calend\u00e1rio da Vida&quot; \u2014 Foto: SAP\" \/><\/figure>\n<\/div>\n<p class=\"content-media__description \">Frase do m\u00eas de julho do &#8220;Calend\u00e1rio da Vida&#8221; \u2014 Foto: SAP<\/p>\n<\/div>\n<\/div>\n<div class=\"row medium-uncollapsed content-media content-photo\" data-block-type=\"backstage-photo\" data-block-id=\"70\">\n<div class=\"column medium-22 large-20 medium-centered content-media__container\">\n<div class=\"content-media-container glb-skeleton-box\">\n<figure class=\"content-media-figure\"><img decoding=\"async\" class=\"i-amphtml-fill-content i-amphtml-replaced-content\" src=\"https:\/\/s2.glbimg.com\/5vWg1bPUPpt_7guSNcio0FyuRZQ=\/0x0:799x613\/1008x0\/smart\/filters:strip_icc()\/i.s3.glbimg.com\/v1\/AUTH_59edd422c0c84a879bd37670ae4f538a\/internal_photos\/bs\/2021\/P\/F\/topBrSQPOHzfUMNayeAw\/8.jpg\" srcset=\"\" alt=\"Frase do m\u00eas de agosto do &quot;Calend\u00e1rio da Vida&quot; \u2014 Foto: SAP\" \/><\/figure>\n<\/div>\n<p class=\"content-media__description \">Frase do m\u00eas de agosto do &#8220;Calend\u00e1rio da Vida&#8221; \u2014 Foto: SAP<\/p>\n<\/div>\n<\/div>\n<div class=\"row medium-uncollapsed content-media content-photo\" data-block-type=\"backstage-photo\" data-block-id=\"71\">\n<div class=\"column medium-22 large-20 medium-centered content-media__container\">\n<div class=\"content-media-container glb-skeleton-box\">\n<figure class=\"content-media-figure\"><img decoding=\"async\" class=\"i-amphtml-fill-content i-amphtml-replaced-content\" src=\"https:\/\/s2.glbimg.com\/ddRC9VWF5L-ns9WgYWr9soYi1sE=\/0x0:784x600\/1008x0\/smart\/filters:strip_icc()\/i.s3.glbimg.com\/v1\/AUTH_59edd422c0c84a879bd37670ae4f538a\/internal_photos\/bs\/2021\/v\/6\/sACpoKSPGTtiBUR6q1oA\/9.jpg\" srcset=\"\" alt=\"Frase do m\u00eas de setembro do &quot;Calend\u00e1rio da Vida&quot; \u2014 Foto: SAP\" \/><\/figure>\n<\/div>\n<p class=\"content-media__description \">Frase do m\u00eas de setembro do &#8220;Calend\u00e1rio da Vida&#8221; \u2014 Foto: SAP<\/p>\n<\/div>\n<\/div>\n<div class=\"content-ads content-ads--reveal\" data-block-type=\"ads\" data-block-id=\"72\">\n<div id=\"banner_materia__99762ea7-657d-4cd3-958c-b3d8c9583cb5\" class=\"tag-manager-publicidade-container mc-has-reveal mc-has-ad-lazyload tag-manager-publicidade-banner_materia__99762ea7-657d-4cd3-958c-b3d8c9583cb5 tag-manager-publicidade-container--carregado tag-manager-publicidade-container--visivel\" data-id=\"banner_materia__99762ea7-657d-4cd3-958c-b3d8c9583cb5\" data-req=\"true\" data-google-query-id=\"CIT9oMLtyfMCFcG3lQId1ToOcg\" data-cid=\"138367089270\" data-lid=\"5808535842\">\n<div id=\"google_ads_iframe_\/95377733\/tvg_G1\/Sua_Regiao&gt;Sudeste&gt;Sao_Paulo_(Pres_Prudente)_13__container__\" style=\"box-sizing: inherit; margin: auto; padding: 0px; border: 0pt none; font: inherit; vertical-align: initial; max-width: 100%; text-align: center;\"><iframe id=\"google_ads_iframe_\/95377733\/tvg_G1\/Sua_Regiao&gt;Sudeste&gt;Sao_Paulo_(Pres_Prudente)_13\" style=\"box-sizing: inherit; margin: 0px; padding: 0px; border: 0px; font: inherit; vertical-align: bottom;\" title=\"3rd party ad content\" name=\"google_ads_iframe_\/95377733\/tvg_G1\/Sua_Regiao&gt;Sudeste&gt;Sao_Paulo_(Pres_Prudente)_13\" width=\"970\" height=\"250\" frameborder=\"0\" marginwidth=\"0\" marginheight=\"0\" scrolling=\"no\" data-google-container-id=\"e\" data-load-complete=\"true\" data-mce-fragment=\"1\"><\/iframe><\/div>\n<\/div>\n<\/div>\n<div class=\"row medium-uncollapsed content-media content-photo\" data-block-type=\"backstage-photo\" data-block-id=\"73\">\n<div class=\"column medium-22 large-20 medium-centered content-media__container\">\n<div class=\"content-media-container glb-skeleton-box\">\n<figure class=\"content-media-figure\"><img decoding=\"async\" class=\"i-amphtml-fill-content i-amphtml-replaced-content\" src=\"https:\/\/s2.glbimg.com\/pU4rhfpL59dnBbzNoOKc5YwLda8=\/0x0:783x597\/1008x0\/smart\/filters:strip_icc()\/i.s3.glbimg.com\/v1\/AUTH_59edd422c0c84a879bd37670ae4f538a\/internal_photos\/bs\/2021\/f\/y\/sLxYrSRnKBHatEiUwYig\/10.jpg\" srcset=\"\" alt=\"Frase do m\u00eas de outubro do &quot;Calend\u00e1rio da Vida&quot; \u2014 Foto: SAP\" \/><\/figure>\n<\/div>\n<p class=\"content-media__description \">Frase do m\u00eas de outubro do &#8220;Calend\u00e1rio da Vida&#8221; \u2014 Foto: SAP<\/p>\n<\/div>\n<\/div>\n<div class=\"row medium-uncollapsed content-media content-photo\" data-block-type=\"backstage-photo\" data-block-id=\"74\">\n<div class=\"column medium-22 large-20 medium-centered content-media__container\">\n<div class=\"content-media-container glb-skeleton-box\">\n<figure class=\"content-media-figure\"><img decoding=\"async\" class=\"i-amphtml-fill-content i-amphtml-replaced-content\" src=\"https:\/\/s2.glbimg.com\/H9FwZLB5Vjg5g5iByMSsBixekQY=\/0x0:791x607\/1008x0\/smart\/filters:strip_icc()\/i.s3.glbimg.com\/v1\/AUTH_59edd422c0c84a879bd37670ae4f538a\/internal_photos\/bs\/2021\/j\/T\/RtXmCZSSmcHJqnr78Qbg\/11.jpg\" srcset=\"\" alt=\"Frase do m\u00eas de novembro do &quot;Calend\u00e1rio da Vida&quot; \u2014 Foto: SAP\" \/><\/figure>\n<\/div>\n<p class=\"content-media__description \">Frase do m\u00eas de novembro do &#8220;Calend\u00e1rio da Vida&#8221; \u2014 Foto: SAP<\/p>\n<\/div>\n<\/div>\n<div class=\"row medium-uncollapsed content-media content-photo\" data-block-type=\"backstage-photo\" data-block-id=\"75\">\n<div class=\"column medium-22 large-20 medium-centered content-media__container\">\n<div class=\"content-media-container glb-skeleton-box\">\n<figure class=\"content-media-figure\"><img decoding=\"async\" class=\"i-amphtml-fill-content i-amphtml-replaced-content\" src=\"https:\/\/s2.glbimg.com\/TDWcf1v5vafGIluaakZqctBC-gY=\/0x0:778x600\/1008x0\/smart\/filters:strip_icc()\/i.s3.glbimg.com\/v1\/AUTH_59edd422c0c84a879bd37670ae4f538a\/internal_photos\/bs\/2021\/h\/7\/152A6dSJO3JaBDb8Qzeg\/12.jpg\" srcset=\"\" alt=\"Frase do m\u00eas de dezembro do &quot;Calend\u00e1rio da Vida&quot; \u2014 Foto: SAP\" \/><\/figure>\n<\/div>\n<p class=\"content-media__description \">Frase do m\u00eas de dezembro do &#8220;Calend\u00e1rio da Vida&#8221; \u2014 Foto: SAP<\/p>\n<p style=\"text-align: justify;\">Fonte: https:\/\/g1.globo.com\/sp\/presidente-prudente-regiao\/noticia\/2021\/10\/14\/desenhos-e-frases-produzidos-por-presas-da-penitenciaria-feminina-de-tupi-paulista-formam-o-calendario-da-vida-e-alertam-para-a-violencia-contra-a-mulher.ghtml<\/p>\n<\/div>\n<\/div>\n<\/div>\n<\/div>\n","protected":false},"excerpt":{"rendered":"<p>&#8216;\u00c9 uma ferramenta educativa e nessa perspectiva a ressocializa\u00e7\u00e3o \u00e9 um desafio poss\u00edvel em v\u00e1rios n\u00edveis, principalmente naquele que tira a reeducanda da invisibilidade social e a inclui como transformadora da pr\u00f3pria realidade&#8217;, explica a ju\u00edza Ruth Menegatti, idealizadora do projeto. Ela pode vir em forma de tapas, empurr\u00f5es, socos, chutes, queimaduras, estrangulamentos, insultos constantes, [&hellip;]<\/p>\n","protected":false},"author":1,"featured_media":55057,"comment_status":"closed","ping_status":"open","sticky":false,"template":"","format":"standard","meta":{"footnotes":""},"categories":[114,110],"tags":[],"class_list":["post-55055","post","type-post","status-publish","format-standard","has-post-thumbnail","hentry","category-geralecomercio","category-noticiasdestaque"],"_links":{"self":[{"href":"https:\/\/jorgezanoni.com.br\/2019\/wp-json\/wp\/v2\/posts\/55055","targetHints":{"allow":["GET"]}}],"collection":[{"href":"https:\/\/jorgezanoni.com.br\/2019\/wp-json\/wp\/v2\/posts"}],"about":[{"href":"https:\/\/jorgezanoni.com.br\/2019\/wp-json\/wp\/v2\/types\/post"}],"author":[{"embeddable":true,"href":"https:\/\/jorgezanoni.com.br\/2019\/wp-json\/wp\/v2\/users\/1"}],"replies":[{"embeddable":true,"href":"https:\/\/jorgezanoni.com.br\/2019\/wp-json\/wp\/v2\/comments?post=55055"}],"version-history":[{"count":0,"href":"https:\/\/jorgezanoni.com.br\/2019\/wp-json\/wp\/v2\/posts\/55055\/revisions"}],"wp:featuredmedia":[{"embeddable":true,"href":"https:\/\/jorgezanoni.com.br\/2019\/wp-json\/wp\/v2\/media\/55057"}],"wp:attachment":[{"href":"https:\/\/jorgezanoni.com.br\/2019\/wp-json\/wp\/v2\/media?parent=55055"}],"wp:term":[{"taxonomy":"category","embeddable":true,"href":"https:\/\/jorgezanoni.com.br\/2019\/wp-json\/wp\/v2\/categories?post=55055"},{"taxonomy":"post_tag","embeddable":true,"href":"https:\/\/jorgezanoni.com.br\/2019\/wp-json\/wp\/v2\/tags?post=55055"}],"curies":[{"name":"wp","href":"https:\/\/api.w.org\/{rel}","templated":true}]}}