{"id":55051,"date":"2021-10-14T11:41:32","date_gmt":"2021-10-14T11:41:32","guid":{"rendered":"https:\/\/jorgezanoni.com.br\/2019\/?p=55051"},"modified":"2021-10-14T11:41:32","modified_gmt":"2021-10-14T11:41:32","slug":"colisao-entre-carro-e-caminhonete-deixa-dois-homens-feridos-na-sp-294-em-pacaembu","status":"publish","type":"post","link":"https:\/\/jorgezanoni.com.br\/2019\/colisao-entre-carro-e-caminhonete-deixa-dois-homens-feridos-na-sp-294-em-pacaembu\/","title":{"rendered":"Colis\u00e3o entre carro e caminhonete deixa dois homens feridos na SP-294, em Pacaembu"},"content":{"rendered":"<div class=\"mc-column content-text active-extra-styles \" data-block-type=\"unstyled\" data-block-weight=\"34\" data-block-id=\"2\">\n<p class=\"content-text__container \" data-track-category=\"Link no Texto\" data-track-links=\"\">Duas pessoas ficaram feridas em decorr\u00eancia de um acidente de tr\u00e2nsito entre um carro e uma caminhonete, em\u00a0Pacaembu. A batida, do tipo transversal seguida de capotamento, foi na madrugada desta quinta-feira (14).<\/p>\n<\/div>\n<div class=\"wall protected-content\">\n<div class=\"mc-column content-text active-extra-styles \" data-block-type=\"unstyled\" data-block-weight=\"33\" data-block-id=\"3\">\n<p class=\"content-text__container \" data-track-category=\"Link no Texto\" data-track-links=\"\">Os ve\u00edculos trafegavam pela Rodovia Comandante Jo\u00e3o Ribeiro de Barros (SP-294), quando no km 621,300, por motivos a serem esclarecidos, se chocaram. Ap\u00f3s a batida, a caminhonete, com placas de Paulic\u00e9ia, capotou.<\/p>\n<p><img loading=\"lazy\" decoding=\"async\" class=\"aligncenter\" src=\"https:\/\/i1.wp.com\/s2.glbimg.com\/1Bx07d3TWwwR46-wucJdBoJU_JY=\/0x121:780x781\/1000x0\/smart\/filters:strip_icc()\/i.s3.glbimg.com\/v1\/AUTH_59edd422c0c84a879bd37670ae4f538a\/internal_photos\/bs\/2021\/n\/x\/Jyu4N6QkOume7DflRgHg\/t249fl6167ff2015938.jpeg?resize=664%2C562&amp;ssl=1\" width=\"664\" height=\"562\" \/><\/p>\n<div class=\"mc-column content-text active-extra-styles \" data-block-type=\"unstyled\" data-block-weight=\"27\" data-block-id=\"5\">\n<p class=\"content-text__container \" data-track-category=\"Link no Texto\" data-track-links=\"\">O condutor do carro \u2013 com placas de Luc\u00e9lia \u2013 ficou gravemente ferido, segundo a Pol\u00edcia Rodovi\u00e1ria. O homem de 71 anos estava sozinho no ve\u00edculo.<\/p>\n<\/div>\n<div class=\"mc-column content-text active-extra-styles \" data-block-type=\"unstyled\" data-block-weight=\"23\" data-block-id=\"6\">\n<p class=\"content-text__container \" data-track-category=\"Link no Texto\" data-track-links=\"\">Tamb\u00e9m ficou ferido o passageiro da caminhonete, um homem de 45 anos. Ele sofreu les\u00f5es de natureza leve. O motorista nada sofreu.<\/p>\n<p>N\u00e3o foi divulgado para qual hospital as v\u00edtimas foram levadas.<\/p>\n<p>Fonte: G1 Fotos PMR\/Cedida<\/p>\n<p>Comp. Jorge Zanoni<\/p>\n<p><img loading=\"lazy\" decoding=\"async\" class=\"alignnone size-full wp-image-55052\" src=\"https:\/\/jorgezanoni.com.br\/2019\/wp-content\/uploads\/2021\/10\/Paca-2.jpg\" alt=\"\" width=\"1097\" height=\"468\" srcset=\"https:\/\/jorgezanoni.com.br\/2019\/wp-content\/uploads\/2021\/10\/Paca-2.jpg 1097w, https:\/\/jorgezanoni.com.br\/2019\/wp-content\/uploads\/2021\/10\/Paca-2-300x128.jpg 300w, https:\/\/jorgezanoni.com.br\/2019\/wp-content\/uploads\/2021\/10\/Paca-2-1024x437.jpg 1024w, https:\/\/jorgezanoni.com.br\/2019\/wp-content\/uploads\/2021\/10\/Paca-2-768x328.jpg 768w, https:\/\/jorgezanoni.com.br\/2019\/wp-content\/uploads\/2021\/10\/Paca-2-696x297.jpg 696w, https:\/\/jorgezanoni.com.br\/2019\/wp-content\/uploads\/2021\/10\/Paca-2-1068x456.jpg 1068w, https:\/\/jorgezanoni.com.br\/2019\/wp-content\/uploads\/2021\/10\/Paca-2-984x420.jpg 984w\" sizes=\"auto, (max-width: 1097px) 100vw, 1097px\" \/>Foto de Internauta<\/p>\n<\/div>\n<\/div>\n<\/div>\n","protected":false},"excerpt":{"rendered":"<p>Duas pessoas ficaram feridas em decorr\u00eancia de um acidente de tr\u00e2nsito entre um carro e uma caminhonete, em\u00a0Pacaembu. A batida, do tipo transversal seguida de capotamento, foi na madrugada desta quinta-feira (14). Os ve\u00edculos trafegavam pela Rodovia Comandante Jo\u00e3o Ribeiro de Barros (SP-294), quando no km 621,300, por motivos a serem esclarecidos, se chocaram. Ap\u00f3s [&hellip;]<\/p>\n","protected":false},"author":1,"featured_media":55053,"comment_status":"closed","ping_status":"open","sticky":false,"template":"","format":"standard","meta":{"footnotes":""},"categories":[170,110],"tags":[],"class_list":["post-55051","post","type-post","status-publish","format-standard","has-post-thumbnail","hentry","category-acidentes","category-noticiasdestaque"],"_links":{"self":[{"href":"https:\/\/jorgezanoni.com.br\/2019\/wp-json\/wp\/v2\/posts\/55051","targetHints":{"allow":["GET"]}}],"collection":[{"href":"https:\/\/jorgezanoni.com.br\/2019\/wp-json\/wp\/v2\/posts"}],"about":[{"href":"https:\/\/jorgezanoni.com.br\/2019\/wp-json\/wp\/v2\/types\/post"}],"author":[{"embeddable":true,"href":"https:\/\/jorgezanoni.com.br\/2019\/wp-json\/wp\/v2\/users\/1"}],"replies":[{"embeddable":true,"href":"https:\/\/jorgezanoni.com.br\/2019\/wp-json\/wp\/v2\/comments?post=55051"}],"version-history":[{"count":0,"href":"https:\/\/jorgezanoni.com.br\/2019\/wp-json\/wp\/v2\/posts\/55051\/revisions"}],"wp:featuredmedia":[{"embeddable":true,"href":"https:\/\/jorgezanoni.com.br\/2019\/wp-json\/wp\/v2\/media\/55053"}],"wp:attachment":[{"href":"https:\/\/jorgezanoni.com.br\/2019\/wp-json\/wp\/v2\/media?parent=55051"}],"wp:term":[{"taxonomy":"category","embeddable":true,"href":"https:\/\/jorgezanoni.com.br\/2019\/wp-json\/wp\/v2\/categories?post=55051"},{"taxonomy":"post_tag","embeddable":true,"href":"https:\/\/jorgezanoni.com.br\/2019\/wp-json\/wp\/v2\/tags?post=55051"}],"curies":[{"name":"wp","href":"https:\/\/api.w.org\/{rel}","templated":true}]}}