{"id":55036,"date":"2021-10-13T23:29:12","date_gmt":"2021-10-13T23:29:12","guid":{"rendered":"https:\/\/jorgezanoni.com.br\/2019\/?p=55036"},"modified":"2021-10-13T23:29:12","modified_gmt":"2021-10-13T23:29:12","slug":"policia-militar-algumas-ocorrencias-registradas-nas-ultmas-horas","status":"publish","type":"post","link":"https:\/\/jorgezanoni.com.br\/2019\/policia-militar-algumas-ocorrencias-registradas-nas-ultmas-horas\/","title":{"rendered":"POL\u00cdCIA MILITAR: Algumas ocorr\u00eancias registradas nas \u00faltmas horas"},"content":{"rendered":"<p style=\"text-align: justify;\">POL\u00cdCIA MILITAR ATENDE OCORR\u00caNCIA COM HOMEM LESIONADO A FACADAS EM BAR NA CIDADE DE PACAEMBU<\/p>\n<p style=\"text-align: justify;\">Na data de hoje (13) por volta das 00h10min foi irradiada ocorr\u00eancia via COPOM de briga em bar pelo Bairro Maraj\u00e1 onde uma das partes estaria armado com faca. No local realizado contato com a m\u00e3e da v\u00edtima a qual informou que seu filho (25 anos) estaria no interior do banheiro com ferimentos aparentemente feitos com faca informando tamb\u00e9m que seu filho havia sido agredido por v\u00e1rias pessoas e que o averiguado (23 anos) estaria envolvido na ocorr\u00eancia. Foi realizado abordagem no averiguado o qual informou que estaria armado de faca mas ao visualizar as viaturas policiais havia dispensado em um local pr\u00f3ximo, negando envolvimento no ocorrido. Foi realizado buscas nas imedia\u00e7\u00f5es e n\u00e3o foi poss\u00edvel localizar a faca. A v\u00edtima socorrida ao pronto socorro municipal de Pacaembu onde foi atendido e permaneceu est\u00e1vel em observa\u00e7\u00e3o devido estar com cinco perfura\u00e7\u00f5es de faca pelo corpo. Diante dos fatos averiguado e m\u00e3e da v\u00edtima conduzidos ao Plant\u00e3o de Pol\u00edcia Judici\u00e1ria de Adamantina onde foram ouvidos e liberados.<\/p>\n<p style=\"text-align: justify;\">POL\u00cdCIA MILITAR EM JUNQUEIR\u00d3POLIS PRENDE FILHO POR VIOL\u00caNCIA DOM\u00c9STICA EM JUNQUEIR\u00d3POLIS, AP\u00d3S AGRESS\u00c3O A M\u00c3E.<\/p>\n<p style=\"text-align: justify;\">Na data de ontem (12) por volta das 10h47min pelo Jardim Junqueir\u00f3polis foi constatado vias de fato entre as partes sendo relatado primeiramente pela v\u00edtima (44 anos) que seu filho (25 anos) mora em sua casa e nesta manh\u00e3 pediu que ele lavasse as roupas dele, entretanto ele ficou exaltado e pegou uma cadeira de bar e come\u00e7ou a danificar a sua casa quebrando moveis e uma porta de metal quando sua filha (27 anos) foi intervir ele a agrediu com uma cadeira de metal e atingiu sua cabe\u00e7a e saiu em seguida para fora e danificou seu ve\u00edculo escolar que estava estacionado tendo se evadido do local. Relatou ainda que de imediato pegou o seu ve\u00edculo e foi atr\u00e1s de seu filho quando o encontrou caminhando na rua Curitiba jogou o carro contra ele e o atingiu. Alega ainda que durante a briga seu cachorro escapou e mordeu o seu neto 11 anos. O autor foi localizado pela rua Curitiba (Jardim Alvorada) com algumas escoria\u00e7\u00f5es pelo corpo tendo ent\u00e3o relatado que mora com sua m\u00e3e e hoje pela manh\u00e3 quando ela pediu para que lavasse suas roupas passaram a se desentenderem sendo que ela veio para cima e tentou lhe agredir com um peda\u00e7o de madeira, ato continuo ele passou a quebrar as coisas da casa a estante e outros utens\u00edlios. O autor recebeu voz de pris\u00e3o permanecendo recolhido \u00e0 disposi\u00e7\u00e3o da Justi\u00e7a. Todos os envolvidos passaram pelo Pronto Atendimento municipal e foram liberados, ap\u00f3s atendimento.<\/p>\n<p style=\"text-align: justify;\">POL\u00cdCIA MILITAR EM ADAMANTINA PRENDE FILHO POR VIOL\u00caNCIA DOM\u00c9STICA CONTRA A M\u00c3E<\/p>\n<p style=\"text-align: justify;\">Na data de ontem (12) por volta das 19h19min no local dos fatos (Jardim Adamantina) o autor teria agredido a genitora (66 anos). Conforme declara\u00e7\u00e3o da v\u00edtima o filho chegou embriagado, e ao tentar dialogar com ele, portou se agressivamente, segurando a pelo pesco\u00e7o e pelo bra\u00e7o, sendo contido pelo irm\u00e3o (46 anos). Com a chegada da equipe da Pol\u00edcia Militar, durante conversa com a v\u00edtima que se encontrava na rua, o autor tentou sair correndo da casa, sendo contido pela equipe. Nesse momento come\u00e7ou a ofender a equipe policial dizendo: &#8220;seus filhos das putas, cambada de bostas, vou matar voc\u00eas seus arrombados&#8221;. Diante do exposto foi dado voz de pris\u00e3o em flagrante ao indiciado, pelo cometimento de crime de viol\u00eancia dom\u00e9stica lei n\u00b0 11.340\/06 e desacato a funcion\u00e1rio p\u00fablico no exerc\u00edcio da fun\u00e7\u00e3o. art 331 do C\u00f3digo Penal, permanecendo o indicado preso \u00e0 disposi\u00e7\u00e3o da Justi\u00e7a.<\/p>\n<p style=\"text-align: justify;\">EM MONTE CASTELO, POL\u00cdCIA MILITAR PRENDE HOMEM POR VIOL\u00caNCIA DOM\u00c9STICA E DESACATO.<\/p>\n<p style=\"text-align: justify;\">O fato se deu na data de ontem (12), por volta das 19hrs, pela Av. Santa Cec\u00edlia. Os policiais militares foram solicitados para atendimento de ocorr\u00eancia de amea\u00e7a. No local dos fatos, a equipe da Pol\u00edcia Militar se deparou com um homem (35 anos), extremamente alterado, ofendendo e amea\u00e7ando de morte sua esposa (33 anos) e os familiares da mesma. Os policiais militares atrav\u00e9s do di\u00e1logo conseguiram acalmar o indiv\u00edduo, por\u00e9m em dado momento se exaltou novamente, e passou a desferir ofensas contra a equipe da Pol\u00edcia Militar. Diante da situa\u00e7\u00e3o, foi proferida a voz de pris\u00e3o ao indiv\u00edduo por desacato e viol\u00eancia dom\u00e9stica, permanecendo a disposi\u00e7\u00e3o da Justi\u00e7a.<\/p>\n<p style=\"text-align: justify;\">#25BPMI4CIAPM<br \/>\n#POLICIAMILITARSP<br \/>\n#AFOR\u00c7AP\u00daBLICADES\u00c3OPAULO<\/p>\n<p style=\"text-align: justify;\">\n","protected":false},"excerpt":{"rendered":"<p>POL\u00cdCIA MILITAR ATENDE OCORR\u00caNCIA COM HOMEM LESIONADO A FACADAS EM BAR NA CIDADE DE PACAEMBU Na data de hoje (13) por volta das 00h10min foi irradiada ocorr\u00eancia via COPOM de briga em bar pelo Bairro Maraj\u00e1 onde uma das partes estaria armado com faca. No local realizado contato com a m\u00e3e da v\u00edtima a qual [&hellip;]<\/p>\n","protected":false},"author":1,"featured_media":55037,"comment_status":"closed","ping_status":"open","sticky":false,"template":"","format":"standard","meta":{"footnotes":""},"categories":[110,2],"tags":[],"class_list":["post-55036","post","type-post","status-publish","format-standard","has-post-thumbnail","hentry","category-noticiasdestaque","category-policial"],"_links":{"self":[{"href":"https:\/\/jorgezanoni.com.br\/2019\/wp-json\/wp\/v2\/posts\/55036","targetHints":{"allow":["GET"]}}],"collection":[{"href":"https:\/\/jorgezanoni.com.br\/2019\/wp-json\/wp\/v2\/posts"}],"about":[{"href":"https:\/\/jorgezanoni.com.br\/2019\/wp-json\/wp\/v2\/types\/post"}],"author":[{"embeddable":true,"href":"https:\/\/jorgezanoni.com.br\/2019\/wp-json\/wp\/v2\/users\/1"}],"replies":[{"embeddable":true,"href":"https:\/\/jorgezanoni.com.br\/2019\/wp-json\/wp\/v2\/comments?post=55036"}],"version-history":[{"count":0,"href":"https:\/\/jorgezanoni.com.br\/2019\/wp-json\/wp\/v2\/posts\/55036\/revisions"}],"wp:featuredmedia":[{"embeddable":true,"href":"https:\/\/jorgezanoni.com.br\/2019\/wp-json\/wp\/v2\/media\/55037"}],"wp:attachment":[{"href":"https:\/\/jorgezanoni.com.br\/2019\/wp-json\/wp\/v2\/media?parent=55036"}],"wp:term":[{"taxonomy":"category","embeddable":true,"href":"https:\/\/jorgezanoni.com.br\/2019\/wp-json\/wp\/v2\/categories?post=55036"},{"taxonomy":"post_tag","embeddable":true,"href":"https:\/\/jorgezanoni.com.br\/2019\/wp-json\/wp\/v2\/tags?post=55036"}],"curies":[{"name":"wp","href":"https:\/\/api.w.org\/{rel}","templated":true}]}}