{"id":55033,"date":"2021-10-13T22:05:00","date_gmt":"2021-10-13T22:05:00","guid":{"rendered":"https:\/\/jorgezanoni.com.br\/2019\/?p=55033"},"modified":"2021-10-13T22:05:00","modified_gmt":"2021-10-13T22:05:00","slug":"estudantes-do-internato-do-curso-de-enfermagem-da-unifadra-dracena-participam-de-acoes","status":"publish","type":"post","link":"https:\/\/jorgezanoni.com.br\/2019\/estudantes-do-internato-do-curso-de-enfermagem-da-unifadra-dracena-participam-de-acoes\/","title":{"rendered":"Estudantes do internato do curso de Enfermagem da Unifadra Dracena participam de a\u00e7\u00f5es"},"content":{"rendered":"<p style=\"text-align: justify;\"><b><span style=\"font-size: xx-large;\">Estudantes do internato do curso de Enfermagem da Unifadra Dracena participam de a\u00e7\u00f5es de preven\u00e7\u00e3o para a sa\u00fade da mulher at\u00e9 o final de outubro<br \/>\n<\/span><\/b><br \/>\n<span style=\"font-size: large;\">A Secretaria de Sa\u00fade de Dracena est\u00e1 promovendo o Outubro Rosa nas unidades de sa\u00fade municipal. A campanha \u00e9 para a conscientiza\u00e7\u00e3o sobre a preven\u00e7\u00e3o e o diagn\u00f3stico precoce do c\u00e2ncer de mama e do c\u00e2ncer de colo do \u00fatero e conta com a participa\u00e7\u00e3o dos alunos do Internato em Sa\u00fade Coletiva do curso de Enfermagem da Unifadra.<\/span><\/p>\n<p><span style=\"font-size: large;\">Coordenados pela Profa. Esp. Regiane Palomo, os alunos est\u00e3o realizando palestras explicativas e atendimentos para exame da mama, al\u00e9m de coletas para o exame de papanicolau nas Unidades B\u00e1sicas de Sa\u00fade do bairro Frei Moacir e tamb\u00e9m dos distritos de Jamaica e Jacipor\u00e3.<\/span><\/p>\n<p><span style=\"font-size: large;\">Os atendimentos s\u00e3o gratuitos e prosseguem at\u00e9 o final de outubro.<\/span><\/p>\n<p><span style=\"font-size: large;\">UBS Dr. Luiz Alencar de Moraes (Frei Moacir)<\/span><br \/>\n<span style=\"font-size: large;\">Rua Moacir de Azevedo Nogueira, 20, Frei Moacir<\/span><br \/>\n<span style=\"font-size: large;\">(18) 3822-2856<\/span><\/p>\n<p><span style=\"font-size: large;\">UBS Dr. Jos\u00e9 Serafim Barbosa (Jacipor\u00e3)<\/span><br \/>\n<span style=\"font-size: large;\">Av. Tancredo\u00a0<\/span>Aielo,<span style=\"font-size: large;\">\u00a0S\/N\u00ba, distrito de Jacipor\u00e3 (ao lado da subprefeitura)<\/span><br \/>\n<span style=\"font-size: large;\">(18) 3839-1119<\/span><\/p>\n<p><span style=\"font-size: large;\">UBS Dr. Ant\u00f4nio Dias Pedroso (Jamaica)<\/span><br \/>\n<span style=\"font-size: large;\">Rua Nogueira, 265, distrito de Jamaica<\/span><br \/>\n<span style=\"font-size: large;\">(18) 3839-6118<\/span><\/p>\n<p><span style=\"font-size: large;\">Para conferir o endere\u00e7o das demais unidades de sa\u00fade municipal, consulte o site da Prefeitura:\u00a0<a href=\"https:\/\/www.dracena.sp.gov.br\/portal\/noticias\/0\/3\/108289\/outubro-rosa-saude-municipal-oferece-as-mulheres-exames-preventivos-gratuitos\" target=\"_blank\" rel=\"noopener noreferrer\">https:\/\/www.dracena.sp.gov.br\/portal\/noticias\/0\/3\/108289\/outubro-rosa-saude-municipal-oferece-as-mulheres-exames-preventivos-gratuitos<\/a><\/span><\/p>\n<p style=\"text-align: justify;\">Fonte: Departamento de Comunica\u00e7\u00e3o Fundec<\/p>\n","protected":false},"excerpt":{"rendered":"<p>Estudantes do internato do curso de Enfermagem da Unifadra Dracena participam de a\u00e7\u00f5es de preven\u00e7\u00e3o para a sa\u00fade da mulher at\u00e9 o final de outubro A Secretaria de Sa\u00fade de Dracena est\u00e1 promovendo o Outubro Rosa nas unidades de sa\u00fade municipal. A campanha \u00e9 para a conscientiza\u00e7\u00e3o sobre a preven\u00e7\u00e3o e o diagn\u00f3stico precoce do [&hellip;]<\/p>\n","protected":false},"author":1,"featured_media":55034,"comment_status":"closed","ping_status":"open","sticky":false,"template":"","format":"standard","meta":{"footnotes":""},"categories":[110,122],"tags":[],"class_list":["post-55033","post","type-post","status-publish","format-standard","has-post-thumbnail","hentry","category-noticiasdestaque","category-saudeeducacaoeconcurso"],"_links":{"self":[{"href":"https:\/\/jorgezanoni.com.br\/2019\/wp-json\/wp\/v2\/posts\/55033","targetHints":{"allow":["GET"]}}],"collection":[{"href":"https:\/\/jorgezanoni.com.br\/2019\/wp-json\/wp\/v2\/posts"}],"about":[{"href":"https:\/\/jorgezanoni.com.br\/2019\/wp-json\/wp\/v2\/types\/post"}],"author":[{"embeddable":true,"href":"https:\/\/jorgezanoni.com.br\/2019\/wp-json\/wp\/v2\/users\/1"}],"replies":[{"embeddable":true,"href":"https:\/\/jorgezanoni.com.br\/2019\/wp-json\/wp\/v2\/comments?post=55033"}],"version-history":[{"count":0,"href":"https:\/\/jorgezanoni.com.br\/2019\/wp-json\/wp\/v2\/posts\/55033\/revisions"}],"wp:featuredmedia":[{"embeddable":true,"href":"https:\/\/jorgezanoni.com.br\/2019\/wp-json\/wp\/v2\/media\/55034"}],"wp:attachment":[{"href":"https:\/\/jorgezanoni.com.br\/2019\/wp-json\/wp\/v2\/media?parent=55033"}],"wp:term":[{"taxonomy":"category","embeddable":true,"href":"https:\/\/jorgezanoni.com.br\/2019\/wp-json\/wp\/v2\/categories?post=55033"},{"taxonomy":"post_tag","embeddable":true,"href":"https:\/\/jorgezanoni.com.br\/2019\/wp-json\/wp\/v2\/tags?post=55033"}],"curies":[{"name":"wp","href":"https:\/\/api.w.org\/{rel}","templated":true}]}}