{"id":55030,"date":"2021-10-13T21:52:51","date_gmt":"2021-10-13T21:52:51","guid":{"rendered":"https:\/\/jorgezanoni.com.br\/2019\/?p=55030"},"modified":"2021-10-13T21:52:51","modified_gmt":"2021-10-13T21:52:51","slug":"alex-santiago-gamaliel-e-aluno-de-pedagogia-na-unifadra-dracena-e-esta-entre-os-50-finalistas-do-global-student-prize","status":"publish","type":"post","link":"https:\/\/jorgezanoni.com.br\/2019\/alex-santiago-gamaliel-e-aluno-de-pedagogia-na-unifadra-dracena-e-esta-entre-os-50-finalistas-do-global-student-prize\/","title":{"rendered":"Alex Santiago Gamaliel \u00e9 aluno de Pedagogia na Unifadra Dracena e est\u00e1 entre os 50 finalistas do Global Student Prize"},"content":{"rendered":"<div dir=\"ltr\" style=\"text-align: justify;\"><strong><span style=\"font-size: large;\">Alex Santiago Gamaliel \u00e9 aluno de Pedagogia na Unifadra Dracena e est\u00e1 entre os 50 finalistas do Global Student Prize (Pr\u00eamio Aluno Global) &#8211; selecionado entre mais de 3,5 mil participantes de 94 pa\u00edses &#8211; que est\u00e3o causando um impacto real no aprendizado, na vida de seus colegas e na sociedade em geral.<\/span><\/strong><\/p>\n<p><span style=\"font-size: large;\">A principal contribui\u00e7\u00e3o do Alex foi articular uma mensagem poderosa contra o bullying durante o ensino fundamental e m\u00e9dio &#8211; e assim nasceu a campanha &#8220;Pare o Bullying&#8221;. Ele deu continuidade ao trabalho na faculdade, como pesquisador em Educa\u00e7\u00e3o, apresentando pe\u00e7as que lidam com o bullying nas universidades e mostrando v\u00eddeos de figuras inspiradoras como Jonah Mowry que, como ele, enfrentaram o bullying.<\/span><\/p>\n<p><span style=\"font-size: large;\">Alex desenvolve este trabalho desde 2013, mas concorrendo ao pr\u00eamio p\u00f4de ser melhor conhecido e ganhou reconhecimento entre representantes do governo. Alex recebeu votos de congratula\u00e7\u00f5es do vereador Davi Silva e apresentou seu projeto &#8220;Combate ao Bullying nas escolas e a import\u00e2ncia do Protagonismo Jovem&#8221; na C\u00e2mara Municipal Dracena. Tamb\u00e9m foi homenageado pelo Secret\u00e1rio Estadual de Educa\u00e7\u00e3o Rossieli Soares e conversou com o governador de S\u00e3o\u00a0<\/span>Paulo Jo\u00e3o<span style=\"font-size: large;\">\u00a0D\u00f3ria.<\/span><\/p>\n<p><span style=\"font-size: large;\">O Brasil se destaca na premia\u00e7\u00e3o com 3 representantes entre os 50 finalistas, empatando com a Nig\u00e9ria (3) e atr\u00e1s apenas dos Estados Unidos (10) e da \u00cdndia (4), sendo que cada brasileiro \u00e9 de um estado (Alagoas, Rio de Janeiro e S\u00e3o Paulo). Os demais pa\u00edses s\u00e3o \u00c1frica do Sul, Ar\u00e1bia Saudita, Argentina (2), Arm\u00eania, Canad\u00e1 (2), Chile, Emirados \u00c1rabes Unidos, Espanha, Filipinas, Finl\u00e2ndia, Fran\u00e7a, Gana, It\u00e1lia, Jamaica, L\u00edbano, Mal\u00e1sia, M\u00e9xico, Qu\u00eania, Reino Unido (2), Singapura, Sri Lanka, Uganda, Vietn\u00e3, Serra Leoa, S\u00e9rvia, Ucr\u00e2nia e Z\u00e2mbia.<\/span><\/p>\n<p><span style=\"font-size: large;\">Na \u00faltima segunda-feira (11), Alex foi not\u00edcia no site da Secretaria da Educa\u00e7\u00e3o do Governo do Estado de S\u00e3o Paulo:<\/span><\/p>\n<p><b><span style=\"font-size: large;\">Ex-aluno da rede estadual est\u00e1 entre os finalistas do pr\u00eamio Global Student Prize<\/span><br \/>\n<\/b><br \/>\n<span style=\"font-size: large;\">Superando 3,5 mil indica\u00e7\u00f5es de projetos, entre 94 pa\u00edses, o agora pedagogo Alex Santiago est\u00e1 entre os 50 finalistas do Global Student Prize. O ex-aluno da Escola Estadual Professora Julieta Guedes de Mendon\u00e7a, em Dracena, concorre \u00e0 premia\u00e7\u00e3o estudantil com o projeto &#8220;Combate ao Bullying nas escolas e a import\u00e2ncia do Protagonismo Jovem&#8221;.<\/span><\/p>\n<p><span style=\"font-size: large;\">Esse Pr\u00eamio, considerado o &#8216;Nobel&#8217; dos estudantes, \u00e9 aberto a todos os alunos com pelo menos 16 anos de idade e matriculados em uma institui\u00e7\u00e3o acad\u00eamica ou programa de treinamento e habilidades. Alunos matriculados em cursos online tamb\u00e9m s\u00e3o eleg\u00edveis \u00e0 premia\u00e7\u00e3o.<\/span><\/p>\n<p><span style=\"font-size: large;\">Os 10 finalistas que participar\u00e3o da cerim\u00f4nia e entrega de premia\u00e7\u00e3o, em novembro, que chega ao valor de 100 mil d\u00f3lares, ser\u00e3o anunciados no dia 14 de outubro. Nesta expectativa de ir para o evento em Paris, Alex comentou sobre a import\u00e2ncia de incentivos como este para a educa\u00e7\u00e3o. &#8220;Acredito que a educa\u00e7\u00e3o abre muitas portas e pode impulsionar estudantes do mundo todo ao centro dos seus sonhos. Valorizar a pessoa humana, na sua individualidade \u00e9 dar espa\u00e7o para mostrar o que ela tem a ensinar, \u00e9 o que pode nos inspirar.&#8221;<\/span><\/p>\n<p><span style=\"font-size: large;\">Lila Thomas, coordenadora do Chegg.org, institui\u00e7\u00e3o que organiza o evento e que incentiva projetos para resolu\u00e7\u00f5es para o futuro da educa\u00e7\u00e3o no mundo, exaltou os finalistas: &#8220;Nossos finalistas deste ano tiveram um grande impacto em \u00e1reas que v\u00e3o do meio ambiente \u00e0 igualdade e justi\u00e7a, da sa\u00fade e bem-estar \u00e0 educa\u00e7\u00e3o e habilidades, do empoderamento dos jovens ao fim da pobreza. Ficamos t\u00e3o inspirados pelas realiza\u00e7\u00f5es desses alunos extraordin\u00e1rios em todo o mundo que se inscreveram para o vencedor Global Student Prize, que a Chegg decidiu dobrar o valor do pr\u00eamio para 100 mil d\u00f3lares.&#8221;<\/span><\/p>\n<p><span style=\"font-size: large;\"><b>Direto de Dracena para o mundo<\/b><\/span><\/p>\n<p><span style=\"font-size: large;\">Alex Santiago n\u00e3o se orgulha s\u00f3 por ser finalista do Global Student Prize, mas pela import\u00e2ncia do seu projeto no cotidiano dos jovens.<\/span><\/p>\n<p><span style=\"font-size: large;\">&#8220;Quando adentrei o tema &#8216;Combate ao Bullying nas Escolas&#8217; notei o inc\u00f4modo de alguns alunos. Era percept\u00edvel que muitos deles j\u00e1 presenciaram alguma situa\u00e7\u00e3o daquelas nas quais eu descrevi. Houve um elo, uma liga\u00e7\u00e3o muito forte, pois eu s\u00f3 iniciei esse projeto de combate ao bullying por ter sido v\u00edtima desse mal&#8221;, relatou Santiago, feliz por ter a possibilidade de transmitir suas experi\u00eancias com os alunos.<\/span><\/p>\n<p><span style=\"font-size: large;\">Estas experi\u00eancias, al\u00e9m da Julieta Guedes de Mendon\u00e7a, j\u00e1 passaram pelas salas de aula da Escola Engenheiro Isac Pereira Garcez, Escola Estadual 9 de Julho, em Dracena, e a Escola Municipal Le\u00f4nidas Ramos de Oliveira e a Escola Estadual L\u00e9a Aparecida\u00a0<\/span>Viera<span style=\"font-size: large;\">\u00a0Guedes, em Tupi. Sendo uma troca muito importante de hist\u00f3rias e temas abordados.<\/span><\/p>\n<p><span style=\"font-size: large;\">Atualizando este tour, Alex Santiago participou nesta sexta-feira (08) no evento que anunciou as novas escolas estaduais que se tornar\u00e3o PEI em 2022 e foi homenageado pelo Secret\u00e1rio de Educa\u00e7\u00e3o, Rossieli Soares.<\/span><\/p>\n<p><span style=\"font-size: large;\">&#8220;Devo dizer que o Alex, \u00e9 uma inspira\u00e7\u00e3o para todos os jovens que sonham e buscam um futuro melhor para educa\u00e7\u00e3o. Tenho muito orgulho de receb\u00ea-lo e prestar esta homenagem para quem pensa como podemos melhorar o ensino em todos os sentidos&#8221;, comentou Rossieli Soares.<\/span><\/p>\n<p><span style=\"font-size: large;\">Na pr\u00f3xima quarta-feira (13), ele participa de uma aula de Projeto de Vida no CMSP, \u00e0s 16h30, nos canais do Ensino M\u00e9dio, onde vai falar sobre sua trajet\u00f3ria e os motivos que o levaram a compor este projeto para educa\u00e7\u00e3o.<\/span><\/div>\n<div dir=\"ltr\" style=\"text-align: justify;\"><span style=\"font-size: large;\">[CMSP &#8211; Centro de M\u00eddias da Educa\u00e7\u00e3o de S\u00e3o Paulo |\u00a0<a href=\"https:\/\/centrodemidiasp.educacao.sp.gov.br\/\" target=\"_blank\" rel=\"noopener noreferrer\">https:\/\/centrodemidiasp.educacao.sp.gov.br<\/a>]<\/span><\/p>\n<p><span style=\"font-size: large;\"><b>Crit\u00e9rios dos selecionados<\/b><\/span><\/p>\n<p><span style=\"font-size: large;\">Os alunos que se inscrevem para o Pr\u00eamio Aluno Global ser\u00e3o avaliados por seu desempenho acad\u00eamico, impacto em seus colegas, como eles fazem a diferen\u00e7a em sua comunidade e al\u00e9m, como superam as probabilidades de sucesso, como demonstram criatividade e inova\u00e7\u00e3o e como operam como cidad\u00e3os globais.<\/span><\/p>\n<p><span style=\"font-size: large;\">O vencedor ser\u00e1 escolhido por uma comiss\u00e3o composta por especialistas em educa\u00e7\u00e3o, comentaristas, jornalistas, funcion\u00e1rios p\u00fablicos, empres\u00e1rios de tecnologia, diretores de empresas e filantropos de todo o mundo.<\/span><\/p>\n<p><span style=\"font-size: large;\">Fonte:\u00a0<a href=\"https:\/\/www.educacao.sp.gov.br\/ex-aluno-da-rede-estadual-esta-entre-os-finalistas-premio-global-student-prize\/\" target=\"_blank\" rel=\"noopener noreferrer\">https:\/\/www.educacao.sp.gov.br\/ex-aluno-da-rede-estadual-esta-entre-os-finalistas-premio-global-student-prize\/<\/a><\/span><\/div>\n<div dir=\"ltr\" style=\"text-align: justify;\"><\/div>\n<div dir=\"ltr\" style=\"text-align: justify;\">Fonte: Departamento Com. Fundec.<\/div>\n","protected":false},"excerpt":{"rendered":"<p>Alex Santiago Gamaliel \u00e9 aluno de Pedagogia na Unifadra Dracena e est\u00e1 entre os 50 finalistas do Global Student Prize (Pr\u00eamio Aluno Global) &#8211; selecionado entre mais de 3,5 mil participantes de 94 pa\u00edses &#8211; que est\u00e3o causando um impacto real no aprendizado, na vida de seus colegas e na sociedade em geral. A principal [&hellip;]<\/p>\n","protected":false},"author":1,"featured_media":55031,"comment_status":"closed","ping_status":"open","sticky":false,"template":"","format":"standard","meta":{"footnotes":""},"categories":[110,122],"tags":[],"class_list":["post-55030","post","type-post","status-publish","format-standard","has-post-thumbnail","hentry","category-noticiasdestaque","category-saudeeducacaoeconcurso"],"_links":{"self":[{"href":"https:\/\/jorgezanoni.com.br\/2019\/wp-json\/wp\/v2\/posts\/55030","targetHints":{"allow":["GET"]}}],"collection":[{"href":"https:\/\/jorgezanoni.com.br\/2019\/wp-json\/wp\/v2\/posts"}],"about":[{"href":"https:\/\/jorgezanoni.com.br\/2019\/wp-json\/wp\/v2\/types\/post"}],"author":[{"embeddable":true,"href":"https:\/\/jorgezanoni.com.br\/2019\/wp-json\/wp\/v2\/users\/1"}],"replies":[{"embeddable":true,"href":"https:\/\/jorgezanoni.com.br\/2019\/wp-json\/wp\/v2\/comments?post=55030"}],"version-history":[{"count":0,"href":"https:\/\/jorgezanoni.com.br\/2019\/wp-json\/wp\/v2\/posts\/55030\/revisions"}],"wp:featuredmedia":[{"embeddable":true,"href":"https:\/\/jorgezanoni.com.br\/2019\/wp-json\/wp\/v2\/media\/55031"}],"wp:attachment":[{"href":"https:\/\/jorgezanoni.com.br\/2019\/wp-json\/wp\/v2\/media?parent=55030"}],"wp:term":[{"taxonomy":"category","embeddable":true,"href":"https:\/\/jorgezanoni.com.br\/2019\/wp-json\/wp\/v2\/categories?post=55030"},{"taxonomy":"post_tag","embeddable":true,"href":"https:\/\/jorgezanoni.com.br\/2019\/wp-json\/wp\/v2\/tags?post=55030"}],"curies":[{"name":"wp","href":"https:\/\/api.w.org\/{rel}","templated":true}]}}