{"id":55023,"date":"2021-10-13T12:42:20","date_gmt":"2021-10-13T12:42:20","guid":{"rendered":"https:\/\/jorgezanoni.com.br\/2019\/?p=55023"},"modified":"2021-10-13T12:42:20","modified_gmt":"2021-10-13T12:42:20","slug":"muito-alem-das-colecoes-disto-ou-daquilo-por-sergio-barbosa","status":"publish","type":"post","link":"https:\/\/jorgezanoni.com.br\/2019\/muito-alem-das-colecoes-disto-ou-daquilo-por-sergio-barbosa\/","title":{"rendered":"Muito al\u00e9m das &#8220;Cole\u00e7\u00f5es&#8221; disto ou daquilo&#8230; (por S\u00e9rgio Barbosa)"},"content":{"rendered":"<p style=\"text-align: justify;\"><strong>MUITO AL\u00c9M DAS \u201cCOLE\u00c7\u00d5ES\u201d DISTO OU DAQUILO&#8230;<\/strong><\/p>\n<p style=\"text-align: justify;\"><strong><em>\u201cSe adquir\u00edssemos o h\u00e1bito de colecionar experi\u00eancias, ao longo de nossas vidas, antes do fim dela, todos seriamos s\u00e1bios. \u201c (Ivan Teorilang)<\/em><\/strong><\/p>\n<p style=\"text-align: justify;\"><strong><em>S\u00e9rgio Barbosa (*)<\/em><\/strong><\/p>\n<p style=\"text-align: justify;\">\u201cQuando eu era crian\u00e7a pequena\u201d em OURINHOS, ainda, at\u00e9 onde estou lembrando aqui e ali com a minha mem\u00f3ria, sempre existia alguma cole\u00e7\u00e3o sobre isto ou aquilo&#8230;<\/p>\n<p style=\"text-align: justify;\">Nestas recorda\u00e7\u00f5es dos bons e velhos tempos de crian\u00e7a, depois, quase entrando na adolesc\u00eancia, os chamados \u201csoldadinhos e outros\u201d, ou era do FORTE APACHE com os \u201csoldados\u201d de um lado e do outro lado, pra variar naquele tempo, \u201cos \u00edndios\u201d e assim por diante&#8230;<\/p>\n<p style=\"text-align: justify;\">Por\u00e9m, destes anos de outrora para este novo tempo novo que se chama hoje, ainda, continuo firme com algumas cole\u00e7\u00f5es, at\u00e9 alguns meses atr\u00e1s, eram 4 cole\u00e7\u00f5es de avi\u00f5es de guerra de diversas escalas e todas completas, cada qual com mais de 40 pe\u00e7as&#8230;<\/p>\n<p style=\"text-align: justify;\">Mas, depois do que aconteceu em outubro de 2.017, resolvi fazer uma reformula\u00e7\u00e3o nas minhas coisas, entre as quais, essas cole\u00e7\u00f5es, bem como, nos livros, cd\u00b4s e dvd\u00b4s&#8230;<\/p>\n<p style=\"text-align: justify;\">Desta forma, as cole\u00e7\u00f5es dos \u201cavi\u00f5es\u201d foram as que mais perderam nestas \u201cdoa\u00e7\u00f5es\u201d para o outro lado, ou seja, um ex-aluno do curso de DESIGNER que reside em outra cidade, portanto, o mesmo foi agraciado com muitas pe\u00e7as de 3 Cole\u00e7\u00f5es&#8230;<\/p>\n<p style=\"text-align: justify;\">Ficaram algumas para dar um toque mais do que especial nas minhas prateleiras de vidro, tendo em vista que algumas pe\u00e7as s\u00e3o espec\u00edficas sobre este ou aquele \u201cavi\u00e3o\u201d, sabe como \u00e9, coisa de quem gosta de apreciar tais \u201cmimos\u201d&#8230;<\/p>\n<p style=\"text-align: justify;\">Outra coisa \u00e9 que essas Cole\u00e7\u00f5es foram adquiridas em compras semanais na BANCA DO CARLITOS aqui na PROV\u00cdNCIA DE ADAMANTINA e uma ou outra demorou meses para ser completada com todas as pe\u00e7as que faziam parte do projeto&#8230;<\/p>\n<p style=\"text-align: justify;\">Tamb\u00e9m, n\u00e3o se pode deixar de registrar que \u201cQuando era crian\u00e7a pequena\u201d em OURINHOS, a grana era curta, assim, de um jeito ou de outro, todas as cole\u00e7\u00f5es que eram iniciadas ficavam incompletas por causa dos desencontros relacionados com a \u201cverba dispon\u00edvel\u201d&#8230;<\/p>\n<p style=\"text-align: justify;\">Entretanto, depois de anos e anos, ainda, residindo na PROV\u00cdNCIA, resolvi retomar tal dedica\u00e7\u00e3o, tendo em vista que naquele per\u00edodo a \u201cverba dispon\u00edvel\u201d para tais aquisi\u00e7\u00f5es eram mais de acordo com o contexto e permitida tais deslizes&#8230;<\/p>\n<p style=\"text-align: justify;\">E as Cole\u00e7\u00f5es foram sendo completadas uma depois da outra, sendo que os funcion\u00e1rios da BANCA j\u00e1 sabiam quais eram os meus interesses e mandavam avisar que \u201cchegou mais uma cole\u00e7\u00e3o nova\u201d do meu interesse&#8230;<\/p>\n<p style=\"text-align: justify;\">Acredito que muitas pessoas, entre as quais, homens, mulheres e crian\u00e7as deste tempo novo tempo continuam com suas cole\u00e7\u00f5es disto ou daquilo, al\u00e9m do mais ou de menos, tudo depende do interesse individual para uma ou mais \u201cpaix\u00f5es\u201d e ponto quase final&#8230;<\/p>\n<p style=\"text-align: justify;\">Fiz algumas fotos para mostrar o que ficou do meu lado, todavia, acredito que est\u00e1 de bom tamanho agora e quem sabe, mais pra frente, ainda, fa\u00e7a outras \u201cdoa\u00e7\u00f5es\u201d visando substituir as pe\u00e7as em troca de outras e assim por diante&#8230;<\/p>\n<p style=\"text-align: justify;\">QUEM COLECIONA ALGUMA COISA VAI ENTENDER&#8230;<\/p>\n<p style=\"text-align: justify;\"><strong><em>____________________________________________<\/em><\/strong><\/p>\n<p style=\"text-align: justify;\"><strong><em>(*) jornalista diplomado e professor universit\u00e1rio.<\/em><\/strong><\/p>\n<p style=\"text-align: justify;\"><strong><em>e-mail: <\/em><\/strong><a href=\"mailto:barbosa.sebar@gmail.com\"><strong><em>barbosa.sebar@gmail.com<\/em><\/strong><\/a><\/p>\n<p>&nbsp;<\/p>\n","protected":false},"excerpt":{"rendered":"<p>MUITO AL\u00c9M DAS \u201cCOLE\u00c7\u00d5ES\u201d DISTO OU DAQUILO&#8230; \u201cSe adquir\u00edssemos o h\u00e1bito de colecionar experi\u00eancias, ao longo de nossas vidas, antes do fim dela, todos seriamos s\u00e1bios. \u201c (Ivan Teorilang) S\u00e9rgio Barbosa (*) \u201cQuando eu era crian\u00e7a pequena\u201d em OURINHOS, ainda, at\u00e9 onde estou lembrando aqui e ali com a minha mem\u00f3ria, sempre existia alguma cole\u00e7\u00e3o [&hellip;]<\/p>\n","protected":false},"author":1,"featured_media":55024,"comment_status":"closed","ping_status":"open","sticky":false,"template":"","format":"standard","meta":{"footnotes":""},"categories":[175],"tags":[],"class_list":["post-55023","post","type-post","status-publish","format-standard","has-post-thumbnail","hentry","category-artigos"],"_links":{"self":[{"href":"https:\/\/jorgezanoni.com.br\/2019\/wp-json\/wp\/v2\/posts\/55023","targetHints":{"allow":["GET"]}}],"collection":[{"href":"https:\/\/jorgezanoni.com.br\/2019\/wp-json\/wp\/v2\/posts"}],"about":[{"href":"https:\/\/jorgezanoni.com.br\/2019\/wp-json\/wp\/v2\/types\/post"}],"author":[{"embeddable":true,"href":"https:\/\/jorgezanoni.com.br\/2019\/wp-json\/wp\/v2\/users\/1"}],"replies":[{"embeddable":true,"href":"https:\/\/jorgezanoni.com.br\/2019\/wp-json\/wp\/v2\/comments?post=55023"}],"version-history":[{"count":0,"href":"https:\/\/jorgezanoni.com.br\/2019\/wp-json\/wp\/v2\/posts\/55023\/revisions"}],"wp:featuredmedia":[{"embeddable":true,"href":"https:\/\/jorgezanoni.com.br\/2019\/wp-json\/wp\/v2\/media\/55024"}],"wp:attachment":[{"href":"https:\/\/jorgezanoni.com.br\/2019\/wp-json\/wp\/v2\/media?parent=55023"}],"wp:term":[{"taxonomy":"category","embeddable":true,"href":"https:\/\/jorgezanoni.com.br\/2019\/wp-json\/wp\/v2\/categories?post=55023"},{"taxonomy":"post_tag","embeddable":true,"href":"https:\/\/jorgezanoni.com.br\/2019\/wp-json\/wp\/v2\/tags?post=55023"}],"curies":[{"name":"wp","href":"https:\/\/api.w.org\/{rel}","templated":true}]}}