{"id":55012,"date":"2021-10-12T18:07:24","date_gmt":"2021-10-12T18:07:24","guid":{"rendered":"https:\/\/jorgezanoni.com.br\/2019\/?p=55012"},"modified":"2021-10-12T18:07:24","modified_gmt":"2021-10-12T18:07:24","slug":"soldado-da-pm-que-estava-em-viatura-que-capotou-morre-apos-tres-dias-internado-sargento-tambem-morreu","status":"publish","type":"post","link":"https:\/\/jorgezanoni.com.br\/2019\/soldado-da-pm-que-estava-em-viatura-que-capotou-morre-apos-tres-dias-internado-sargento-tambem-morreu\/","title":{"rendered":"Soldado da PM que estava em viatura que capotou morre ap\u00f3s tr\u00eas dias internado; sargento tamb\u00e9m morreu"},"content":{"rendered":"<h2 class=\"content-head__subtitle\" style=\"text-align: justify;\"><strong>Acidente aconteceu na rodovia Marechal Rondon, em Ava\u00ed (SP), no s\u00e1bado (9). Soldado Bruno Tunes, de 31 anos, estava no Hospital de Base de Bauru (SP). Sargento Andr\u00e9 Ciolin, 41, morreu no dia do acidente. Terceiro PM segue internado em estado grave. Policiais seguiam para Ara\u00e7atuba (SP).<\/strong><\/h2>\n<div class=\"mc-column content-text active-extra-styles \" data-block-type=\"unstyled\" data-block-weight=\"37\" data-block-id=\"2\">\n<p class=\"content-text__container \" style=\"text-align: justify;\" data-track-category=\"Link no Texto\" data-track-links=\"\">O soldado da Pol\u00edcia Militar que estava na\u00a0<a href=\"https:\/\/g1.globo.com\/sp\/bauru-marilia\/noticia\/2021\/10\/09\/policial-morre-em-acidente-com-viatura-da-pm-em-avai.ghtml\">viatura da corpora\u00e7\u00e3o que capotou na Rodovia Marechal Rondon, em Ava\u00ed (SP)<\/a>, morreu na manh\u00e3 desta ter\u00e7a-feira (12). O acidente aconteceu no quil\u00f4metro 365, na manh\u00e3 de s\u00e1bado (9).<\/p>\n<\/div>\n<div class=\"wall protected-content\">\n<div class=\"mc-column content-text active-extra-styles \" style=\"text-align: justify;\" data-block-type=\"unstyled\" data-block-weight=\"40\" data-block-id=\"3\">\n<p class=\"content-text__container \" data-track-category=\"Link no Texto\" data-track-links=\"\">O soldado Bruno Fernando Tunes, de 31 anos, que estava internado no Hospital de Base de Bauru (SP) desde o dia do acidente, \u00e9 o segundo policial a ter a morte confirmada. Um terceiro PM segue internado em estado grave.<\/p>\n<\/div>\n<div class=\"mc-column content-text active-extra-styles \" style=\"text-align: justify;\" data-block-type=\"unstyled\" data-block-weight=\"33\" data-block-id=\"4\">\n<p class=\"content-text__container \" data-track-category=\"Link no Texto\" data-track-links=\"\">Segundo informa\u00e7\u00f5es da Pol\u00edcia Militar, o soldado, que atuava no Batalh\u00e3o de A\u00e7\u00f5es Especiais (Baep) de Ara\u00e7atuba (SP), teve morte cerebral constatada na noite de segunda-feira (11) e confirmada na manh\u00e3 desta ter\u00e7a.<\/p>\n<\/div>\n<div class=\"mc-column content-text active-extra-styles \" style=\"text-align: justify;\" data-block-type=\"unstyled\" data-block-weight=\"29\" data-block-id=\"5\">\n<p class=\"content-text__container \" data-track-category=\"Link no Texto\" data-track-links=\"\">Al\u00e9m dele, o\u00a0<a href=\"https:\/\/g1.globo.com\/sp\/sao-jose-do-rio-preto-aracatuba\/noticia\/2021\/10\/09\/policial-morto-em-acidente-com-viatura-da-pm-e-velado-em-aracatuba.ghtml\">segundo sargento da PM Andr\u00e9 Lu\u00eds Ciolin, de 41 anos, tamb\u00e9m do Baep de Ara\u00e7atuba<\/a>, n\u00e3o resistiu aos ferimentos e morreu no local do acidente.<\/p>\n<\/div>\n<div class=\"row medium-uncollapsed content-media content-photo\" style=\"text-align: justify;\" data-block-type=\"backstage-photo\" data-block-id=\"6\">\n<div class=\"mc-column content-media__container\">\n<div class=\"content-media-container glb-skeleton-box\">\n<figure class=\"content-media-figure\"><img decoding=\"async\" class=\"i-amphtml-fill-content i-amphtml-replaced-content\" src=\"https:\/\/s2.glbimg.com\/N0ZfgQkjKxkf29e_HGcR-J8kTvI=\/0x0:1024x768\/984x0\/smart\/filters:strip_icc()\/i.s3.glbimg.com\/v1\/AUTH_59edd422c0c84a879bd37670ae4f538a\/internal_photos\/bs\/2021\/c\/c\/68HmqIR8uRwsW8RWck4A\/colagem-sem-titulo-1-.jpg\" sizes=\"(max-width: 1366px) 648px, 100vw\" srcset=\"https:\/\/s2.glbimg.com\/hTqLgCQQuwCL6yC9gQ_CGz5CrOg=\/0x0:1024x768\/1000x0\/smart\/filters:strip_icc()\/i.s3.glbimg.com\/v1\/AUTH_59edd422c0c84a879bd37670ae4f538a\/internal_photos\/bs\/2021\/c\/c\/68HmqIR8uRwsW8RWck4A\/colagem-sem-titulo-1-.jpg 1000w, https:\/\/s2.glbimg.com\/N0ZfgQkjKxkf29e_HGcR-J8kTvI=\/0x0:1024x768\/984x0\/smart\/filters:strip_icc()\/i.s3.glbimg.com\/v1\/AUTH_59edd422c0c84a879bd37670ae4f538a\/internal_photos\/bs\/2021\/c\/c\/68HmqIR8uRwsW8RWck4A\/colagem-sem-titulo-1-.jpg 984w, https:\/\/s2.glbimg.com\/PRe3ngO_5WI1nVE5CtPpZWRmD4I=\/0x0:1024x768\/640x0\/smart\/filters:strip_icc()\/i.s3.glbimg.com\/v1\/AUTH_59edd422c0c84a879bd37670ae4f538a\/internal_photos\/bs\/2021\/c\/c\/68HmqIR8uRwsW8RWck4A\/colagem-sem-titulo-1-.jpg 640w, https:\/\/s2.glbimg.com\/FFSMI5f1I-pkRv4PGKZKJ_7tFiM=\/0x0:1024x768\/600x0\/smart\/filters:strip_icc()\/i.s3.glbimg.com\/v1\/AUTH_59edd422c0c84a879bd37670ae4f538a\/internal_photos\/bs\/2021\/c\/c\/68HmqIR8uRwsW8RWck4A\/colagem-sem-titulo-1-.jpg 600w\" alt=\"O soldado Bruno Tunes (esquerda) e o sargento Andr\u00e9 Ciolin morreram ap\u00f3s viatura da Pol\u00edcia Militar capotar na rodovia Marechal Rondon, em Ava\u00ed (SP) \u2014 Foto: Reprodu\u00e7\u00e3o\" \/><\/figure>\n<\/div>\n<p class=\"content-media__description \">O soldado Bruno Tunes (esquerda) e o sargento Andr\u00e9 Ciolin morreram ap\u00f3s viatura da Pol\u00edcia Militar capotar na rodovia Marechal Rondon, em Ava\u00ed (SP) \u2014 Foto: Reprodu\u00e7\u00e3o<\/p>\n<\/div>\n<\/div>\n<div class=\"mc-column content-text active-extra-styles \" style=\"text-align: justify;\" data-block-type=\"unstyled\" data-block-weight=\"48\" data-block-id=\"8\">\n<p class=\"content-text__container \" data-track-category=\"Link no Texto\" data-track-links=\"\">O terceiro policial \u00e9 o cabo Guilherme Yoshio Obana Beliz\u00e1rio, de 34 anos, da PM de Andradina, que continuava internado at\u00e9 esta ter\u00e7a-feira (12) em estado grave no Hospital de Base de Bauru. Segundo o boletim de ocorr\u00eancia, a viatura pertencia ao Batalh\u00e3o da Pol\u00edcia Militar de Andradina.<\/p>\n<\/div>\n<div class=\"mc-column content-text active-extra-styles \" style=\"text-align: justify;\" data-block-type=\"unstyled\" data-block-weight=\"50\" data-block-id=\"9\">\n<p class=\"content-text__container \" data-track-category=\"Link no Texto\" data-track-links=\"\">Segundo a PM, os tr\u00eas policiais seguiam para Ara\u00e7atuba ao voltar de um curso em S\u00e3o Paulo quando a viatura capotou. De acordo com o boletim de ocorr\u00eancia, os\u00a0<a href=\"https:\/\/g1.globo.com\/sp\/bauru-marilia\/noticia\/2021\/10\/10\/policial-que-morreu-em-capotamento-foi-lancado-de-viatura-com-colegas-um-pm-morreu-e-dois-ficaram-feridos.ghtml\">tr\u00eas foram lan\u00e7ados para fora do ve\u00edculo durante o acidente<\/a>. Ainda n\u00e3o se sabe o que provocou o capotamento da viatura.<\/p>\n<\/div>\n<div class=\"row medium-uncollapsed content-media content-photo\" style=\"text-align: justify;\" data-block-type=\"backstage-photo\" data-block-id=\"10\">\n<div class=\"mc-column content-media__container\">\n<div class=\"content-media-container glb-skeleton-box\">\n<figure class=\"content-media-figure\"><img decoding=\"async\" class=\"i-amphtml-fill-content i-amphtml-replaced-content\" src=\"https:\/\/s2.glbimg.com\/98g-vh0FX9fzfc0f8Ps0g0UFITc=\/0x0:739x459\/984x0\/smart\/filters:strip_icc()\/i.s3.glbimg.com\/v1\/AUTH_59edd422c0c84a879bd37670ae4f538a\/internal_photos\/bs\/2021\/k\/y\/CjJuFfQkyNzz2o9QBIWA\/morte-pm.jpg\" sizes=\"(max-width: 1366px) 648px, 100vw\" srcset=\"https:\/\/s2.glbimg.com\/Nz4QO6vSfe_IgQGxFqrzNQcaewI=\/0x0:739x459\/1000x0\/smart\/filters:strip_icc()\/i.s3.glbimg.com\/v1\/AUTH_59edd422c0c84a879bd37670ae4f538a\/internal_photos\/bs\/2021\/k\/y\/CjJuFfQkyNzz2o9QBIWA\/morte-pm.jpg 1000w, https:\/\/s2.glbimg.com\/98g-vh0FX9fzfc0f8Ps0g0UFITc=\/0x0:739x459\/984x0\/smart\/filters:strip_icc()\/i.s3.glbimg.com\/v1\/AUTH_59edd422c0c84a879bd37670ae4f538a\/internal_photos\/bs\/2021\/k\/y\/CjJuFfQkyNzz2o9QBIWA\/morte-pm.jpg 984w, https:\/\/s2.glbimg.com\/3vlmn9VYlurUmi3MPt63dNDtiPA=\/0x0:739x459\/640x0\/smart\/filters:strip_icc()\/i.s3.glbimg.com\/v1\/AUTH_59edd422c0c84a879bd37670ae4f538a\/internal_photos\/bs\/2021\/k\/y\/CjJuFfQkyNzz2o9QBIWA\/morte-pm.jpg 640w, https:\/\/s2.glbimg.com\/fIwlYWFZUFMdVTP_7WtMdyitrn4=\/0x0:739x459\/600x0\/smart\/filters:strip_icc()\/i.s3.glbimg.com\/v1\/AUTH_59edd422c0c84a879bd37670ae4f538a\/internal_photos\/bs\/2021\/k\/y\/CjJuFfQkyNzz2o9QBIWA\/morte-pm.jpg 600w\" alt=\"Registro diz que policiais foram arremessados de viatura da PM que capotou na rodovia Marechal Rondon, em Ava\u00ed \u2014 Foto: Reprodu\u00e7\u00e3o\" \/><\/figure>\n<\/div>\n<p class=\"content-media__description \">Registro diz que policiais foram arremessados de viatura da PM que capotou na rodovia Marechal Rondon, em Ava\u00ed \u2014 Foto: Reprodu\u00e7\u00e3o<\/p>\n<\/div>\n<\/div>\n<div class=\"mc-column content-text active-extra-styles \" data-block-type=\"unstyled\" data-block-weight=\"49\" data-block-id=\"11\">\n<p class=\"content-text__container \" style=\"text-align: justify;\" data-track-category=\"Link no Texto\" data-track-links=\"\">O vel\u00f3rio do soldado Tunes ser\u00e1 na sede do CPI-10 e o enterro no Cemit\u00e9rio da Saudades, em Birigui (SP). A PM informou que, como o policial \u00e9 doador de \u00f3rg\u00e3os, por causa do protocolo m\u00e9dico para esse tipo de procedimento, ainda n\u00e3o havia previs\u00e3o do hor\u00e1rio do vel\u00f3rio.<\/p>\n<p data-track-category=\"Link no Texto\" data-track-links=\"\">Fonte: G1<\/p>\n<\/div>\n<div class=\"row medium-uncollapsed content-media content-photo\" data-block-type=\"backstage-photo\" data-block-id=\"12\">\n<div class=\"mc-column content-media__container\">\n<div class=\"content-media-container glb-skeleton-box\"><\/div>\n<\/div>\n<\/div>\n<\/div>\n","protected":false},"excerpt":{"rendered":"<p>Acidente aconteceu na rodovia Marechal Rondon, em Ava\u00ed (SP), no s\u00e1bado (9). Soldado Bruno Tunes, de 31 anos, estava no Hospital de Base de Bauru (SP). Sargento Andr\u00e9 Ciolin, 41, morreu no dia do acidente. Terceiro PM segue internado em estado grave. Policiais seguiam para Ara\u00e7atuba (SP). O soldado da Pol\u00edcia Militar que estava na\u00a0viatura [&hellip;]<\/p>\n","protected":false},"author":1,"featured_media":55013,"comment_status":"closed","ping_status":"open","sticky":false,"template":"","format":"standard","meta":{"footnotes":""},"categories":[170,110],"tags":[],"class_list":["post-55012","post","type-post","status-publish","format-standard","has-post-thumbnail","hentry","category-acidentes","category-noticiasdestaque"],"_links":{"self":[{"href":"https:\/\/jorgezanoni.com.br\/2019\/wp-json\/wp\/v2\/posts\/55012","targetHints":{"allow":["GET"]}}],"collection":[{"href":"https:\/\/jorgezanoni.com.br\/2019\/wp-json\/wp\/v2\/posts"}],"about":[{"href":"https:\/\/jorgezanoni.com.br\/2019\/wp-json\/wp\/v2\/types\/post"}],"author":[{"embeddable":true,"href":"https:\/\/jorgezanoni.com.br\/2019\/wp-json\/wp\/v2\/users\/1"}],"replies":[{"embeddable":true,"href":"https:\/\/jorgezanoni.com.br\/2019\/wp-json\/wp\/v2\/comments?post=55012"}],"version-history":[{"count":0,"href":"https:\/\/jorgezanoni.com.br\/2019\/wp-json\/wp\/v2\/posts\/55012\/revisions"}],"wp:featuredmedia":[{"embeddable":true,"href":"https:\/\/jorgezanoni.com.br\/2019\/wp-json\/wp\/v2\/media\/55013"}],"wp:attachment":[{"href":"https:\/\/jorgezanoni.com.br\/2019\/wp-json\/wp\/v2\/media?parent=55012"}],"wp:term":[{"taxonomy":"category","embeddable":true,"href":"https:\/\/jorgezanoni.com.br\/2019\/wp-json\/wp\/v2\/categories?post=55012"},{"taxonomy":"post_tag","embeddable":true,"href":"https:\/\/jorgezanoni.com.br\/2019\/wp-json\/wp\/v2\/tags?post=55012"}],"curies":[{"name":"wp","href":"https:\/\/api.w.org\/{rel}","templated":true}]}}