{"id":5500,"date":"2019-09-06T17:01:28","date_gmt":"2019-09-06T17:01:28","guid":{"rendered":"https:\/\/jorgezanoni.com.br\/2019\/?p=5500"},"modified":"2019-09-06T17:01:28","modified_gmt":"2019-09-06T17:01:28","slug":"comeca-hoje-e-termina-domingo-a-7a-festa-dos-primos-capobianco-em-dracena","status":"publish","type":"post","link":"https:\/\/jorgezanoni.com.br\/2019\/comeca-hoje-e-termina-domingo-a-7a-festa-dos-primos-capobianco-em-dracena\/","title":{"rendered":"Come\u00e7a hoje e termina domingo, a 7\u00aa Festa dos Primos Capobianco em Dracena"},"content":{"rendered":"<p style=\"text-align: justify;\"><strong>Com quase 130 pessoas confirmadas, tem in\u00edcio hoje a 7\u00aa Festa dos Primos Capobianco.<\/strong><\/p>\n<p style=\"text-align: justify;\">O encontro acontece na Ch\u00e1cara V\u00f4 Mingo, (sa\u00edda para Ouro Verde) na rodovia Byron de Azevedo Nogueira.<\/p>\n<p style=\"text-align: justify;\">S\u00e3o aguardados Primos de diversas cidades dos Estados de S\u00e3o Paulo, Paran\u00e1, Mato Grosso, Mato Grosso do Sul e Minas Gerais.<\/p>\n<p style=\"text-align: justify;\">A segunda e quinta Festas foram realizadas em Londrina\/PR. sendo as outras cinco em Dracena. \u00c9 o s\u00e9timo ano consecutivo que o encontro acontece.<\/p>\n<p style=\"text-align: justify;\">Todos os primos, tios e agregados que vem de outras cidades s\u00e3o recepcionados pelos primos de Dracena, inclusive com pernoite.<\/p>\n<p style=\"text-align: justify;\">Nesta sexta-feira (6) tem aquecimento a partir das 18:00 Horas com um Happy Hour, amanh\u00e3, s\u00e1bado (7) Almo\u00e7o, ap\u00f3s recrea\u00e7\u00e3o com brincadeiras e o ponto alto da Festa \u00e0 noite com Jantar Dan\u00e7ante onde ser\u00e3o feitas ora\u00e7\u00e3o, homenagens e momento de fala livre dos presentes. No domingo (8), acontece o almo\u00e7o de encerramento.<\/p>\n<p style=\"text-align: justify;\">O Jantar Dan\u00e7ante tem como convidado o Cantor Marcos Bronco que animar\u00e1 a Festa que n\u00e3o tem hora para acabar.<\/p>\n<p style=\"text-align: justify;\">Os Primos de Dracena sentem-se felizes e honrados com a presen\u00e7a de todos, desejando uma boa estada em nossa cidade e que a Festa seja coroada de muita alegria e descontra\u00e7\u00e3o.<\/p>\n<p style=\"text-align: justify;\">Jorge Zanoni<\/p>\n<p>Foto Arquivo da Primeira Festa<\/p>\n","protected":false},"excerpt":{"rendered":"<p>Com quase 130 pessoas confirmadas, tem in\u00edcio hoje a 7\u00aa Festa dos Primos Capobianco. O encontro acontece na Ch\u00e1cara V\u00f4 Mingo, (sa\u00edda para Ouro Verde) na rodovia Byron de Azevedo Nogueira. S\u00e3o aguardados Primos de diversas cidades dos Estados de S\u00e3o Paulo, Paran\u00e1, Mato Grosso, Mato Grosso do Sul e Minas Gerais. A segunda e [&hellip;]<\/p>\n","protected":false},"author":1,"featured_media":5501,"comment_status":"closed","ping_status":"open","sticky":false,"template":"","format":"standard","meta":{"footnotes":""},"categories":[114,110],"tags":[],"class_list":["post-5500","post","type-post","status-publish","format-standard","has-post-thumbnail","hentry","category-geralecomercio","category-noticiasdestaque"],"_links":{"self":[{"href":"https:\/\/jorgezanoni.com.br\/2019\/wp-json\/wp\/v2\/posts\/5500","targetHints":{"allow":["GET"]}}],"collection":[{"href":"https:\/\/jorgezanoni.com.br\/2019\/wp-json\/wp\/v2\/posts"}],"about":[{"href":"https:\/\/jorgezanoni.com.br\/2019\/wp-json\/wp\/v2\/types\/post"}],"author":[{"embeddable":true,"href":"https:\/\/jorgezanoni.com.br\/2019\/wp-json\/wp\/v2\/users\/1"}],"replies":[{"embeddable":true,"href":"https:\/\/jorgezanoni.com.br\/2019\/wp-json\/wp\/v2\/comments?post=5500"}],"version-history":[{"count":0,"href":"https:\/\/jorgezanoni.com.br\/2019\/wp-json\/wp\/v2\/posts\/5500\/revisions"}],"wp:featuredmedia":[{"embeddable":true,"href":"https:\/\/jorgezanoni.com.br\/2019\/wp-json\/wp\/v2\/media\/5501"}],"wp:attachment":[{"href":"https:\/\/jorgezanoni.com.br\/2019\/wp-json\/wp\/v2\/media?parent=5500"}],"wp:term":[{"taxonomy":"category","embeddable":true,"href":"https:\/\/jorgezanoni.com.br\/2019\/wp-json\/wp\/v2\/categories?post=5500"},{"taxonomy":"post_tag","embeddable":true,"href":"https:\/\/jorgezanoni.com.br\/2019\/wp-json\/wp\/v2\/tags?post=5500"}],"curies":[{"name":"wp","href":"https:\/\/api.w.org\/{rel}","templated":true}]}}