{"id":54967,"date":"2021-10-11T17:38:22","date_gmt":"2021-10-11T17:38:22","guid":{"rendered":"https:\/\/jorgezanoni.com.br\/2019\/?p=54967"},"modified":"2021-10-11T17:38:22","modified_gmt":"2021-10-11T17:38:22","slug":"tomografo-da-santa-casa-de-dracena-entra-em-funcionamento","status":"publish","type":"post","link":"https:\/\/jorgezanoni.com.br\/2019\/tomografo-da-santa-casa-de-dracena-entra-em-funcionamento\/","title":{"rendered":"Tom\u00f3grafo da Santa Casa de Dracena entra em funcionamento"},"content":{"rendered":"<p style=\"text-align: justify;\"><strong>Na manh\u00e3 desta segunda-feira (11\/10\/2021) o TOM\u00d3GRAFO COMPUTADORIZADO DA SANTA CASA DE DRACENA ENTRA EM FUNCIONAMENTO.<\/strong><\/p>\n<p style=\"text-align: justify;\">Com a a presen\u00e7a dos membros do GRUPO DE VOLUNT\u00c1RIOS que organizam o leil\u00e3o beneficente, da DIRETORIA da FUNDEC, do PREFEITO MUNICIPAL DE DRACENA e a SECRET\u00c1RIA DA SA\u00daDE, do M\u00c9DICO PROFISSIONAL do SETOR DE IMAGENOLOGIA. O PROVEDOR e a DIRETORIA ADMINISTRATIVA da SANTA CASA DE DRACENA recepcionaram a todos, dizendo estar emocionado com a campanha que possibilitar\u00e1 o financiamento integral da aquisi\u00e7\u00e3o do tom\u00f3grafo computadorizado. Disse em seguida comovido com<br \/>\na presen\u00e7a de todos, neste instante, ao ver o funcionamento do novo equipamento.<br \/>\nTrata-se de um TOM\u00d3GRAFO COMPUTADORIZADO com 32 canais, suportando o peso de 220 kg de fundamental import\u00e2ncia no diagn\u00f3stico.<\/p>\n<p style=\"text-align: justify;\">Uma conquista da comunidade. Com a presen\u00e7a dos membros do GRUPO DE VOLUNT\u00c1RIOS: Allan Galdino de Favari, Marco Aur\u00e9lio Ramos de Almeida, Paulo Borotti e Dr. Paulo S\u00e9rgio Teixeira que representaram os organizadores do leil\u00e3o beneficente, da diretoria da FUNDEC: Edson Kai e Fernando Nunes, do PREFEITO MUNICIPAL DE DRACENA Andr\u00e9 Lemos e SECRET\u00c1RIA DA SA\u00daDE Cl\u00e1udia Mara, SECRET\u00c1RIO DE ADMINISTRA\u00c7\u00c3O S\u00e9rgio Ricardo Baravelli, PRESIDENTE DA C\u00c2MARA MUNICIPAL DE VEREADORES DE DRACENA Claudinei Millan Pessoa (Mel\u00e3o) e VICE PRESIDENTE C\u00e9lio Ferreguti (que est\u00e1 no exerc\u00edcio da Presid\u00eancia), do M\u00c9DICO PROFISSIONAL DO SETOR DE IMAGENOLOGIA: Dr. Enrico Bottazzo, o PROVEDOR DA SANTA CASA DE DRACENA Celso Santin acompanhado do VICE PROVEDOR Hermes Tamura, da SECRET\u00c1RIA Ana Ang\u00e9lica Lopes Pereira, do TESOUREIRO Ant\u00f4nio F\u00e1vero.<\/p>\n<p><img loading=\"lazy\" decoding=\"async\" class=\"alignnone size-full wp-image-54969\" src=\"https:\/\/jorgezanoni.com.br\/2019\/wp-content\/uploads\/2021\/10\/Tomo1.jpg\" alt=\"\" width=\"1600\" height=\"1200\" srcset=\"https:\/\/jorgezanoni.com.br\/2019\/wp-content\/uploads\/2021\/10\/Tomo1.jpg 1600w, https:\/\/jorgezanoni.com.br\/2019\/wp-content\/uploads\/2021\/10\/Tomo1-300x225.jpg 300w, https:\/\/jorgezanoni.com.br\/2019\/wp-content\/uploads\/2021\/10\/Tomo1-1024x768.jpg 1024w, https:\/\/jorgezanoni.com.br\/2019\/wp-content\/uploads\/2021\/10\/Tomo1-768x576.jpg 768w, https:\/\/jorgezanoni.com.br\/2019\/wp-content\/uploads\/2021\/10\/Tomo1-1536x1152.jpg 1536w, https:\/\/jorgezanoni.com.br\/2019\/wp-content\/uploads\/2021\/10\/Tomo1-80x60.jpg 80w, https:\/\/jorgezanoni.com.br\/2019\/wp-content\/uploads\/2021\/10\/Tomo1-265x198.jpg 265w, https:\/\/jorgezanoni.com.br\/2019\/wp-content\/uploads\/2021\/10\/Tomo1-696x522.jpg 696w, https:\/\/jorgezanoni.com.br\/2019\/wp-content\/uploads\/2021\/10\/Tomo1-1068x801.jpg 1068w, https:\/\/jorgezanoni.com.br\/2019\/wp-content\/uploads\/2021\/10\/Tomo1-560x420.jpg 560w\" sizes=\"auto, (max-width: 1600px) 100vw, 1600px\" \/>OSS \u2013 IRMANDADE DA SANTA CASA DE MISERIC\u00d3RDIA E MATERNIDADE DE DRACENA<\/p>\n<p>&nbsp;<\/p>\n","protected":false},"excerpt":{"rendered":"<p>Na manh\u00e3 desta segunda-feira (11\/10\/2021) o TOM\u00d3GRAFO COMPUTADORIZADO DA SANTA CASA DE DRACENA ENTRA EM FUNCIONAMENTO. Com a a presen\u00e7a dos membros do GRUPO DE VOLUNT\u00c1RIOS que organizam o leil\u00e3o beneficente, da DIRETORIA da FUNDEC, do PREFEITO MUNICIPAL DE DRACENA e a SECRET\u00c1RIA DA SA\u00daDE, do M\u00c9DICO PROFISSIONAL do SETOR DE IMAGENOLOGIA. O PROVEDOR e [&hellip;]<\/p>\n","protected":false},"author":1,"featured_media":54971,"comment_status":"closed","ping_status":"open","sticky":false,"template":"","format":"standard","meta":{"footnotes":""},"categories":[110,122],"tags":[],"class_list":["post-54967","post","type-post","status-publish","format-standard","has-post-thumbnail","hentry","category-noticiasdestaque","category-saudeeducacaoeconcurso"],"_links":{"self":[{"href":"https:\/\/jorgezanoni.com.br\/2019\/wp-json\/wp\/v2\/posts\/54967","targetHints":{"allow":["GET"]}}],"collection":[{"href":"https:\/\/jorgezanoni.com.br\/2019\/wp-json\/wp\/v2\/posts"}],"about":[{"href":"https:\/\/jorgezanoni.com.br\/2019\/wp-json\/wp\/v2\/types\/post"}],"author":[{"embeddable":true,"href":"https:\/\/jorgezanoni.com.br\/2019\/wp-json\/wp\/v2\/users\/1"}],"replies":[{"embeddable":true,"href":"https:\/\/jorgezanoni.com.br\/2019\/wp-json\/wp\/v2\/comments?post=54967"}],"version-history":[{"count":0,"href":"https:\/\/jorgezanoni.com.br\/2019\/wp-json\/wp\/v2\/posts\/54967\/revisions"}],"wp:featuredmedia":[{"embeddable":true,"href":"https:\/\/jorgezanoni.com.br\/2019\/wp-json\/wp\/v2\/media\/54971"}],"wp:attachment":[{"href":"https:\/\/jorgezanoni.com.br\/2019\/wp-json\/wp\/v2\/media?parent=54967"}],"wp:term":[{"taxonomy":"category","embeddable":true,"href":"https:\/\/jorgezanoni.com.br\/2019\/wp-json\/wp\/v2\/categories?post=54967"},{"taxonomy":"post_tag","embeddable":true,"href":"https:\/\/jorgezanoni.com.br\/2019\/wp-json\/wp\/v2\/tags?post=54967"}],"curies":[{"name":"wp","href":"https:\/\/api.w.org\/{rel}","templated":true}]}}