{"id":54891,"date":"2021-10-10T01:04:50","date_gmt":"2021-10-10T01:04:50","guid":{"rendered":"https:\/\/jorgezanoni.com.br\/2019\/?p=54891"},"modified":"2021-10-10T20:59:01","modified_gmt":"2021-10-10T20:59:01","slug":"morre-o-senhor-adevaldo-pai-da-secretaria-de-educacao-de-dracena","status":"publish","type":"post","link":"https:\/\/jorgezanoni.com.br\/2019\/morre-o-senhor-adevaldo-pai-da-secretaria-de-educacao-de-dracena\/","title":{"rendered":"Morre o senhor Adevaldo, pai da Secret\u00e1ria de Educa\u00e7\u00e3o de Dracena"},"content":{"rendered":"<p>Comunicamos com pesar o falecimento do Senhor Adevaldo Pereira da Silva (Vava), de 79 anos. Estava internado, havia passado por tratamento da Covid e teve complica\u00e7\u00f5es.<\/p>\n<p>\u00c9 pai da Secret\u00e1ria de Educa\u00e7\u00e3o de Dracena, Juliana Corr\u00eaa.<\/p>\n<p>Deixa esposa, filhos, genro, nora, netos, demais familiares e amigos.<\/p>\n<p>O Vel\u00f3rio ocorre das 09:30 at\u00e9 \u00e0s 16:30 Horas com Sepultamento no Cemit\u00e9rio local.<\/p>\n<p>O Site JZ se solidariza com a fam\u00edlia neste dif\u00edcil momento.<\/p>\n<p>Jorge Zanoni<\/p>\n<p><img loading=\"lazy\" decoding=\"async\" class=\"alignnone size-full wp-image-54911\" src=\"https:\/\/jorgezanoni.com.br\/2019\/wp-content\/uploads\/2021\/10\/Adevaldo.jpg\" alt=\"\" width=\"1280\" height=\"1279\" srcset=\"https:\/\/jorgezanoni.com.br\/2019\/wp-content\/uploads\/2021\/10\/Adevaldo.jpg 1280w, https:\/\/jorgezanoni.com.br\/2019\/wp-content\/uploads\/2021\/10\/Adevaldo-300x300.jpg 300w, https:\/\/jorgezanoni.com.br\/2019\/wp-content\/uploads\/2021\/10\/Adevaldo-1024x1024.jpg 1024w, https:\/\/jorgezanoni.com.br\/2019\/wp-content\/uploads\/2021\/10\/Adevaldo-150x150.jpg 150w, https:\/\/jorgezanoni.com.br\/2019\/wp-content\/uploads\/2021\/10\/Adevaldo-768x767.jpg 768w, https:\/\/jorgezanoni.com.br\/2019\/wp-content\/uploads\/2021\/10\/Adevaldo-696x695.jpg 696w, https:\/\/jorgezanoni.com.br\/2019\/wp-content\/uploads\/2021\/10\/Adevaldo-1068x1067.jpg 1068w, https:\/\/jorgezanoni.com.br\/2019\/wp-content\/uploads\/2021\/10\/Adevaldo-420x420.jpg 420w\" sizes=\"auto, (max-width: 1280px) 100vw, 1280px\" \/><\/p>\n","protected":false},"excerpt":{"rendered":"<p>Comunicamos com pesar o falecimento do Senhor Adevaldo Pereira da Silva (Vava), de 79 anos. Estava internado, havia passado por tratamento da Covid e teve complica\u00e7\u00f5es. \u00c9 pai da Secret\u00e1ria de Educa\u00e7\u00e3o de Dracena, Juliana Corr\u00eaa. Deixa esposa, filhos, genro, nora, netos, demais familiares e amigos. O Vel\u00f3rio ocorre das 09:30 at\u00e9 \u00e0s 16:30 Horas [&hellip;]<\/p>\n","protected":false},"author":1,"featured_media":54892,"comment_status":"closed","ping_status":"open","sticky":false,"template":"","format":"standard","meta":{"footnotes":""},"categories":[178,110],"tags":[],"class_list":["post-54891","post","type-post","status-publish","format-standard","has-post-thumbnail","hentry","category-notadefalecimento","category-noticiasdestaque"],"_links":{"self":[{"href":"https:\/\/jorgezanoni.com.br\/2019\/wp-json\/wp\/v2\/posts\/54891","targetHints":{"allow":["GET"]}}],"collection":[{"href":"https:\/\/jorgezanoni.com.br\/2019\/wp-json\/wp\/v2\/posts"}],"about":[{"href":"https:\/\/jorgezanoni.com.br\/2019\/wp-json\/wp\/v2\/types\/post"}],"author":[{"embeddable":true,"href":"https:\/\/jorgezanoni.com.br\/2019\/wp-json\/wp\/v2\/users\/1"}],"replies":[{"embeddable":true,"href":"https:\/\/jorgezanoni.com.br\/2019\/wp-json\/wp\/v2\/comments?post=54891"}],"version-history":[{"count":0,"href":"https:\/\/jorgezanoni.com.br\/2019\/wp-json\/wp\/v2\/posts\/54891\/revisions"}],"wp:featuredmedia":[{"embeddable":true,"href":"https:\/\/jorgezanoni.com.br\/2019\/wp-json\/wp\/v2\/media\/54892"}],"wp:attachment":[{"href":"https:\/\/jorgezanoni.com.br\/2019\/wp-json\/wp\/v2\/media?parent=54891"}],"wp:term":[{"taxonomy":"category","embeddable":true,"href":"https:\/\/jorgezanoni.com.br\/2019\/wp-json\/wp\/v2\/categories?post=54891"},{"taxonomy":"post_tag","embeddable":true,"href":"https:\/\/jorgezanoni.com.br\/2019\/wp-json\/wp\/v2\/tags?post=54891"}],"curies":[{"name":"wp","href":"https:\/\/api.w.org\/{rel}","templated":true}]}}