{"id":54882,"date":"2021-10-09T23:59:41","date_gmt":"2021-10-09T23:59:41","guid":{"rendered":"https:\/\/jorgezanoni.com.br\/2019\/?p=54882"},"modified":"2021-10-09T23:59:41","modified_gmt":"2021-10-09T23:59:41","slug":"policia-militar-prende-homem-por-porte-ilegal-de-arma-de-fogo-em-dracena","status":"publish","type":"post","link":"https:\/\/jorgezanoni.com.br\/2019\/policia-militar-prende-homem-por-porte-ilegal-de-arma-de-fogo-em-dracena\/","title":{"rendered":"Pol\u00edcia Militar prende homem por porte ilegal de arma de fogo em Dracena"},"content":{"rendered":"<p style=\"text-align: justify;\">Na data de hoje por volta das 03h15min a equipe da Pol\u00edcia Militar foi acionada via Copom, onde se dava a den\u00fancia de que havia um ve\u00edculo Toyota Corolla estacionado na Vila Luc\u00e9lia em Dracena, e pr\u00f3ximo a ele um indiv\u00edduo armado com arma de fogo querendo matar outro indiv\u00edduo. No local do fato, quando na visualiza\u00e7\u00e3o da den\u00fancia, foi avistado um homem e uma mulher, sendo que ao se emanar a voz de abordagem, o indiv\u00edduo masculino retirou \u201calgo\u201d da cintura e repassou a mulher e esta por sua vez tentou se evadir do local, mas imediatamente foi abordada conforme os procedimentos operacionais padr\u00e3o. Imediatamente a mulher entregou a arma de fogo sendo esta 1 rev\u00f3lver da marca Rossi de numera\u00e7\u00e3o em acabamento Oxidado, coronha de borracha, o qual estava municiado com 5 muni\u00e7\u00f5es intactas. Face ao exposto, foi dado voz de pris\u00e3o ao homem no art 14 da lei 10826\/03 porte de arma de fogo e no art 147 amea\u00e7a permanecendo assim a disposi\u00e7\u00e3o da Justi\u00e7a.<\/p>\n<p>Fonte: Com. Social Pol\u00edcia Civil<\/p>\n","protected":false},"excerpt":{"rendered":"<p>Na data de hoje por volta das 03h15min a equipe da Pol\u00edcia Militar foi acionada via Copom, onde se dava a den\u00fancia de que havia um ve\u00edculo Toyota Corolla estacionado na Vila Luc\u00e9lia em Dracena, e pr\u00f3ximo a ele um indiv\u00edduo armado com arma de fogo querendo matar outro indiv\u00edduo. No local do fato, quando [&hellip;]<\/p>\n","protected":false},"author":1,"featured_media":54883,"comment_status":"closed","ping_status":"open","sticky":false,"template":"","format":"standard","meta":{"footnotes":""},"categories":[110,2],"tags":[],"class_list":["post-54882","post","type-post","status-publish","format-standard","has-post-thumbnail","hentry","category-noticiasdestaque","category-policial"],"_links":{"self":[{"href":"https:\/\/jorgezanoni.com.br\/2019\/wp-json\/wp\/v2\/posts\/54882","targetHints":{"allow":["GET"]}}],"collection":[{"href":"https:\/\/jorgezanoni.com.br\/2019\/wp-json\/wp\/v2\/posts"}],"about":[{"href":"https:\/\/jorgezanoni.com.br\/2019\/wp-json\/wp\/v2\/types\/post"}],"author":[{"embeddable":true,"href":"https:\/\/jorgezanoni.com.br\/2019\/wp-json\/wp\/v2\/users\/1"}],"replies":[{"embeddable":true,"href":"https:\/\/jorgezanoni.com.br\/2019\/wp-json\/wp\/v2\/comments?post=54882"}],"version-history":[{"count":0,"href":"https:\/\/jorgezanoni.com.br\/2019\/wp-json\/wp\/v2\/posts\/54882\/revisions"}],"wp:featuredmedia":[{"embeddable":true,"href":"https:\/\/jorgezanoni.com.br\/2019\/wp-json\/wp\/v2\/media\/54883"}],"wp:attachment":[{"href":"https:\/\/jorgezanoni.com.br\/2019\/wp-json\/wp\/v2\/media?parent=54882"}],"wp:term":[{"taxonomy":"category","embeddable":true,"href":"https:\/\/jorgezanoni.com.br\/2019\/wp-json\/wp\/v2\/categories?post=54882"},{"taxonomy":"post_tag","embeddable":true,"href":"https:\/\/jorgezanoni.com.br\/2019\/wp-json\/wp\/v2\/tags?post=54882"}],"curies":[{"name":"wp","href":"https:\/\/api.w.org\/{rel}","templated":true}]}}