{"id":54849,"date":"2021-10-09T18:49:06","date_gmt":"2021-10-09T18:49:06","guid":{"rendered":"https:\/\/jorgezanoni.com.br\/2019\/?p=54849"},"modified":"2021-10-09T18:49:06","modified_gmt":"2021-10-09T18:49:06","slug":"acidente-com-viatura-mata-um-policial-e-deixa-outros-dois-gravemente-feridos","status":"publish","type":"post","link":"https:\/\/jorgezanoni.com.br\/2019\/acidente-com-viatura-mata-um-policial-e-deixa-outros-dois-gravemente-feridos\/","title":{"rendered":"Acidente com viatura mata um policial e deixa outros dois gravemente feridos"},"content":{"rendered":"<p style=\"text-align: justify;\"><strong>O PM morador de Ara\u00e7atuba veio a \u00f3bito e outros dois ficaram feridos. A Viatura pertence a cidade de Andradina.<\/strong><\/p>\n<p style=\"text-align: justify;\">Acidente aconteceu entre Bauru e Ava\u00ed (SP), na manh\u00e3 deste s\u00e1bado (9)<\/p>\n<p style=\"text-align: justify;\">Um sargento da Pol\u00edcia Militar pertencente ao efetivo do BAEP de Ara\u00e7atuba morreu e outros dois militares, sendo um soldado de Ara\u00e7atuba (tamb\u00e9m do BAEP) e um cabo PM de Andradina (28\u00ba BPM\/I), ficaram gravemente feridos, ao se envolverem em um capotamento de uma viatura na manh\u00e3 deste s\u00e1bado (09), no quil\u00f4metro 365 da rodovia Marechal Rondon (SP &#8211; 300), entre as cidades de Bauru e Ava\u00ed (SP). As Pol\u00edcias Militar e Civil abriram inqu\u00e9ritos para investigarem as causas do acidente.<\/p>\n<p style=\"text-align: justify;\">O acidente aconteceu, de acordo com informa\u00e7\u00f5es da Pol\u00edcia Rodovi\u00e1ria de Bauru, quando os tr\u00eas ocupavam uma viatura SW4 Toyota, seguindo pela Rondon, sentido S\u00e3o Paulo para o interior quando, por motivos a serem investigados, o motorista perdeu o controle da dire\u00e7\u00e3o e come\u00e7ou a capotar.<\/p>\n<p style=\"text-align: justify;\">Os tr\u00eas policiais foram arremessados para fora do ve\u00edculo. Um deles morreu no local e dois foram socorridos em estado grav\u00edssimo ao hospital de Bauru.<\/p>\n<p style=\"text-align: justify;\">Parte da pista no sentido capital-interior precisou ser interditada para o trabalho de socorro das v\u00edtimas e posteriormente o da per\u00edcia t\u00e9cnico\/cient\u00edfica, causando lentid\u00e3o no tr\u00e2nsito na regi\u00e3o.<\/p>\n<p style=\"text-align: justify;\">O Cb da PM G.Y.O.B. encontra-se em coma induzido e n\u00e3o corre risco de morte.<\/p>\n<p style=\"text-align: justify;\">A informa\u00e7\u00e3o chegou para familiares com certo al\u00edvio, que o cabo PM Y. n\u00e3o corre risco de morte, embora esteja em estado grave, usando um dreno, por\u00e9m em situa\u00e7\u00e3o estabilizada. Sua evolu\u00e7\u00e3o cl\u00ednica ser\u00e1 fundamental para seu pleno restabelecimento. Ao que os familiares passaram para o Mil Noticias (Andradina\/SP), \u00e9 que Yoshio est\u00e1 fora de risco de morte, apresentando fratura na perna e trauma (mas n\u00e3o se sabe ainda se abdominal ou tor\u00e1xico) e segue em coma induzido, por ser um procedimento normal no caso em que ele chegou ao hospital.<\/p>\n<p style=\"text-align: justify;\"><strong>28\u00ba BPM\/I emite nota sobre o acidente<\/strong><\/p>\n<p style=\"text-align: justify;\">O 28\u00ba BPM\/I informa que na manh\u00e3 de hoje, s\u00e1bado, dia 09 de outubro de 2021, ocorreu um acidente de tr\u00e2nsito envolvendo tr\u00eas Policiais Militares da regi\u00e3o.<br \/>\nUm Policial Militar de Andradina, que estava em S\u00e3o Paulo frequentando o Curso de \u201cControle de Dist\u00farbios Civis\u201d, em companhia de mais dois outros Policiais Militares de Ara\u00e7atuba, retornavam sentido capital-interior quando, por motivos ainda desconhecidos, a viatura capotou quando transitava na Rodovia Marechal Rondon, pr\u00f3ximo a Bauru.<br \/>\nUm dos Policiais Militares faleceu no local e os outros dois foram socorridos para a Santa Casa de Bauru, onde est\u00e3o sendo assistidos. Ainda n\u00e3o se sabe o estado de sa\u00fade deles.<br \/>\nA viatura, modelo Toyota SW4, pertence ao 28\u00ba BPM\/I de Andradina.<br \/>\nO Comandante do CPI-10, Tenente Coronel Osny Caldeira, est\u00e1 no local prestando todo o apoio necess\u00e1rio.<br \/>\nOs familiares do Policial tamb\u00e9m foram levados \u00e0quela cidade para acompanharem o andamento dos fatos.<\/p>\n<p><img loading=\"lazy\" decoding=\"async\" class=\"alignnone size-full wp-image-54850\" src=\"https:\/\/jorgezanoni.com.br\/2019\/wp-content\/uploads\/2021\/10\/vi.jpg\" alt=\"\" width=\"640\" height=\"480\" srcset=\"https:\/\/jorgezanoni.com.br\/2019\/wp-content\/uploads\/2021\/10\/vi.jpg 640w, https:\/\/jorgezanoni.com.br\/2019\/wp-content\/uploads\/2021\/10\/vi-300x225.jpg 300w, https:\/\/jorgezanoni.com.br\/2019\/wp-content\/uploads\/2021\/10\/vi-80x60.jpg 80w, https:\/\/jorgezanoni.com.br\/2019\/wp-content\/uploads\/2021\/10\/vi-265x198.jpg 265w, https:\/\/jorgezanoni.com.br\/2019\/wp-content\/uploads\/2021\/10\/vi-560x420.jpg 560w\" sizes=\"auto, (max-width: 640px) 100vw, 640px\" \/> <img loading=\"lazy\" decoding=\"async\" class=\"alignnone size-full wp-image-54852\" src=\"https:\/\/jorgezanoni.com.br\/2019\/wp-content\/uploads\/2021\/10\/via1.jpg\" alt=\"\" width=\"640\" height=\"480\" srcset=\"https:\/\/jorgezanoni.com.br\/2019\/wp-content\/uploads\/2021\/10\/via1.jpg 640w, https:\/\/jorgezanoni.com.br\/2019\/wp-content\/uploads\/2021\/10\/via1-300x225.jpg 300w, https:\/\/jorgezanoni.com.br\/2019\/wp-content\/uploads\/2021\/10\/via1-80x60.jpg 80w, https:\/\/jorgezanoni.com.br\/2019\/wp-content\/uploads\/2021\/10\/via1-265x198.jpg 265w, https:\/\/jorgezanoni.com.br\/2019\/wp-content\/uploads\/2021\/10\/via1-560x420.jpg 560w\" sizes=\"auto, (max-width: 640px) 100vw, 640px\" \/> <img loading=\"lazy\" decoding=\"async\" class=\"alignnone size-full wp-image-54853\" src=\"https:\/\/jorgezanoni.com.br\/2019\/wp-content\/uploads\/2021\/10\/via2.jpg\" alt=\"\" width=\"640\" height=\"480\" srcset=\"https:\/\/jorgezanoni.com.br\/2019\/wp-content\/uploads\/2021\/10\/via2.jpg 640w, https:\/\/jorgezanoni.com.br\/2019\/wp-content\/uploads\/2021\/10\/via2-300x225.jpg 300w, https:\/\/jorgezanoni.com.br\/2019\/wp-content\/uploads\/2021\/10\/via2-80x60.jpg 80w, https:\/\/jorgezanoni.com.br\/2019\/wp-content\/uploads\/2021\/10\/via2-265x198.jpg 265w, https:\/\/jorgezanoni.com.br\/2019\/wp-content\/uploads\/2021\/10\/via2-560x420.jpg 560w\" sizes=\"auto, (max-width: 640px) 100vw, 640px\" \/> <img loading=\"lazy\" decoding=\"async\" class=\"alignnone size-full wp-image-54854\" src=\"https:\/\/jorgezanoni.com.br\/2019\/wp-content\/uploads\/2021\/10\/via3.jpg\" alt=\"\" width=\"640\" height=\"480\" srcset=\"https:\/\/jorgezanoni.com.br\/2019\/wp-content\/uploads\/2021\/10\/via3.jpg 640w, https:\/\/jorgezanoni.com.br\/2019\/wp-content\/uploads\/2021\/10\/via3-300x225.jpg 300w, https:\/\/jorgezanoni.com.br\/2019\/wp-content\/uploads\/2021\/10\/via3-80x60.jpg 80w, https:\/\/jorgezanoni.com.br\/2019\/wp-content\/uploads\/2021\/10\/via3-265x198.jpg 265w, https:\/\/jorgezanoni.com.br\/2019\/wp-content\/uploads\/2021\/10\/via3-560x420.jpg 560w\" sizes=\"auto, (max-width: 640px) 100vw, 640px\" \/> <img loading=\"lazy\" decoding=\"async\" class=\"alignnone size-full wp-image-54855\" src=\"https:\/\/jorgezanoni.com.br\/2019\/wp-content\/uploads\/2021\/10\/via5.jpg\" alt=\"\" width=\"640\" height=\"480\" srcset=\"https:\/\/jorgezanoni.com.br\/2019\/wp-content\/uploads\/2021\/10\/via5.jpg 640w, https:\/\/jorgezanoni.com.br\/2019\/wp-content\/uploads\/2021\/10\/via5-300x225.jpg 300w, https:\/\/jorgezanoni.com.br\/2019\/wp-content\/uploads\/2021\/10\/via5-80x60.jpg 80w, https:\/\/jorgezanoni.com.br\/2019\/wp-content\/uploads\/2021\/10\/via5-265x198.jpg 265w, https:\/\/jorgezanoni.com.br\/2019\/wp-content\/uploads\/2021\/10\/via5-560x420.jpg 560w\" sizes=\"auto, (max-width: 640px) 100vw, 640px\" \/><\/p>\n<p style=\"text-align: justify;\">Fonte: Mil Notpicias\/Ag\u00eancia e G1<\/p>\n","protected":false},"excerpt":{"rendered":"<p>O PM morador de Ara\u00e7atuba veio a \u00f3bito e outros dois ficaram feridos. A Viatura pertence a cidade de Andradina. Acidente aconteceu entre Bauru e Ava\u00ed (SP), na manh\u00e3 deste s\u00e1bado (9) Um sargento da Pol\u00edcia Militar pertencente ao efetivo do BAEP de Ara\u00e7atuba morreu e outros dois militares, sendo um soldado de Ara\u00e7atuba (tamb\u00e9m [&hellip;]<\/p>\n","protected":false},"author":1,"featured_media":54851,"comment_status":"closed","ping_status":"open","sticky":false,"template":"","format":"standard","meta":{"footnotes":""},"categories":[170,110],"tags":[],"class_list":["post-54849","post","type-post","status-publish","format-standard","has-post-thumbnail","hentry","category-acidentes","category-noticiasdestaque"],"_links":{"self":[{"href":"https:\/\/jorgezanoni.com.br\/2019\/wp-json\/wp\/v2\/posts\/54849","targetHints":{"allow":["GET"]}}],"collection":[{"href":"https:\/\/jorgezanoni.com.br\/2019\/wp-json\/wp\/v2\/posts"}],"about":[{"href":"https:\/\/jorgezanoni.com.br\/2019\/wp-json\/wp\/v2\/types\/post"}],"author":[{"embeddable":true,"href":"https:\/\/jorgezanoni.com.br\/2019\/wp-json\/wp\/v2\/users\/1"}],"replies":[{"embeddable":true,"href":"https:\/\/jorgezanoni.com.br\/2019\/wp-json\/wp\/v2\/comments?post=54849"}],"version-history":[{"count":0,"href":"https:\/\/jorgezanoni.com.br\/2019\/wp-json\/wp\/v2\/posts\/54849\/revisions"}],"wp:featuredmedia":[{"embeddable":true,"href":"https:\/\/jorgezanoni.com.br\/2019\/wp-json\/wp\/v2\/media\/54851"}],"wp:attachment":[{"href":"https:\/\/jorgezanoni.com.br\/2019\/wp-json\/wp\/v2\/media?parent=54849"}],"wp:term":[{"taxonomy":"category","embeddable":true,"href":"https:\/\/jorgezanoni.com.br\/2019\/wp-json\/wp\/v2\/categories?post=54849"},{"taxonomy":"post_tag","embeddable":true,"href":"https:\/\/jorgezanoni.com.br\/2019\/wp-json\/wp\/v2\/tags?post=54849"}],"curies":[{"name":"wp","href":"https:\/\/api.w.org\/{rel}","templated":true}]}}