{"id":54827,"date":"2021-10-08T22:13:29","date_gmt":"2021-10-08T22:13:29","guid":{"rendered":"https:\/\/jorgezanoni.com.br\/2019\/?p=54827"},"modified":"2021-10-08T22:13:29","modified_gmt":"2021-10-08T22:13:29","slug":"mae-e-presa-em-flagrante-por-tentativa-de-homicidio-apos-abandonar-bebe-recem-nascida-em-pasto-em-emilianopolis","status":"publish","type":"post","link":"https:\/\/jorgezanoni.com.br\/2019\/mae-e-presa-em-flagrante-por-tentativa-de-homicidio-apos-abandonar-bebe-recem-nascida-em-pasto-em-emilianopolis\/","title":{"rendered":"M\u00e3e \u00e9 presa em flagrante por tentativa de homic\u00eddio ap\u00f3s abandonar beb\u00ea rec\u00e9m-nascida em pasto em Emilian\u00f3polis"},"content":{"rendered":"<h2 class=\"content-head__subtitle\" style=\"text-align: justify;\"><strong>Mulher disse aos policiais que ningu\u00e9m sabia que ela estava gr\u00e1vida e por j\u00e1 ser m\u00e3e e n\u00e3o ter condi\u00e7\u00f5es de criar outro filho tomou a atitude de deixar a crian\u00e7a na \u00e1rea de pastagem.<\/strong><\/h2>\n<div class=\"mc-column content-text active-extra-styles \" data-block-type=\"unstyled\" data-block-weight=\"40\" data-block-id=\"2\">\n<p class=\"content-text__container \" style=\"text-align: justify;\" data-track-category=\"Link no Texto\" data-track-links=\"\">A Pol\u00edcia Civil prendeu na tarde desta sexta-feira (8) uma mulher, de 20 anos, suspeita de tentativa de homic\u00eddio ap\u00f3s\u00a0<a href=\"https:\/\/g1.globo.com\/sp\/presidente-prudente-regiao\/noticia\/2021\/10\/08\/bebe-recem-nascida-e-abandonada-em-pasto-em-emilianopolis.ghtml\">abandonar sua beb\u00ea rec\u00e9m-nascida em uma \u00e1rea de pastagem<\/a>, no Jardim das Flores, em\u00a0<a href=\"https:\/\/g1.globo.com\/sp\/presidente-prudente-regiao\/cidade\/emilianopolis\/\">Emilian\u00f3polis (SP).<\/a><\/p>\n<\/div>\n<div class=\"wall protected-content\">\n<div class=\"mc-column content-text active-extra-styles \" style=\"text-align: justify;\" data-block-type=\"unstyled\" data-block-weight=\"38\" data-block-id=\"3\">\n<p class=\"content-text__container \" data-track-category=\"Link no Texto\" data-track-links=\"\">Por volta das 11h30, a Pol\u00edcia Civil foi informada de que populares haviam encontrado a menina rec\u00e9m-nascida que ainda estava com parte do cord\u00e3o umbilical junto ao corpo. A Pol\u00edcia Militar foi acionada e rapidamente compareceu ao local.<\/p>\n<\/div>\n<div class=\"mc-column content-text active-extra-styles \" style=\"text-align: justify;\" data-block-type=\"unstyled\" data-block-weight=\"51\" data-block-id=\"4\">\n<p class=\"content-text__container \" data-track-category=\"Link no Texto\" data-track-links=\"\">Segundo a Pol\u00edcia Civil, a crian\u00e7a foi abandonada em uma \u00e1rea de pastagem pr\u00f3xima ao bairro Vila Continental, em um dos extremos do munic\u00edpio de Emilian\u00f3polis. Trata-se de uma menina, com 45 cent\u00edmetros de altura, pesando 2,6 quilos, com cabelo preto, olhos castanhos e pele branca, de acordo com a pol\u00edcia.<\/p>\n<\/div>\n<div class=\"mc-column content-text active-extra-styles \" style=\"text-align: justify;\" data-block-type=\"unstyled\" data-block-weight=\"38\" data-block-id=\"5\">\n<p class=\"content-text__container \" data-track-category=\"Link no Texto\" data-track-links=\"\">A beb\u00ea foi levada ao Posto de Sa\u00fade do munic\u00edpio para os primeiros atendimentos m\u00e9dicos e depois encaminhada ao Hospital Estadual (HE), em\u00a0<a href=\"https:\/\/g1.globo.com\/sp\/presidente-prudente-regiao\/cidade\/presidente-prudente\/\">Presidente Prudente (SP)<\/a>. Segundo informa\u00e7\u00f5es m\u00e9dicas, a crian\u00e7a passa bem e n\u00e3o corre qualquer risco.<\/p>\n<\/div>\n<div class=\"mc-column content-text active-extra-styles \" data-block-type=\"unstyled\" data-block-weight=\"37\" data-block-id=\"6\">\n<p class=\"content-text__container \" style=\"text-align: justify;\" data-track-category=\"Link no Texto\" data-track-links=\"\">Ap\u00f3s tomarem conhecimento do ocorrido, o delegado respons\u00e1vel pelo caso, Daniel Aparecido Viudes, e os investigadores da Pol\u00edcia Civil obtiveram a informa\u00e7\u00e3o de que em uma resid\u00eancia pr\u00f3xima ao local havia poss\u00edveis manchas de sangue no quintal.<\/p>\n<div class=\"mc-column content-text active-extra-styles\" style=\"text-align: justify;\" data-block-type=\"raw\" data-block-weight=\"2\" data-block-id=\"8\">\n<div class=\"content-intertitle\">\n<h2>VEJA TAMB\u00c9M<\/h2>\n<\/div>\n<\/div>\n<div class=\"mc-column content-text active-extra-styles\" style=\"text-align: justify;\" data-block-type=\"raw\" data-block-weight=\"10\" data-block-id=\"9\">\n<ul class=\"content-unordered-list\">\n<li><a href=\"https:\/\/g1.globo.com\/sp\/presidente-prudente-regiao\/noticia\/2021\/10\/08\/bebe-recem-nascida-e-abandonada-em-pasto-em-emilianopolis.ghtml\">Beb\u00ea rec\u00e9m-nascida \u00e9 abandonada em pasto em Emilian\u00f3polis; veja V\u00cdDEO<\/a><\/li>\n<\/ul>\n<p>Ao ser questionada sobre o assunto, a moradora, uma mo\u00e7a de 20 anos, negou envolvimento com o caso, dizendo, em princ\u00edpio, que estava em seu per\u00edodo menstrual e com hemorragia.<\/p>\n<\/div>\n<div class=\"mc-column content-text active-extra-styles \" style=\"text-align: justify;\" data-block-type=\"unstyled\" data-block-weight=\"28\" data-block-id=\"11\">\n<p class=\"content-text__container \" data-track-category=\"Link no Texto\" data-track-links=\"\">Os policiais civis realizaram dilig\u00eancias e encontraram no quintal v\u00e1rias manchas de subst\u00e2ncia avermelhada, roupas e o len\u00e7ol do quarto da jovem tamb\u00e9m com machas assemelhadas a sangue.<\/p>\n<\/div>\n<div class=\"mc-column content-text active-extra-styles \" style=\"text-align: justify;\" data-block-type=\"unstyled\" data-block-weight=\"20\" data-block-id=\"12\">\n<p class=\"content-text__container \" data-track-category=\"Link no Texto\" data-track-links=\"\">Novamente questionada e ap\u00f3s in\u00fameras contradi\u00e7\u00f5es constatadas pelos policiais, a mulher confessou ter abandonado a crian\u00e7a, conforme a Pol\u00edcia Civil.<\/p>\n<\/div>\n<div class=\"mc-column content-text active-extra-styles \" style=\"text-align: justify;\" data-block-type=\"unstyled\" data-block-weight=\"36\" data-block-id=\"13\">\n<p class=\"content-text__container \" data-track-category=\"Link no Texto\" data-track-links=\"\">A jovem disse aos policiais que ningu\u00e9m sabia que ela estava gr\u00e1vida e ainda justificou que, por j\u00e1 ser m\u00e3e e n\u00e3o ter condi\u00e7\u00f5es de criar outro filho, acabou tomando essa atitude no come\u00e7o da madrugada.<\/p>\n<\/div>\n<div class=\"mc-column content-text active-extra-styles \" style=\"text-align: justify;\" data-block-type=\"unstyled\" data-block-weight=\"21\" data-block-id=\"14\">\n<p class=\"content-text__container \" data-track-category=\"Link no Texto\" data-track-links=\"\">Ainda segundo a Pol\u00edcia Civil, a mulher foi autuada em flagrante por tentativa de homic\u00eddio e ficar\u00e1 \u00e0 disposi\u00e7\u00e3o da Justi\u00e7a.<\/p>\n<\/div>\n<div class=\"mc-column content-text active-extra-styles \" style=\"text-align: justify;\" data-block-type=\"unstyled\" data-block-weight=\"14\" data-block-id=\"15\">\n<p class=\"content-text__container \" data-track-category=\"Link no Texto\" data-track-links=\"\">A crian\u00e7a ficar\u00e1 sob os cuidados da rede de prote\u00e7\u00e3o do munic\u00edpio de Emilian\u00f3polis.<\/p>\n<\/div>\n<div class=\"mc-column content-text active-extra-styles \" data-block-type=\"unstyled\" data-block-weight=\"14\" data-block-id=\"16\">\n<p class=\"content-text__container \" style=\"text-align: justify;\" data-track-category=\"Link no Texto\" data-track-links=\"\">A Pol\u00edcia Cient\u00edfica foi acionada para periciar o local onde a crian\u00e7a foi abandonada.<\/p>\n<div class=\"mc-column content-text active-extra-styles\" data-block-type=\"raw\" data-block-weight=\"6\" data-block-id=\"18\">\n<div class=\"content-intertitle\">\n<h2 style=\"text-align: justify;\">N\u00e3o acreditou que aquilo era poss\u00edvel<\/h2>\n<p style=\"text-align: justify;\">A rec\u00e9m-nascida foi encontrada por um morador pr\u00f3ximo ao pasto que ouviu o choro bem baixinho da crian\u00e7a e ao verificar do que se tratava constatou que era a rec\u00e9m-nascida no ch\u00e3o.<\/p>\n<div class=\"mc-column content-text active-extra-styles \" style=\"text-align: justify;\" data-block-type=\"unstyled\" data-block-weight=\"23\" data-block-id=\"21\">\n<p class=\"content-text__container \" data-track-category=\"Link no Texto\" data-track-links=\"\">T\u00falio Manfrim Redivo, que foi quem encontrou a beb\u00ea, disse ao\u00a0<a href=\"https:\/\/g1.globo.com\/sp\/presidente-prudente-regiao\/\"><strong>g1\u00a0<\/strong><\/a>que, quando se deparou com a crian\u00e7a, n\u00e3o acreditava no que estava vendo.<\/p>\n<\/div>\n<div class=\"mc-column content-text active-extra-styles \" style=\"text-align: justify;\" data-block-type=\"unstyled\" data-block-weight=\"39\" data-block-id=\"22\">\n<p class=\"content-text__container \" data-track-category=\"Link no Texto\" data-track-links=\"\">&#8220;Um rapaz que mora no fundo da \u00e1rea de pastagem em que o beb\u00ea estava escutou um choro e veio at\u00e9 mim, no meu lava-jato. Fomos at\u00e9 l\u00e1 e encontramos a crian\u00e7a, n\u00e3o acreditamos que aquilo era poss\u00edvel&#8221;, falou.<\/p>\n<\/div>\n<div class=\"mc-column content-text active-extra-styles \" style=\"text-align: justify;\" data-block-type=\"unstyled\" data-block-weight=\"17\" data-block-id=\"23\">\n<p class=\"content-text__container \" data-track-category=\"Link no Texto\" data-track-links=\"\">Redivo tamb\u00e9m contou que, logo em seguida, chamou a Pol\u00edcia Militar e acionou o Posto de Sa\u00fade.<\/p>\n<\/div>\n<div class=\"row medium-uncollapsed content-media content-photo\" style=\"text-align: justify;\" data-block-type=\"backstage-photo\" data-block-id=\"24\">\n<div class=\"mc-column content-media__container\">\n<div class=\"content-media-container glb-skeleton-box\">\n<figure class=\"content-media-figure\"><img decoding=\"async\" class=\"i-amphtml-fill-content i-amphtml-replaced-content\" src=\"https:\/\/s2.glbimg.com\/o1QvXgY1ywje1qjLvd0iqUZ9Qo0=\/0x0:1200x1110\/984x0\/smart\/filters:strip_icc()\/i.s3.glbimg.com\/v1\/AUTH_59edd422c0c84a879bd37670ae4f538a\/internal_photos\/bs\/2021\/A\/h\/4glA4YQVSqZKLbxBCI9g\/bebe-1.jpg\" sizes=\"(max-width: 1366px) 648px, 100vw\" srcset=\"https:\/\/s2.glbimg.com\/w2OXgtM6mSVhXYm-mMmzEpyJzlI=\/0x0:1200x1110\/1000x0\/smart\/filters:strip_icc()\/i.s3.glbimg.com\/v1\/AUTH_59edd422c0c84a879bd37670ae4f538a\/internal_photos\/bs\/2021\/A\/h\/4glA4YQVSqZKLbxBCI9g\/bebe-1.jpg 1000w, https:\/\/s2.glbimg.com\/o1QvXgY1ywje1qjLvd0iqUZ9Qo0=\/0x0:1200x1110\/984x0\/smart\/filters:strip_icc()\/i.s3.glbimg.com\/v1\/AUTH_59edd422c0c84a879bd37670ae4f538a\/internal_photos\/bs\/2021\/A\/h\/4glA4YQVSqZKLbxBCI9g\/bebe-1.jpg 984w, https:\/\/s2.glbimg.com\/L6LuxuR1Y6ZhL5F4kF0L7HQ4HIc=\/0x0:1200x1110\/640x0\/smart\/filters:strip_icc()\/i.s3.glbimg.com\/v1\/AUTH_59edd422c0c84a879bd37670ae4f538a\/internal_photos\/bs\/2021\/A\/h\/4glA4YQVSqZKLbxBCI9g\/bebe-1.jpg 640w, https:\/\/s2.glbimg.com\/YQngjiwhtCHDT_kCErg8eE4gNCE=\/0x0:1200x1110\/600x0\/smart\/filters:strip_icc()\/i.s3.glbimg.com\/v1\/AUTH_59edd422c0c84a879bd37670ae4f538a\/internal_photos\/bs\/2021\/A\/h\/4glA4YQVSqZKLbxBCI9g\/bebe-1.jpg 600w\" alt=\"Beb\u00ea foi abandonada em \u00e1rea de pastagem em Emilian\u00f3polis (SP) \u2014 Foto: T\u00falio Manfrim Redivo\" \/><\/figure>\n<\/div>\n<p class=\"content-media__description \">Beb\u00ea foi abandonada em \u00e1rea de pastagem em Emilian\u00f3polis (SP) \u2014 Foto: T\u00falio Manfrim Redivo<\/p>\n<\/div>\n<\/div>\n<div class=\"mc-column content-text active-extra-styles \" style=\"text-align: justify;\" data-block-type=\"unstyled\" data-block-weight=\"37\" data-block-id=\"25\">\n<p class=\"content-text__container \" data-track-category=\"Link no Texto\" data-track-links=\"\">&#8220;Eu liguei para um policial militar que eu sabia que estava de servi\u00e7o, pois fiquei com medo de ligar no 190 e demorar. Depois, liguei no posto e avisei que o beb\u00ea iria para l\u00e1&#8221;, disse ao\u00a0<a href=\"https:\/\/g1.globo.com\/sp\/presidente-prudente-regiao\/\"><strong>g1<\/strong><\/a>.<\/p>\n<\/div>\n<div class=\"mc-column content-text active-extra-styles \" style=\"text-align: justify;\" data-block-type=\"unstyled\" data-block-weight=\"28\" data-block-id=\"26\">\n<p class=\"content-text__container \" data-track-category=\"Link no Texto\" data-track-links=\"\">As condi\u00e7\u00f5es do local onde estava a rec\u00e9m-nascida, de acordo com Redivo, aparentavam que o parto tinha acontecido ali mesmo e que n\u00e3o havia se passado muito tempo.<\/p>\n<\/div>\n<div class=\"mc-column content-text active-extra-styles \" style=\"text-align: justify;\" data-block-type=\"unstyled\" data-block-weight=\"23\" data-block-id=\"27\">\n<p class=\"content-text__container \" data-track-category=\"Link no Texto\" data-track-links=\"\">&#8220;Tinha uma toalha branca e o cord\u00e3o umbilical ainda estava sujo, ent\u00e3o, parecia que o parto tinha acabado de acontecer&#8221;, completou ele ao\u00a0<a href=\"https:\/\/g1.globo.com\/sp\/presidente-prudente-regiao\/\"><strong>g1<\/strong><\/a>.<\/p>\n<\/div>\n<div class=\"row medium-uncollapsed content-media content-photo\" style=\"text-align: justify;\" data-block-type=\"backstage-photo\" data-block-id=\"28\">\n<div class=\"mc-column content-media__container\">\n<div class=\"content-media-container glb-skeleton-box\">\n<figure class=\"content-media-figure\"><img decoding=\"async\" class=\"i-amphtml-fill-content i-amphtml-replaced-content\" src=\"https:\/\/s2.glbimg.com\/TxQYZR6jmshG2r5zsfSoqAWox50=\/0x0:1000x1260\/984x0\/smart\/filters:strip_icc()\/i.s3.glbimg.com\/v1\/AUTH_59edd422c0c84a879bd37670ae4f538a\/internal_photos\/bs\/2021\/m\/4\/uBQ2zpQrmTy6nBTZiWHw\/cedida.jpg\" sizes=\"(max-width: 1366px) 648px, 100vw\" srcset=\"https:\/\/s2.glbimg.com\/7jjWENdEBMIU8Ub5SIhhujZ3jYU=\/0x0:1000x1260\/1000x0\/smart\/filters:strip_icc()\/i.s3.glbimg.com\/v1\/AUTH_59edd422c0c84a879bd37670ae4f538a\/internal_photos\/bs\/2021\/m\/4\/uBQ2zpQrmTy6nBTZiWHw\/cedida.jpg 1000w, https:\/\/s2.glbimg.com\/TxQYZR6jmshG2r5zsfSoqAWox50=\/0x0:1000x1260\/984x0\/smart\/filters:strip_icc()\/i.s3.glbimg.com\/v1\/AUTH_59edd422c0c84a879bd37670ae4f538a\/internal_photos\/bs\/2021\/m\/4\/uBQ2zpQrmTy6nBTZiWHw\/cedida.jpg 984w, https:\/\/s2.glbimg.com\/QIOB6oV_YvIeoOulyfiNUN55_Co=\/0x0:1000x1260\/640x0\/smart\/filters:strip_icc()\/i.s3.glbimg.com\/v1\/AUTH_59edd422c0c84a879bd37670ae4f538a\/internal_photos\/bs\/2021\/m\/4\/uBQ2zpQrmTy6nBTZiWHw\/cedida.jpg 640w, https:\/\/s2.glbimg.com\/8lqln97i7DxeWuACy8rNaby3hoE=\/0x0:1000x1260\/600x0\/smart\/filters:strip_icc()\/i.s3.glbimg.com\/v1\/AUTH_59edd422c0c84a879bd37670ae4f538a\/internal_photos\/bs\/2021\/m\/4\/uBQ2zpQrmTy6nBTZiWHw\/cedida.jpg 600w\" alt=\"A rec\u00e9m-nascida foi atendida no Posto de Sa\u00fade de Emilian\u00f3polis (SP) e depois encaminhada ao Hospital Estadual (HE), em Presidente Prudente (SP) \u2014 Foto: Cedida\" \/><\/figure>\n<\/div>\n<p class=\"content-media__description \">A rec\u00e9m-nascida foi atendida no Posto de Sa\u00fade de Emilian\u00f3polis (SP) e depois encaminhada ao Hospital Estadual (HE), em Presidente Prudente (SP) \u2014 Foto: Cedida<\/p>\n<p><span style=\"color: #111111; font-family: Roboto, sans-serif; font-size: 27px;\">Primeiro atendimento<\/span><\/p>\n<p>A beb\u00ea foi levada ao Posto de Sa\u00fade de Emilian\u00f3polis, onde a equipe que trabalha no local deu-lhe banho e amamenta\u00e7\u00e3o, antes de encaminh\u00e1-la ao HE, em Presidente Prudente.<\/p>\n<\/div>\n<\/div>\n<div class=\"mc-column content-text active-extra-styles \" style=\"text-align: justify;\" data-block-type=\"unstyled\" data-block-weight=\"22\" data-block-id=\"32\">\n<p class=\"content-text__container \" data-track-category=\"Link no Texto\" data-track-links=\"\">Segundo o secret\u00e1rio municipal de Sa\u00fade de Emilian\u00f3polis, Elton Munhoz, que \u00e9 enfermeiro, a crian\u00e7a pesou 2,6 quilos e aparentava estar saud\u00e1vel.<\/p>\n<\/div>\n<div class=\"mc-column content-text active-extra-styles \" style=\"text-align: justify;\" data-block-type=\"unstyled\" data-block-weight=\"54\" data-block-id=\"33\">\n<p class=\"content-text__container \" data-track-category=\"Link no Texto\" data-track-links=\"\">\u201cNa unidade foi feito o primeiro atendimento com a nossa m\u00e9dica, que \u00e9 cl\u00ednica geral e pediatra. Logo de primeiro momento, ela percebeu que era uma crian\u00e7a aparentemente tranquila. A gente pensou que era uma crian\u00e7a prematura e tudo mais, mas nessa abordagem \u00e9 uma crian\u00e7a normal, de peso adequado para a idade&#8221;, explicou.<\/p>\n<\/div>\n<div class=\"mc-column content-text active-extra-styles \" style=\"text-align: justify;\" data-block-type=\"unstyled\" data-block-weight=\"52\" data-block-id=\"34\">\n<p class=\"content-text__container \" data-track-category=\"Link no Texto\" data-track-links=\"\">&#8220;Foi feito esse primeiro atendimento, tinha uma sujidade, um pouco de insetos, formigas. Foi dado um banho em primeiro momento, feito uma aspira\u00e7\u00e3o de vias a\u00e9reas e a crian\u00e7a tomou at\u00e9 leite, a gente deu leite para a criancinha, aqueceu ela devidamente e foi encaminhada para o hospital de refer\u00eancia\u201d, complementou Munhoz.<\/p>\n<\/div>\n<div class=\"mc-column content-text active-extra-styles \" style=\"text-align: justify;\" data-block-type=\"unstyled\" data-block-weight=\"17\" data-block-id=\"35\">\n<p class=\"content-text__container \" data-track-category=\"Link no Texto\" data-track-links=\"\">O secret\u00e1rio ainda esclareceu que o encaminhamento para um hospital de refer\u00eancia \u00e9 um procedimento de rotina.<\/p>\n<\/div>\n<div class=\"mc-column content-text active-extra-styles \" style=\"text-align: justify;\" data-block-type=\"unstyled\" data-block-weight=\"67\" data-block-id=\"36\">\n<p class=\"content-text__container \" data-track-category=\"Link no Texto\" data-track-links=\"\">\u201c\u00c9 um procedimento de rotina porque ela \u00e9 uma crian\u00e7a que precisava ainda ficar em observa\u00e7\u00e3o e ser melhor avaliada nessas primeiras horas. Mas a gente j\u00e1 obteve informa\u00e7\u00f5es de que a crian\u00e7a est\u00e1 \u00f3tima e vai fazer alguns exames l\u00e1, mas inclusive a fam\u00edlia acolhedora j\u00e1 foi acionada e agora s\u00e3o s\u00f3 os tr\u00e2mites para dar seguimento e um lar para essa crian\u00e7a\u201d, afirmou o secret\u00e1rio.<\/p>\n<\/div>\n<div class=\"row medium-uncollapsed content-media content-photo\" style=\"text-align: justify;\" data-block-type=\"backstage-photo\" data-block-id=\"37\">\n<div class=\"mc-column content-media__container\">\n<div class=\"content-media-container glb-skeleton-box\">\n<figure class=\"content-media-figure\"><img decoding=\"async\" class=\"i-amphtml-fill-content i-amphtml-replaced-content\" src=\"https:\/\/s2.glbimg.com\/jbz3sWKd6BfXE51ZMnIwoD8UmTE=\/0x0:1600x900\/984x0\/smart\/filters:strip_icc()\/i.s3.glbimg.com\/v1\/AUTH_59edd422c0c84a879bd37670ae4f538a\/internal_photos\/bs\/2021\/K\/a\/XiQIfCS5WLcTptCcUkzw\/bebe-bill-5.jpg\" sizes=\"(max-width: 1366px) 648px, 100vw\" srcset=\"https:\/\/s2.glbimg.com\/bgyxsvyx_jk47wIo4AnLTGsdFz8=\/0x0:1600x900\/1000x0\/smart\/filters:strip_icc()\/i.s3.glbimg.com\/v1\/AUTH_59edd422c0c84a879bd37670ae4f538a\/internal_photos\/bs\/2021\/K\/a\/XiQIfCS5WLcTptCcUkzw\/bebe-bill-5.jpg 1000w, https:\/\/s2.glbimg.com\/jbz3sWKd6BfXE51ZMnIwoD8UmTE=\/0x0:1600x900\/984x0\/smart\/filters:strip_icc()\/i.s3.glbimg.com\/v1\/AUTH_59edd422c0c84a879bd37670ae4f538a\/internal_photos\/bs\/2021\/K\/a\/XiQIfCS5WLcTptCcUkzw\/bebe-bill-5.jpg 984w, https:\/\/s2.glbimg.com\/979p7mkeIpAaBxhScpAV28HYfpo=\/0x0:1600x900\/640x0\/smart\/filters:strip_icc()\/i.s3.glbimg.com\/v1\/AUTH_59edd422c0c84a879bd37670ae4f538a\/internal_photos\/bs\/2021\/K\/a\/XiQIfCS5WLcTptCcUkzw\/bebe-bill-5.jpg 640w, https:\/\/s2.glbimg.com\/NfXiNs9CK41Vv2TVSYHRH-XS7aQ=\/0x0:1600x900\/600x0\/smart\/filters:strip_icc()\/i.s3.glbimg.com\/v1\/AUTH_59edd422c0c84a879bd37670ae4f538a\/internal_photos\/bs\/2021\/K\/a\/XiQIfCS5WLcTptCcUkzw\/bebe-bill-5.jpg 600w\" alt=\"Beb\u00ea foi abandonada em \u00e1rea de pastagem em Emilian\u00f3polis (SP) \u2014 Foto: Bill Paschoalotto\/TV Fronteira\" \/><\/figure>\n<\/div>\n<p class=\"content-media__description \">Beb\u00ea foi abandonada em \u00e1rea de pastagem em Emilian\u00f3polis (SP) \u2014 Foto: Bill Paschoalotto\/TV Fronteira<\/p>\n<\/div>\n<\/div>\n<div class=\"content-ads content-ads--reveal\" data-block-type=\"ads\" data-block-id=\"38\">\n<div id=\"banner_materia__6d060c00-af08-42d8-99f9-b17eb8a99ee4\" class=\"tag-manager-publicidade-container mc-has-reveal mc-has-ad-lazyload tag-manager-publicidade-banner_materia__6d060c00-af08-42d8-99f9-b17eb8a99ee4 tag-manager-publicidade-container--carregado tag-manager-publicidade-container--visivel\" data-id=\"banner_materia__6d060c00-af08-42d8-99f9-b17eb8a99ee4\" data-req=\"true\" data-google-query-id=\"CNOJopfqu_MCFSC8lQIdFUUOQg\" data-cid=\"138365557739\" data-lid=\"5800881290\">\n<div class=\"content-media-container glb-skeleton-box\" style=\"text-align: justify;\">\n<figure class=\"content-media-figure\"><img decoding=\"async\" class=\"i-amphtml-fill-content i-amphtml-replaced-content\" src=\"https:\/\/s2.glbimg.com\/ELLXH2MzpUM3cPZJdrT1cNzbDn4=\/140x557:881x1254\/984x0\/smart\/filters:strip_icc()\/i.s3.glbimg.com\/v1\/AUTH_59edd422c0c84a879bd37670ae4f538a\/internal_photos\/bs\/2021\/b\/9\/O4jj2XQwyHYAn6qfA0fg\/celular-mae-apreendido.jpg\" sizes=\"(max-width: 1366px) 648px, 100vw\" srcset=\"https:\/\/s2.glbimg.com\/ij9J4Di3sKol_lNPGT6FiBk4j0k=\/140x557:881x1254\/1000x0\/smart\/filters:strip_icc()\/i.s3.glbimg.com\/v1\/AUTH_59edd422c0c84a879bd37670ae4f538a\/internal_photos\/bs\/2021\/b\/9\/O4jj2XQwyHYAn6qfA0fg\/celular-mae-apreendido.jpg 1000w, https:\/\/s2.glbimg.com\/ELLXH2MzpUM3cPZJdrT1cNzbDn4=\/140x557:881x1254\/984x0\/smart\/filters:strip_icc()\/i.s3.glbimg.com\/v1\/AUTH_59edd422c0c84a879bd37670ae4f538a\/internal_photos\/bs\/2021\/b\/9\/O4jj2XQwyHYAn6qfA0fg\/celular-mae-apreendido.jpg 984w, https:\/\/s2.glbimg.com\/fHpLb7IEtOazT6j8Ezp_hdP3i18=\/140x557:881x1254\/640x0\/smart\/filters:strip_icc()\/i.s3.glbimg.com\/v1\/AUTH_59edd422c0c84a879bd37670ae4f538a\/internal_photos\/bs\/2021\/b\/9\/O4jj2XQwyHYAn6qfA0fg\/celular-mae-apreendido.jpg 640w, https:\/\/s2.glbimg.com\/NAngw7PhxDHMRFSScxxg5hIYGYA=\/140x557:881x1254\/600x0\/smart\/filters:strip_icc()\/i.s3.glbimg.com\/v1\/AUTH_59edd422c0c84a879bd37670ae4f538a\/internal_photos\/bs\/2021\/b\/9\/O4jj2XQwyHYAn6qfA0fg\/celular-mae-apreendido.jpg 600w\" alt=\"Celular da m\u00e3e da beb\u00ea foi apreendido em Emilian\u00f3polis (SP) \u2014 Foto: Pol\u00edcia Civil\" \/><\/figure>\n<\/div>\n<p class=\"content-media__description \" style=\"text-align: justify;\">Celular da m\u00e3e da beb\u00ea foi apreendido em Emilian\u00f3polis (SP) \u2014 Foto: Pol\u00edcia Civil<\/p>\n<p style=\"text-align: justify;\">Fonte: https:\/\/g1.globo.com\/sp\/presidente-prudente-regiao\/noticia\/2021\/10\/08\/mae-e-presa-em-flagrante-por-tentativa-de-homicidio-apos-abandonar-bebe-recem-nascida-em-pasto-em-emilianopolis.ghtml<\/p>\n<\/div>\n<\/div>\n<\/div>\n<\/div>\n<\/div>\n<p data-track-category=\"Link no Texto\" data-track-links=\"\">\n<\/div>\n<\/div>\n","protected":false},"excerpt":{"rendered":"<p>Mulher disse aos policiais que ningu\u00e9m sabia que ela estava gr\u00e1vida e por j\u00e1 ser m\u00e3e e n\u00e3o ter condi\u00e7\u00f5es de criar outro filho tomou a atitude de deixar a crian\u00e7a na \u00e1rea de pastagem. A Pol\u00edcia Civil prendeu na tarde desta sexta-feira (8) uma mulher, de 20 anos, suspeita de tentativa de homic\u00eddio ap\u00f3s\u00a0abandonar [&hellip;]<\/p>\n","protected":false},"author":1,"featured_media":54828,"comment_status":"closed","ping_status":"open","sticky":false,"template":"","format":"standard","meta":{"footnotes":""},"categories":[110,2],"tags":[],"class_list":["post-54827","post","type-post","status-publish","format-standard","has-post-thumbnail","hentry","category-noticiasdestaque","category-policial"],"_links":{"self":[{"href":"https:\/\/jorgezanoni.com.br\/2019\/wp-json\/wp\/v2\/posts\/54827","targetHints":{"allow":["GET"]}}],"collection":[{"href":"https:\/\/jorgezanoni.com.br\/2019\/wp-json\/wp\/v2\/posts"}],"about":[{"href":"https:\/\/jorgezanoni.com.br\/2019\/wp-json\/wp\/v2\/types\/post"}],"author":[{"embeddable":true,"href":"https:\/\/jorgezanoni.com.br\/2019\/wp-json\/wp\/v2\/users\/1"}],"replies":[{"embeddable":true,"href":"https:\/\/jorgezanoni.com.br\/2019\/wp-json\/wp\/v2\/comments?post=54827"}],"version-history":[{"count":0,"href":"https:\/\/jorgezanoni.com.br\/2019\/wp-json\/wp\/v2\/posts\/54827\/revisions"}],"wp:featuredmedia":[{"embeddable":true,"href":"https:\/\/jorgezanoni.com.br\/2019\/wp-json\/wp\/v2\/media\/54828"}],"wp:attachment":[{"href":"https:\/\/jorgezanoni.com.br\/2019\/wp-json\/wp\/v2\/media?parent=54827"}],"wp:term":[{"taxonomy":"category","embeddable":true,"href":"https:\/\/jorgezanoni.com.br\/2019\/wp-json\/wp\/v2\/categories?post=54827"},{"taxonomy":"post_tag","embeddable":true,"href":"https:\/\/jorgezanoni.com.br\/2019\/wp-json\/wp\/v2\/tags?post=54827"}],"curies":[{"name":"wp","href":"https:\/\/api.w.org\/{rel}","templated":true}]}}