{"id":54816,"date":"2021-10-08T21:00:13","date_gmt":"2021-10-08T21:00:13","guid":{"rendered":"https:\/\/jorgezanoni.com.br\/2019\/?p=54816"},"modified":"2021-10-08T21:00:13","modified_gmt":"2021-10-08T21:00:13","slug":"o-que-e-esquizofrenia-por-cidinha-pascoaloto","status":"publish","type":"post","link":"https:\/\/jorgezanoni.com.br\/2019\/o-que-e-esquizofrenia-por-cidinha-pascoaloto\/","title":{"rendered":"O que \u00e9 Esquizofrenia?  (por Cidinha Pascoaloto)"},"content":{"rendered":"<p style=\"text-align: justify;\">A esquizofrenia \u00e9 uma patologia psiqui\u00e1trica cr\u00f4nica. \u00c9 um conjunto de transtornos psiqui\u00e1tricos graves e incapacitantes.\u00a0\u00c9 definida por altera\u00e7\u00f5es nos pensamentos, emo\u00e7\u00f5es, percep\u00e7\u00f5es e do comportamento. At\u00e9 hoje n\u00e3o se sabe a causa da esquizofrenia. \u00a0Pode ser causado por fatores gen\u00e9ticos, ambientais e neurotransmissores que desencadeiam a doen\u00e7a. Geralmente a esquizofrenia se manifesta entre o final da adolesc\u00eancia e in\u00edcio da vida adulta em homens e mulheres. A esquizofrenia pode surgir de forma s\u00fabita ou gradual. Os sintomas iniciais s\u00e3o percebidos por familiares ou amigos mais pr\u00f3ximos, que notam que a pessoa est\u00e1, confusa, desorganizada ou afastada.<\/p>\n<p style=\"text-align: justify;\">Os principais sintomas de esquizofrenia podem variar de pessoa para pessoa, n\u00e3o havendo um sintoma espec\u00edfico desse transtorno, no entanto \u00e9 poss\u00edvel que existam alucina\u00e7\u00f5es, del\u00edrios, fala desordenada e altera\u00e7\u00e3o no comportamento. Por isso \u00e9 recomendado procurar um psiquiatra assim que forem notados sintomas. Os principais sintomas s\u00e3o: Del\u00edrios, alucina\u00e7\u00f5es, pensamentos desorganizados anormalidades na forma de se movimentar, falta de movimenta\u00e7\u00e3o, presen\u00e7a de movimentos repetidos, olhar fixo, caretas, eco da fala ou ficar mudo. \u00a0Podendo haver surtos psic\u00f3ticos, agressividade, agita\u00e7\u00e3o, risco de suic\u00eddio, Sintomas negativos, falta de express\u00e3o emocional, isolamento social, deixa de se cuidar, diminui\u00e7\u00e3o de aten\u00e7\u00e3o e concentra\u00e7\u00e3o, altera\u00e7\u00f5es na mem\u00f3ria\u00a0e dificuldades no aprendizado. O tratamento \u00e9 psiqui\u00e1trico e de forma cont\u00ednua e com obedi\u00eancia para evitar reca\u00eddas. Exige terapias para mudan\u00e7as de comportamentos.<\/p>\n<p style=\"text-align: justify;\">A esquizofrenia n\u00e3o tem cura, mas tem tratamentos que podem ser para a vida toda.<\/p>\n<p style=\"text-align: justify;\"><img loading=\"lazy\" decoding=\"async\" class=\"alignnone size-full wp-image-54817\" src=\"https:\/\/jorgezanoni.com.br\/2019\/wp-content\/uploads\/2021\/10\/Cidinha-Pascoaloto.jpg\" alt=\"\" width=\"847\" height=\"1280\" srcset=\"https:\/\/jorgezanoni.com.br\/2019\/wp-content\/uploads\/2021\/10\/Cidinha-Pascoaloto.jpg 847w, https:\/\/jorgezanoni.com.br\/2019\/wp-content\/uploads\/2021\/10\/Cidinha-Pascoaloto-199x300.jpg 199w, https:\/\/jorgezanoni.com.br\/2019\/wp-content\/uploads\/2021\/10\/Cidinha-Pascoaloto-678x1024.jpg 678w, https:\/\/jorgezanoni.com.br\/2019\/wp-content\/uploads\/2021\/10\/Cidinha-Pascoaloto-768x1161.jpg 768w, https:\/\/jorgezanoni.com.br\/2019\/wp-content\/uploads\/2021\/10\/Cidinha-Pascoaloto-696x1052.jpg 696w, https:\/\/jorgezanoni.com.br\/2019\/wp-content\/uploads\/2021\/10\/Cidinha-Pascoaloto-278x420.jpg 278w\" sizes=\"auto, (max-width: 847px) 100vw, 847px\" \/>Cidinha Pascoaloto-Psic\u00f3loga-CRP 06\/158174. Terapia Cognitivo Comportamental (TCC) com foco no Luto, Depress\u00e3o e Ansiedade. Atendimento presencial e online, contato: (18) 99725-6418<\/p>\n","protected":false},"excerpt":{"rendered":"<p>A esquizofrenia \u00e9 uma patologia psiqui\u00e1trica cr\u00f4nica. \u00c9 um conjunto de transtornos psiqui\u00e1tricos graves e incapacitantes.\u00a0\u00c9 definida por altera\u00e7\u00f5es nos pensamentos, emo\u00e7\u00f5es, percep\u00e7\u00f5es e do comportamento. At\u00e9 hoje n\u00e3o se sabe a causa da esquizofrenia. \u00a0Pode ser causado por fatores gen\u00e9ticos, ambientais e neurotransmissores que desencadeiam a doen\u00e7a. Geralmente a esquizofrenia se manifesta entre o [&hellip;]<\/p>\n","protected":false},"author":1,"featured_media":54818,"comment_status":"closed","ping_status":"open","sticky":false,"template":"","format":"standard","meta":{"footnotes":""},"categories":[175],"tags":[],"class_list":["post-54816","post","type-post","status-publish","format-standard","has-post-thumbnail","hentry","category-artigos"],"_links":{"self":[{"href":"https:\/\/jorgezanoni.com.br\/2019\/wp-json\/wp\/v2\/posts\/54816","targetHints":{"allow":["GET"]}}],"collection":[{"href":"https:\/\/jorgezanoni.com.br\/2019\/wp-json\/wp\/v2\/posts"}],"about":[{"href":"https:\/\/jorgezanoni.com.br\/2019\/wp-json\/wp\/v2\/types\/post"}],"author":[{"embeddable":true,"href":"https:\/\/jorgezanoni.com.br\/2019\/wp-json\/wp\/v2\/users\/1"}],"replies":[{"embeddable":true,"href":"https:\/\/jorgezanoni.com.br\/2019\/wp-json\/wp\/v2\/comments?post=54816"}],"version-history":[{"count":0,"href":"https:\/\/jorgezanoni.com.br\/2019\/wp-json\/wp\/v2\/posts\/54816\/revisions"}],"wp:featuredmedia":[{"embeddable":true,"href":"https:\/\/jorgezanoni.com.br\/2019\/wp-json\/wp\/v2\/media\/54818"}],"wp:attachment":[{"href":"https:\/\/jorgezanoni.com.br\/2019\/wp-json\/wp\/v2\/media?parent=54816"}],"wp:term":[{"taxonomy":"category","embeddable":true,"href":"https:\/\/jorgezanoni.com.br\/2019\/wp-json\/wp\/v2\/categories?post=54816"},{"taxonomy":"post_tag","embeddable":true,"href":"https:\/\/jorgezanoni.com.br\/2019\/wp-json\/wp\/v2\/tags?post=54816"}],"curies":[{"name":"wp","href":"https:\/\/api.w.org\/{rel}","templated":true}]}}