{"id":54813,"date":"2021-10-08T15:58:32","date_gmt":"2021-10-08T15:58:32","guid":{"rendered":"https:\/\/jorgezanoni.com.br\/2019\/?p=54813"},"modified":"2021-10-08T15:58:32","modified_gmt":"2021-10-08T15:58:32","slug":"bebe-recem-nascida-e-abandonada-em-pasto-em-emilianopolis","status":"publish","type":"post","link":"https:\/\/jorgezanoni.com.br\/2019\/bebe-recem-nascida-e-abandonada-em-pasto-em-emilianopolis\/","title":{"rendered":"Beb\u00ea rec\u00e9m-nascida \u00e9 abandonada em pasto em Emilian\u00f3polis"},"content":{"rendered":"<div class=\"mc-column content-text active-extra-styles \" data-block-type=\"unstyled\" data-block-weight=\"19\" data-block-id=\"2\">\n<p class=\"content-text__container \" style=\"text-align: justify;\" data-track-category=\"Link no Texto\" data-track-links=\"\"><strong>Uma beb\u00ea rec\u00e9m-nascida foi encontrada na manh\u00e3 desta sexta-feira (8) abandonada em uma \u00e1rea de pastagem em\u00a0<a href=\"https:\/\/g1.globo.com\/sp\/presidente-prudente-regiao\/cidade\/emilianopolis\/\">Emilian\u00f3polis (SP)<\/a>.<\/strong><\/p>\n<\/div>\n<div class=\"wall protected-content\">\n<div class=\"mc-column content-text active-extra-styles \" style=\"text-align: justify;\" data-block-type=\"unstyled\" data-block-weight=\"13\" data-block-id=\"3\">\n<p class=\"content-text__container \" data-track-category=\"Link no Texto\" data-track-links=\"\">A crian\u00e7a, do sexo feminino, ainda tinha o cord\u00e3o umbilical junto ao corpo.<\/p>\n<\/div>\n<div class=\"mc-column content-text active-extra-styles \" style=\"text-align: justify;\" data-block-type=\"unstyled\" data-block-weight=\"13\" data-block-id=\"4\">\n<p class=\"content-text__container \" data-track-category=\"Link no Texto\" data-track-links=\"\">A Pol\u00edcia Civil investiga o caso e realiza buscas pela m\u00e3e da beb\u00ea.<\/p>\n<\/div>\n<div class=\"mc-column content-text active-extra-styles \" style=\"text-align: justify;\" data-block-type=\"unstyled\" data-block-weight=\"17\" data-block-id=\"5\">\n<p class=\"content-text__container \" data-track-category=\"Link no Texto\" data-track-links=\"\">A crian\u00e7a foi recolhida e encaminhada a atendimento m\u00e9dico no Hospital Regional (HR), em Presidente Prudente (SP).<\/p>\n<\/div>\n<div class=\"mc-column content-text active-extra-styles \" style=\"text-align: justify;\" data-block-type=\"unstyled\" data-block-weight=\"27\" data-block-id=\"6\">\n<p class=\"content-text__container \" data-track-category=\"Link no Texto\" data-track-links=\"\">Em meio ao pasto, a beb\u00ea estava envolta em um pano que tinha marcas de sangue, o que d\u00e1 ind\u00edcios de que tenha nascido nas \u00faltimas horas.<\/p>\n<\/div>\n<div class=\"mc-column content-text active-extra-styles \" data-block-type=\"unstyled\" data-block-weight=\"32\" data-block-id=\"7\">\n<p class=\"content-text__container \" style=\"text-align: justify;\" data-track-category=\"Link no Texto\" data-track-links=\"\">A rec\u00e9m-nascida foi encontrada por um morador pr\u00f3ximo ao pasto que ouviu o choro bem baixinho da crian\u00e7a e ao verificar do que se tratava constatou que era a rec\u00e9m-nascida no ch\u00e3o.<\/p>\n<\/div>\n<div class=\"row medium-uncollapsed content-media content-photo\" data-block-type=\"backstage-photo\" data-block-id=\"8\">\n<div class=\"mc-column content-media__container\">\n<div class=\"content-media-container glb-skeleton-box\">\n<figure class=\"content-media-figure\"><img decoding=\"async\" class=\"i-amphtml-fill-content i-amphtml-replaced-content\" src=\"https:\/\/s2.glbimg.com\/qJd_2G6UHW7NmVGBwWcK8ialjLI=\/0x285:1200x1425\/984x0\/smart\/filters:strip_icc()\/i.s3.glbimg.com\/v1\/AUTH_59edd422c0c84a879bd37670ae4f538a\/internal_photos\/bs\/2021\/E\/f\/BGBajSTUmMULTiGcxyGQ\/bebe-2.jpg\" sizes=\"(max-width: 1366px) 648px, 100vw\" srcset=\"https:\/\/s2.glbimg.com\/Vy1tKa6ZdMcK7fVJOdFEF2HI_Gw=\/0x285:1200x1425\/1000x0\/smart\/filters:strip_icc()\/i.s3.glbimg.com\/v1\/AUTH_59edd422c0c84a879bd37670ae4f538a\/internal_photos\/bs\/2021\/E\/f\/BGBajSTUmMULTiGcxyGQ\/bebe-2.jpg 1000w, https:\/\/s2.glbimg.com\/qJd_2G6UHW7NmVGBwWcK8ialjLI=\/0x285:1200x1425\/984x0\/smart\/filters:strip_icc()\/i.s3.glbimg.com\/v1\/AUTH_59edd422c0c84a879bd37670ae4f538a\/internal_photos\/bs\/2021\/E\/f\/BGBajSTUmMULTiGcxyGQ\/bebe-2.jpg 984w, https:\/\/s2.glbimg.com\/kfwn0jo0oh0WKy-Yt9nBrtZUMPY=\/0x285:1200x1425\/640x0\/smart\/filters:strip_icc()\/i.s3.glbimg.com\/v1\/AUTH_59edd422c0c84a879bd37670ae4f538a\/internal_photos\/bs\/2021\/E\/f\/BGBajSTUmMULTiGcxyGQ\/bebe-2.jpg 640w, https:\/\/s2.glbimg.com\/udRKA7z3vI19xk8o2aFHlirCT5k=\/0x285:1200x1425\/600x0\/smart\/filters:strip_icc()\/i.s3.glbimg.com\/v1\/AUTH_59edd422c0c84a879bd37670ae4f538a\/internal_photos\/bs\/2021\/E\/f\/BGBajSTUmMULTiGcxyGQ\/bebe-2.jpg 600w\" alt=\"Beb\u00ea foi abandonada em \u00e1rea de pastagem em Emilian\u00f3polis (SP) \u2014 Foto: Redes sociais\" \/><\/figure>\n<\/div>\n<p class=\"content-media__description \">Beb\u00ea foi abandonada em \u00e1rea de pastagem em Emilian\u00f3polis (SP) \u2014 Foto: Redes sociais<\/p>\n<p>Fonte: G1<\/p>\n<p>Comp. Jorge Zanoni<\/p>\n<\/div>\n<\/div>\n<\/div>\n","protected":false},"excerpt":{"rendered":"<p>Uma beb\u00ea rec\u00e9m-nascida foi encontrada na manh\u00e3 desta sexta-feira (8) abandonada em uma \u00e1rea de pastagem em\u00a0Emilian\u00f3polis (SP). A crian\u00e7a, do sexo feminino, ainda tinha o cord\u00e3o umbilical junto ao corpo. A Pol\u00edcia Civil investiga o caso e realiza buscas pela m\u00e3e da beb\u00ea. A crian\u00e7a foi recolhida e encaminhada a atendimento m\u00e9dico no Hospital [&hellip;]<\/p>\n","protected":false},"author":1,"featured_media":54814,"comment_status":"closed","ping_status":"open","sticky":false,"template":"","format":"standard","meta":{"footnotes":""},"categories":[110,2],"tags":[],"class_list":["post-54813","post","type-post","status-publish","format-standard","has-post-thumbnail","hentry","category-noticiasdestaque","category-policial"],"_links":{"self":[{"href":"https:\/\/jorgezanoni.com.br\/2019\/wp-json\/wp\/v2\/posts\/54813","targetHints":{"allow":["GET"]}}],"collection":[{"href":"https:\/\/jorgezanoni.com.br\/2019\/wp-json\/wp\/v2\/posts"}],"about":[{"href":"https:\/\/jorgezanoni.com.br\/2019\/wp-json\/wp\/v2\/types\/post"}],"author":[{"embeddable":true,"href":"https:\/\/jorgezanoni.com.br\/2019\/wp-json\/wp\/v2\/users\/1"}],"replies":[{"embeddable":true,"href":"https:\/\/jorgezanoni.com.br\/2019\/wp-json\/wp\/v2\/comments?post=54813"}],"version-history":[{"count":0,"href":"https:\/\/jorgezanoni.com.br\/2019\/wp-json\/wp\/v2\/posts\/54813\/revisions"}],"wp:featuredmedia":[{"embeddable":true,"href":"https:\/\/jorgezanoni.com.br\/2019\/wp-json\/wp\/v2\/media\/54814"}],"wp:attachment":[{"href":"https:\/\/jorgezanoni.com.br\/2019\/wp-json\/wp\/v2\/media?parent=54813"}],"wp:term":[{"taxonomy":"category","embeddable":true,"href":"https:\/\/jorgezanoni.com.br\/2019\/wp-json\/wp\/v2\/categories?post=54813"},{"taxonomy":"post_tag","embeddable":true,"href":"https:\/\/jorgezanoni.com.br\/2019\/wp-json\/wp\/v2\/tags?post=54813"}],"curies":[{"name":"wp","href":"https:\/\/api.w.org\/{rel}","templated":true}]}}