{"id":54809,"date":"2021-10-08T15:43:56","date_gmt":"2021-10-08T15:43:56","guid":{"rendered":"https:\/\/jorgezanoni.com.br\/2019\/?p=54809"},"modified":"2021-10-08T15:43:56","modified_gmt":"2021-10-08T15:43:56","slug":"homem-e-esfaqueado-em-bar-na-cidade-de-tupi-paulista","status":"publish","type":"post","link":"https:\/\/jorgezanoni.com.br\/2019\/homem-e-esfaqueado-em-bar-na-cidade-de-tupi-paulista\/","title":{"rendered":"Homem \u00e9 esfaqueado em bar na cidade de Tupi Paulista"},"content":{"rendered":"<div class=\"o9v6fnle cxmmr5t8 oygrvhab hcukyx3x c1et5uql ii04i59q\">\n<div dir=\"auto\" style=\"text-align: justify;\">O fato ocorreu na noite desta quinta-feira (9), no Jardim Petr\u00f3polis, em Tupi Paulista, por\u00e9m a ocorr\u00eancia foi apresentada no plant\u00e3o da Pol\u00edcia Civil de Dracena, segundo informou o delegado de Pol\u00edcia Civil de Tupi Paulista, Aderson Mois\u00e9s Vieira.<\/div>\n<\/div>\n<div class=\"o9v6fnle cxmmr5t8 oygrvhab hcukyx3x c1et5uql ii04i59q\" style=\"text-align: justify;\">\n<div dir=\"auto\" style=\"text-align: justify;\">A v\u00edtima foi socorrida ao Pronto Socorro de Tupi Paulista, paciente est\u00e1 fora de perigo.<\/div>\n<div dir=\"auto\" style=\"text-align: justify;\">Pol\u00edcia investiga as circunst\u00e2ncias dos fatos.<\/div>\n<div dir=\"auto\" style=\"text-align: justify;\">A Pol\u00edcia Militar informou que o caso foi registrado como agress\u00e3o f\u00edsica, sendo que as partes foram liberadas.<\/div>\n<div dir=\"auto\"><\/div>\n<\/div>\n<div dir=\"auto\" style=\"text-align: justify;\">Fonte: Agora News<\/div>\n","protected":false},"excerpt":{"rendered":"<p>O fato ocorreu na noite desta quinta-feira (9), no Jardim Petr\u00f3polis, em Tupi Paulista, por\u00e9m a ocorr\u00eancia foi apresentada no plant\u00e3o da Pol\u00edcia Civil de Dracena, segundo informou o delegado de Pol\u00edcia Civil de Tupi Paulista, Aderson Mois\u00e9s Vieira. A v\u00edtima foi socorrida ao Pronto Socorro de Tupi Paulista, paciente est\u00e1 fora de perigo. Pol\u00edcia [&hellip;]<\/p>\n","protected":false},"author":1,"featured_media":54810,"comment_status":"closed","ping_status":"open","sticky":false,"template":"","format":"standard","meta":{"footnotes":""},"categories":[110,2],"tags":[],"class_list":["post-54809","post","type-post","status-publish","format-standard","has-post-thumbnail","hentry","category-noticiasdestaque","category-policial"],"_links":{"self":[{"href":"https:\/\/jorgezanoni.com.br\/2019\/wp-json\/wp\/v2\/posts\/54809","targetHints":{"allow":["GET"]}}],"collection":[{"href":"https:\/\/jorgezanoni.com.br\/2019\/wp-json\/wp\/v2\/posts"}],"about":[{"href":"https:\/\/jorgezanoni.com.br\/2019\/wp-json\/wp\/v2\/types\/post"}],"author":[{"embeddable":true,"href":"https:\/\/jorgezanoni.com.br\/2019\/wp-json\/wp\/v2\/users\/1"}],"replies":[{"embeddable":true,"href":"https:\/\/jorgezanoni.com.br\/2019\/wp-json\/wp\/v2\/comments?post=54809"}],"version-history":[{"count":0,"href":"https:\/\/jorgezanoni.com.br\/2019\/wp-json\/wp\/v2\/posts\/54809\/revisions"}],"wp:featuredmedia":[{"embeddable":true,"href":"https:\/\/jorgezanoni.com.br\/2019\/wp-json\/wp\/v2\/media\/54810"}],"wp:attachment":[{"href":"https:\/\/jorgezanoni.com.br\/2019\/wp-json\/wp\/v2\/media?parent=54809"}],"wp:term":[{"taxonomy":"category","embeddable":true,"href":"https:\/\/jorgezanoni.com.br\/2019\/wp-json\/wp\/v2\/categories?post=54809"},{"taxonomy":"post_tag","embeddable":true,"href":"https:\/\/jorgezanoni.com.br\/2019\/wp-json\/wp\/v2\/tags?post=54809"}],"curies":[{"name":"wp","href":"https:\/\/api.w.org\/{rel}","templated":true}]}}