{"id":54805,"date":"2021-10-08T13:34:05","date_gmt":"2021-10-08T13:34:05","guid":{"rendered":"https:\/\/jorgezanoni.com.br\/2019\/?p=54805"},"modified":"2021-10-08T13:34:05","modified_gmt":"2021-10-08T13:34:05","slug":"morre-a-senhora-haruco-shiraishi-dona-luiza","status":"publish","type":"post","link":"https:\/\/jorgezanoni.com.br\/2019\/morre-a-senhora-haruco-shiraishi-dona-luiza\/","title":{"rendered":"Morre a senhora Haruco Shiraishi (Dona Luiza)"},"content":{"rendered":"<p style=\"text-align: justify;\">Comunicamos com pesar o falecimento da senhora Haruco Shiraishi (Dona Luiza) de 84 anos.<\/p>\n<p style=\"text-align: justify;\">Dona Lu\u00edza, por muitos anos junto com o falecido marido, foi propriet\u00e1rio do Bar do Paulo na Pra\u00e7a Arthur Pagnozzi.<\/p>\n<p style=\"text-align: justify;\">Era vi\u00fava e deixa os filhos, nora, genro, neto, demais familiares e amigos. \u00c9 m\u00e3e da advogada Silvia.<\/p>\n<p style=\"text-align: justify;\">O Vel\u00f3rio est\u00e1 ocorrendo na sala Vip do Memorial Vida Prev, e o Sepultamento ocorre hoje (8), \u00e0s 14 Hs. no Cemit\u00e9rio de Dracena.<\/p>\n<p style=\"text-align: justify;\">O Site JZ se solidariza com a fam\u00edlia e amigos neste dif\u00edcil momento.<\/p>\n<p style=\"text-align: justify;\">Jorge Zanoni<\/p>\n<p><img loading=\"lazy\" decoding=\"async\" class=\"alignnone size-full wp-image-54806\" src=\"https:\/\/jorgezanoni.com.br\/2019\/wp-content\/uploads\/2021\/10\/Haruco.jpg\" alt=\"\" width=\"1280\" height=\"1279\" srcset=\"https:\/\/jorgezanoni.com.br\/2019\/wp-content\/uploads\/2021\/10\/Haruco.jpg 1280w, https:\/\/jorgezanoni.com.br\/2019\/wp-content\/uploads\/2021\/10\/Haruco-300x300.jpg 300w, https:\/\/jorgezanoni.com.br\/2019\/wp-content\/uploads\/2021\/10\/Haruco-1024x1024.jpg 1024w, https:\/\/jorgezanoni.com.br\/2019\/wp-content\/uploads\/2021\/10\/Haruco-150x150.jpg 150w, https:\/\/jorgezanoni.com.br\/2019\/wp-content\/uploads\/2021\/10\/Haruco-768x767.jpg 768w, https:\/\/jorgezanoni.com.br\/2019\/wp-content\/uploads\/2021\/10\/Haruco-696x695.jpg 696w, https:\/\/jorgezanoni.com.br\/2019\/wp-content\/uploads\/2021\/10\/Haruco-1068x1067.jpg 1068w, https:\/\/jorgezanoni.com.br\/2019\/wp-content\/uploads\/2021\/10\/Haruco-420x420.jpg 420w\" sizes=\"auto, (max-width: 1280px) 100vw, 1280px\" \/><\/p>\n","protected":false},"excerpt":{"rendered":"<p>Comunicamos com pesar o falecimento da senhora Haruco Shiraishi (Dona Luiza) de 84 anos. Dona Lu\u00edza, por muitos anos junto com o falecido marido, foi propriet\u00e1rio do Bar do Paulo na Pra\u00e7a Arthur Pagnozzi. Era vi\u00fava e deixa os filhos, nora, genro, neto, demais familiares e amigos. \u00c9 m\u00e3e da advogada Silvia. O Vel\u00f3rio est\u00e1 [&hellip;]<\/p>\n","protected":false},"author":1,"featured_media":54807,"comment_status":"closed","ping_status":"open","sticky":false,"template":"","format":"standard","meta":{"footnotes":""},"categories":[178,110],"tags":[],"class_list":["post-54805","post","type-post","status-publish","format-standard","has-post-thumbnail","hentry","category-notadefalecimento","category-noticiasdestaque"],"_links":{"self":[{"href":"https:\/\/jorgezanoni.com.br\/2019\/wp-json\/wp\/v2\/posts\/54805","targetHints":{"allow":["GET"]}}],"collection":[{"href":"https:\/\/jorgezanoni.com.br\/2019\/wp-json\/wp\/v2\/posts"}],"about":[{"href":"https:\/\/jorgezanoni.com.br\/2019\/wp-json\/wp\/v2\/types\/post"}],"author":[{"embeddable":true,"href":"https:\/\/jorgezanoni.com.br\/2019\/wp-json\/wp\/v2\/users\/1"}],"replies":[{"embeddable":true,"href":"https:\/\/jorgezanoni.com.br\/2019\/wp-json\/wp\/v2\/comments?post=54805"}],"version-history":[{"count":0,"href":"https:\/\/jorgezanoni.com.br\/2019\/wp-json\/wp\/v2\/posts\/54805\/revisions"}],"wp:featuredmedia":[{"embeddable":true,"href":"https:\/\/jorgezanoni.com.br\/2019\/wp-json\/wp\/v2\/media\/54807"}],"wp:attachment":[{"href":"https:\/\/jorgezanoni.com.br\/2019\/wp-json\/wp\/v2\/media?parent=54805"}],"wp:term":[{"taxonomy":"category","embeddable":true,"href":"https:\/\/jorgezanoni.com.br\/2019\/wp-json\/wp\/v2\/categories?post=54805"},{"taxonomy":"post_tag","embeddable":true,"href":"https:\/\/jorgezanoni.com.br\/2019\/wp-json\/wp\/v2\/tags?post=54805"}],"curies":[{"name":"wp","href":"https:\/\/api.w.org\/{rel}","templated":true}]}}