{"id":54792,"date":"2021-10-07T22:11:11","date_gmt":"2021-10-07T22:11:11","guid":{"rendered":"https:\/\/jorgezanoni.com.br\/2019\/?p=54792"},"modified":"2021-10-07T22:11:11","modified_gmt":"2021-10-07T22:11:11","slug":"dracena-sera-beneficiada-com-novo-poco-e-reservatorio","status":"publish","type":"post","link":"https:\/\/jorgezanoni.com.br\/2019\/dracena-sera-beneficiada-com-novo-poco-e-reservatorio\/","title":{"rendered":"Dracena ser\u00e1 beneficiada com novo Po\u00e7o e Reservat\u00f3rio"},"content":{"rendered":"<p style=\"text-align: justify;\">O governador Jo\u00e3o Doria apresentou nesta quinta-feira o programa \u201c\u00c1gua \u00c9 Vida\u201d para refor\u00e7ar a seguran\u00e7a h\u00eddrica e beneficiar mais de 2,1 milh\u00f5es de pessoas em todas as regi\u00f5es de S\u00e3o Paulo. O Estado vai investir R$ 400 milh\u00f5es em a\u00e7\u00f5es como perfura\u00e7\u00e3o de po\u00e7os profundos em 120 cidades e revitaliza\u00e7\u00e3o de 3 mil quil\u00f4metros de rios ao longo de 260 munic\u00edpios.<\/p>\n<p style=\"text-align: justify;\">Dracena ser\u00e1 beneficiada com novo po\u00e7o e reservat\u00f3rio de 200 metros c\u00fabicos em locais a serem definidos. O prefeito Andr\u00e9 Lemos e o vice-prefeito Guido Baggio (presidente da EMDAEP) participaram a solenidade na Capital.<\/p>\n<p style=\"text-align: justify;\">O Estado tamb\u00e9m vai financiar projetos para preserva\u00e7\u00e3o de mananciais de abastecimento e novos servi\u00e7os de saneamento. Coordenado pela Secretaria de Infraestrutura e Meio Ambiente, o \u00c1gua \u00e9 Vida est\u00e1 dividido em quatro eixos principais: \u201c\u00c1guas Subterr\u00e2neas\u201d, \u201cRios Vivos\u201d, \u201cBarramentos\u201d e \u201cCoopera\u00e7\u00e3o T\u00e9cnica com a Secretaria de Agricultura e Abastecimento\u201d.<\/p>\n<p style=\"text-align: justify;\">No eixo \u00c1guas Subterr\u00e2neas, o Estado vai investir R$ 141 milh\u00f5es para perfurar 138 po\u00e7os tubulares em 120 munic\u00edpios que n\u00e3o s\u00e3o atendidos pela Sabesp. Os locais j\u00e1 foram mapeados pelo Daee (Departamento de \u00c1guas e Energia El\u00e9trica) e tamb\u00e9m v\u00e3o receber reservat\u00f3rios de 200 mil litros, com entregas previstas para o primeiro semestre de 2022.<\/p>\n<p style=\"text-align: justify;\">J\u00e1 o Rios Vivos prev\u00ea a revitaliza\u00e7\u00e3o de cerca de 3 mil quil\u00f4metros de cursos d\u00b4\u00e1gua no per\u00edodo de um ano. A medida vai refor\u00e7ar o abastecimento e ampliar melhorias na fluidez de rios e c\u00f3rregos, de forma a mitigar inunda\u00e7\u00f5es.<\/p>\n<p style=\"text-align: justify;\">O atendimento a 260 munic\u00edpios deve come\u00e7ar no pr\u00f3ximo m\u00eas de dezembro, sob investimentos de R$ 90 milh\u00f5es. Esse eixo ainda prev\u00ea repasses estaduais de mais R$ 31 milh\u00f5es na preserva\u00e7\u00e3o de 40 mananciais e projetos de tratamento de esgoto.<\/p>\n<p style=\"text-align: justify;\">Mat\u00e9ria completa no link<\/p>\n<p style=\"text-align: justify;\">https:\/\/www.saopaulo.sp.gov.br\/ultimas-noticias\/sp-anuncia-programa-agua-e-vida-para-reforcar-seguranca-hidrica\/<\/p>\n<p>Fonte: Assessoria de Imprensa Emdaep<\/p>\n","protected":false},"excerpt":{"rendered":"<p>O governador Jo\u00e3o Doria apresentou nesta quinta-feira o programa \u201c\u00c1gua \u00c9 Vida\u201d para refor\u00e7ar a seguran\u00e7a h\u00eddrica e beneficiar mais de 2,1 milh\u00f5es de pessoas em todas as regi\u00f5es de S\u00e3o Paulo. O Estado vai investir R$ 400 milh\u00f5es em a\u00e7\u00f5es como perfura\u00e7\u00e3o de po\u00e7os profundos em 120 cidades e revitaliza\u00e7\u00e3o de 3 mil quil\u00f4metros [&hellip;]<\/p>\n","protected":false},"author":1,"featured_media":54793,"comment_status":"closed","ping_status":"open","sticky":false,"template":"","format":"standard","meta":{"footnotes":""},"categories":[179,184,110],"tags":[],"class_list":["post-54792","post","type-post","status-publish","format-standard","has-post-thumbnail","hentry","category-cidadeseregiao","category-dracena","category-noticiasdestaque"],"_links":{"self":[{"href":"https:\/\/jorgezanoni.com.br\/2019\/wp-json\/wp\/v2\/posts\/54792","targetHints":{"allow":["GET"]}}],"collection":[{"href":"https:\/\/jorgezanoni.com.br\/2019\/wp-json\/wp\/v2\/posts"}],"about":[{"href":"https:\/\/jorgezanoni.com.br\/2019\/wp-json\/wp\/v2\/types\/post"}],"author":[{"embeddable":true,"href":"https:\/\/jorgezanoni.com.br\/2019\/wp-json\/wp\/v2\/users\/1"}],"replies":[{"embeddable":true,"href":"https:\/\/jorgezanoni.com.br\/2019\/wp-json\/wp\/v2\/comments?post=54792"}],"version-history":[{"count":0,"href":"https:\/\/jorgezanoni.com.br\/2019\/wp-json\/wp\/v2\/posts\/54792\/revisions"}],"wp:featuredmedia":[{"embeddable":true,"href":"https:\/\/jorgezanoni.com.br\/2019\/wp-json\/wp\/v2\/media\/54793"}],"wp:attachment":[{"href":"https:\/\/jorgezanoni.com.br\/2019\/wp-json\/wp\/v2\/media?parent=54792"}],"wp:term":[{"taxonomy":"category","embeddable":true,"href":"https:\/\/jorgezanoni.com.br\/2019\/wp-json\/wp\/v2\/categories?post=54792"},{"taxonomy":"post_tag","embeddable":true,"href":"https:\/\/jorgezanoni.com.br\/2019\/wp-json\/wp\/v2\/tags?post=54792"}],"curies":[{"name":"wp","href":"https:\/\/api.w.org\/{rel}","templated":true}]}}