{"id":54789,"date":"2021-10-07T21:36:32","date_gmt":"2021-10-07T21:36:32","guid":{"rendered":"https:\/\/jorgezanoni.com.br\/2019\/?p=54789"},"modified":"2021-10-07T22:21:28","modified_gmt":"2021-10-07T22:21:28","slug":"policia-civil-prende-homem-por-posse-irregular-de-arma-de-fogo-em-dracena","status":"publish","type":"post","link":"https:\/\/jorgezanoni.com.br\/2019\/policia-civil-prende-homem-por-posse-irregular-de-arma-de-fogo-em-dracena\/","title":{"rendered":"Pol\u00edcia Civil prende homem por posse irregular de arma de fogo em Dracena."},"content":{"rendered":"<p style=\"text-align: justify;\">Um rev\u00f3lver calibre 22, foi apreendido na resid\u00eancia do investigado e a a\u00e7\u00e3o ocorreu no bairro Jardim Palmeiras II, em Dracena. O investigado pagou fian\u00e7a no valor de um sal\u00e1rio m\u00ednimo e responder\u00e1 pela conduta criminal em liberdade.<\/p>\n<p style=\"text-align: justify;\">A Pol\u00edcia Civil de Dracena, por interm\u00e9dio das equipes do 1\u00ba e 2\u00ba DP, prendeu em flagrante nesta quinta-feira (7), um homem de 66 anos, por posse irregular de arma de fogo. Na resid\u00eancia foi localizado e apreendido um rev\u00f3lver calibre 22, que estava desmuniciado.<\/p>\n<p style=\"text-align: justify;\">A a\u00e7\u00e3o ocorreu ap\u00f3s investiga\u00e7\u00e3o realizada por equipe de policiais civis que verificava informa\u00e7\u00e3o sobre a exist\u00eancia de uma arma de fogo na casa do investigado. A arma estava em um guarda roupas.<\/p>\n<p style=\"text-align: justify;\">Diante do fato, foi dada voz de pris\u00e3o ao homem, sendo conduzido e apresentado no Plant\u00e3o Policial Permanente sem a necessidade do uso de algemas, local onde foi ratificado a situa\u00e7\u00e3o flagrancial e arma de fogo apreendida. Por ser crime afian\u00e7\u00e1vel, foi arbitrada ao preso fian\u00e7a no valor de um sal\u00e1rio m\u00ednimo.<\/p>\n<p style=\"text-align: justify;\">Ap\u00f3s o pagamento da fian\u00e7a estipulada, o homem foi posto em liberdade e dever\u00e1 responder na Justi\u00e7a por posse irregular de arma de fogo de uso permitido.<\/p>\n<p style=\"text-align: justify;\">Fonte: Com. Social Pol\u00edcia Civil<\/p>\n","protected":false},"excerpt":{"rendered":"<p>Um rev\u00f3lver calibre 22, foi apreendido na resid\u00eancia do investigado e a a\u00e7\u00e3o ocorreu no bairro Jardim Palmeiras II, em Dracena. O investigado pagou fian\u00e7a no valor de um sal\u00e1rio m\u00ednimo e responder\u00e1 pela conduta criminal em liberdade. A Pol\u00edcia Civil de Dracena, por interm\u00e9dio das equipes do 1\u00ba e 2\u00ba DP, prendeu em flagrante [&hellip;]<\/p>\n","protected":false},"author":1,"featured_media":54790,"comment_status":"closed","ping_status":"open","sticky":false,"template":"","format":"standard","meta":{"footnotes":""},"categories":[110,2],"tags":[],"class_list":["post-54789","post","type-post","status-publish","format-standard","has-post-thumbnail","hentry","category-noticiasdestaque","category-policial"],"_links":{"self":[{"href":"https:\/\/jorgezanoni.com.br\/2019\/wp-json\/wp\/v2\/posts\/54789","targetHints":{"allow":["GET"]}}],"collection":[{"href":"https:\/\/jorgezanoni.com.br\/2019\/wp-json\/wp\/v2\/posts"}],"about":[{"href":"https:\/\/jorgezanoni.com.br\/2019\/wp-json\/wp\/v2\/types\/post"}],"author":[{"embeddable":true,"href":"https:\/\/jorgezanoni.com.br\/2019\/wp-json\/wp\/v2\/users\/1"}],"replies":[{"embeddable":true,"href":"https:\/\/jorgezanoni.com.br\/2019\/wp-json\/wp\/v2\/comments?post=54789"}],"version-history":[{"count":0,"href":"https:\/\/jorgezanoni.com.br\/2019\/wp-json\/wp\/v2\/posts\/54789\/revisions"}],"wp:featuredmedia":[{"embeddable":true,"href":"https:\/\/jorgezanoni.com.br\/2019\/wp-json\/wp\/v2\/media\/54790"}],"wp:attachment":[{"href":"https:\/\/jorgezanoni.com.br\/2019\/wp-json\/wp\/v2\/media?parent=54789"}],"wp:term":[{"taxonomy":"category","embeddable":true,"href":"https:\/\/jorgezanoni.com.br\/2019\/wp-json\/wp\/v2\/categories?post=54789"},{"taxonomy":"post_tag","embeddable":true,"href":"https:\/\/jorgezanoni.com.br\/2019\/wp-json\/wp\/v2\/tags?post=54789"}],"curies":[{"name":"wp","href":"https:\/\/api.w.org\/{rel}","templated":true}]}}