{"id":54785,"date":"2021-10-07T15:51:29","date_gmt":"2021-10-07T15:51:29","guid":{"rendered":"https:\/\/jorgezanoni.com.br\/2019\/?p=54785"},"modified":"2021-10-07T15:51:29","modified_gmt":"2021-10-07T15:51:29","slug":"caso-sara-scarabelli-testemunhas-nao-aparecem-para-oitiva-que-aconteceria-hoje","status":"publish","type":"post","link":"https:\/\/jorgezanoni.com.br\/2019\/caso-sara-scarabelli-testemunhas-nao-aparecem-para-oitiva-que-aconteceria-hoje\/","title":{"rendered":"CASO SARA SCARABELLI: Testemunhas n\u00e3o aparecem para oitiva que aconteceria hoje."},"content":{"rendered":"<p style=\"text-align: justify;\"><strong>Estava marcado paras as 11:30 Horas desta quinta-feira (7), a oitiva das testemunhas da Vereadora Sara Scarabelli, por\u00e9m nenhuma compareceu.<\/strong><\/p>\n<p style=\"text-align: justify;\">O Advogado de defesa Dr. Vladimir de Mattos e a Vereadora Sara Scarabelli, que n\u00e3o tinham presen\u00e7a obrigat\u00f3ria, tamb\u00e9m n\u00e3o compareceram.<\/p>\n<p style=\"text-align: justify;\">O advogado alegou Licen\u00e7a M\u00e9dica e a Vereadora pediu licen\u00e7a dos servi\u00e7os camar\u00e1rios por mais 15 (quinze) dias.<\/p>\n<p style=\"text-align: justify;\">A Comiss\u00e3o Processante aguardou juntamente com o Advogado de acusa\u00e7\u00e3o Dr. Gustavo Piveta, at\u00e9 as 12:00 e deu por encerrada a sess\u00e3o.<\/p>\n<p style=\"text-align: justify;\">Com isso acabou a Instru\u00e7\u00e3o Processual, que agora ter\u00e1 (10) dez dias a contar a partir de amanh\u00e3, quando o Advogado ser\u00e1 intimado para apresentar sua defesa final.<\/p>\n<p style=\"text-align: justify;\">Ap\u00f3s, a Comiss\u00e3o Processante dar\u00e1 seu parecer e em seguida ser\u00e1 marcada a sess\u00e3o para a vota\u00e7\u00e3o da poss\u00edvel Cassa\u00e7\u00e3o ou n\u00e3o da Vereadora.<\/p>\n<p style=\"text-align: justify;\">Jorge Zanoni<\/p>\n<p>Foto Facebook<\/p>\n","protected":false},"excerpt":{"rendered":"<p>Estava marcado paras as 11:30 Horas desta quinta-feira (7), a oitiva das testemunhas da Vereadora Sara Scarabelli, por\u00e9m nenhuma compareceu. O Advogado de defesa Dr. Vladimir de Mattos e a Vereadora Sara Scarabelli, que n\u00e3o tinham presen\u00e7a obrigat\u00f3ria, tamb\u00e9m n\u00e3o compareceram. O advogado alegou Licen\u00e7a M\u00e9dica e a Vereadora pediu licen\u00e7a dos servi\u00e7os camar\u00e1rios por [&hellip;]<\/p>\n","protected":false},"author":1,"featured_media":54786,"comment_status":"closed","ping_status":"open","sticky":false,"template":"","format":"standard","meta":{"footnotes":""},"categories":[110,116],"tags":[],"class_list":["post-54785","post","type-post","status-publish","format-standard","has-post-thumbnail","hentry","category-noticiasdestaque","category-politicaeeconomia"],"_links":{"self":[{"href":"https:\/\/jorgezanoni.com.br\/2019\/wp-json\/wp\/v2\/posts\/54785","targetHints":{"allow":["GET"]}}],"collection":[{"href":"https:\/\/jorgezanoni.com.br\/2019\/wp-json\/wp\/v2\/posts"}],"about":[{"href":"https:\/\/jorgezanoni.com.br\/2019\/wp-json\/wp\/v2\/types\/post"}],"author":[{"embeddable":true,"href":"https:\/\/jorgezanoni.com.br\/2019\/wp-json\/wp\/v2\/users\/1"}],"replies":[{"embeddable":true,"href":"https:\/\/jorgezanoni.com.br\/2019\/wp-json\/wp\/v2\/comments?post=54785"}],"version-history":[{"count":0,"href":"https:\/\/jorgezanoni.com.br\/2019\/wp-json\/wp\/v2\/posts\/54785\/revisions"}],"wp:featuredmedia":[{"embeddable":true,"href":"https:\/\/jorgezanoni.com.br\/2019\/wp-json\/wp\/v2\/media\/54786"}],"wp:attachment":[{"href":"https:\/\/jorgezanoni.com.br\/2019\/wp-json\/wp\/v2\/media?parent=54785"}],"wp:term":[{"taxonomy":"category","embeddable":true,"href":"https:\/\/jorgezanoni.com.br\/2019\/wp-json\/wp\/v2\/categories?post=54785"},{"taxonomy":"post_tag","embeddable":true,"href":"https:\/\/jorgezanoni.com.br\/2019\/wp-json\/wp\/v2\/tags?post=54785"}],"curies":[{"name":"wp","href":"https:\/\/api.w.org\/{rel}","templated":true}]}}