{"id":54758,"date":"2021-10-06T23:19:49","date_gmt":"2021-10-06T23:19:49","guid":{"rendered":"https:\/\/jorgezanoni.com.br\/2019\/?p=54758"},"modified":"2021-10-06T23:19:49","modified_gmt":"2021-10-06T23:19:49","slug":"justica-do-trabalho-condena-usina-por-fraude-no-registro-de-ponto-de-funcionarios-em-junqueiropolis","status":"publish","type":"post","link":"https:\/\/jorgezanoni.com.br\/2019\/justica-do-trabalho-condena-usina-por-fraude-no-registro-de-ponto-de-funcionarios-em-junqueiropolis\/","title":{"rendered":"Justi\u00e7a do Trabalho condena usina por fraude no registro de ponto de funcion\u00e1rios em Junqueir\u00f3polis"},"content":{"rendered":"<h2 class=\"content-head__subtitle\" style=\"text-align: justify;\"><strong>Viterra Bioenergia S.A. dever\u00e1 registrar os hor\u00e1rios de entrada, sa\u00edda e repouso efetivamente praticados pelos empregados, sob pena de multa de R$ 1 mil para cada viola\u00e7\u00e3o. Decis\u00e3o ainda determinou o pagamento de R$ 500 mil de indeniza\u00e7\u00e3o, como forma de reparar os danos morais causados \u00e0 coletividade.<\/strong><\/h2>\n<div class=\"mc-column content-text active-extra-styles \" data-block-type=\"unstyled\" data-block-weight=\"111\" data-block-id=\"2\">\n<p class=\"content-text__container \" style=\"text-align: justify;\" data-track-category=\"Link no Texto\" data-track-links=\"\">A usina Viterra Bioenergia S.A., unidade do Rio Vermelho, em\u00a0<a href=\"https:\/\/g1.globo.com\/sp\/presidente-prudente-regiao\/cidade\/junqueiropolis\/\">Junqueir\u00f3polis (SP)<\/a>, foi condenada pela Vara do Trabalho, em\u00a0<a href=\"https:\/\/g1.globo.com\/sp\/presidente-prudente-regiao\/cidade\/dracena\/\">Dracena (SP)<\/a>, a registrar os hor\u00e1rios de entrada, sa\u00edda e repouso efetivamente praticados pelos empregados e a abster-se de praticar qualquer ato que implique em \u201cfraude, manipula\u00e7\u00e3o e dissimula\u00e7\u00e3o\u201d dos registros de ponto dos trabalhadores, sob pena de multa de R$ 1 mil para cada viola\u00e7\u00e3o. Como forma de reparar os danos morais causados \u00e0 coletividade, a usina deve pagar indeniza\u00e7\u00e3o no valor de R$ 500 mil. A a\u00e7\u00e3o \u00e9 do Minist\u00e9rio P\u00fablico do Trabalho (MPT), em\u00a0<a href=\"https:\/\/g1.globo.com\/sp\/presidente-prudente-regiao\/cidade\/presidente-prudente\/\">Presidente Prudente (SP)<\/a>. Ainda cabe recurso ao Tribunal Regional do Trabalho da 15\u00aa Regi\u00e3o (TRT-15).<\/p>\n<\/div>\n<div class=\"wall protected-content\">\n<div class=\"mc-column content-text active-extra-styles \" style=\"text-align: justify;\" data-block-type=\"unstyled\" data-block-weight=\"75\" data-block-id=\"3\">\n<p class=\"content-text__container \" data-track-category=\"Link no Texto\" data-track-links=\"\">A Viterra Bioenergia foi investigada pelo procurador Ant\u00f4nio Pereira Nascimento J\u00fanior, a partir de senten\u00e7a em reclama\u00e7\u00e3o trabalhista remetida em 2018 pela Justi\u00e7a do Trabalho, que condenou a empresa por manipular os registros de intervalos intrajornada praticados pelos empregados. Durante a instru\u00e7\u00e3o processual, uma testemunha alegou que, apesar de a usina ter registrado uma hora de intervalo, os trabalhadores da turma usufru\u00edram apenas de 20 a 25 minutos de tempo de repouso.<\/p>\n<\/div>\n<div class=\"mc-column content-text active-extra-styles \" style=\"text-align: justify;\" data-block-type=\"unstyled\" data-block-weight=\"18\" data-block-id=\"4\">\n<p class=\"content-text__container \" data-track-category=\"Link no Texto\" data-track-links=\"\">O MPT tomou depoimentos de trabalhadores que j\u00e1 haviam prestado servi\u00e7os para a empresa, que confirmaram a fraude.<\/p>\n<\/div>\n<div class=\"content-ads content-ads--reveal\" style=\"text-align: justify;\" data-block-type=\"ads\" data-block-id=\"5\">\n<div id=\"banner_materia2\" class=\"tag-manager-publicidade-container mc-has-reveal mc-has-ad-lazyload tag-manager-publicidade-banner_materia2 tag-manager-publicidade-container--carregado tag-manager-publicidade-container--visivel\" data-id=\"banner_materia2\" data-req=\"true\" data-google-query-id=\"CLnu7qz0tvMCFfK9lQIdle0Byw\" data-cid=\"138351518669\" data-lid=\"5708682373\">\n<div id=\"google_ads_iframe_\/95377733\/tvg_G1\/Sua_Regiao&gt;Sudeste&gt;Sao_Paulo_(Pres_Prudente)_3__container__\" style=\"box-sizing: inherit; margin: auto; padding: 0px; border: 0pt none; font: inherit; vertical-align: initial; max-width: 100%; width: 970px; height: 150px; text-align: justify;\">Segundo os depoentes, os empregados passavam o cart\u00e3o e continuavam trabalhando, repetindo o procedimento ap\u00f3s conclu\u00eddo o per\u00edodo de uma hora. A pr\u00e1tica se repetia em diversos setores e fun\u00e7\u00f5es, mas especialmente em trabalhos de campo, com o registro de hor\u00e1rios incompat\u00edveis \u00e0queles que realmente foram cumpridos, inclusive com casos de altera\u00e7\u00e3o dos registros para n\u00e3o haver apontamentos de jornadas extraordin\u00e1rias superiores a duas horas extras por dia, segundo o MPT.<\/div>\n<div><\/div>\n<\/div>\n<\/div>\n<div class=\"mc-column content-text active-extra-styles \" style=\"text-align: justify;\" data-block-type=\"unstyled\" data-block-weight=\"77\" data-block-id=\"7\">\n<p class=\"content-text__container \" data-track-category=\"Link no Texto\" data-track-links=\"\">O inqu\u00e9rito levantou grande quantidade de reclama\u00e7\u00f5es trabalhistas ajuizadas contra a usina: entre os anos de 2016 e 2017, foram registradas, ao menos, 33 a\u00e7\u00f5es movidas pelo mesmo objeto, descrevendo fatos, documentos ou depoimentos que comprovam a fraude na anota\u00e7\u00e3o de jornada de trabalho. Entre os anos de 2019 e 2021, a empresa foi condenada em pelo menos 30 processos por anota\u00e7\u00f5es de intervalo intrajornada que n\u00e3o condizem com a realidade, de acordo com o MPT.<\/p>\n<\/div>\n<div class=\"mc-column content-text active-extra-styles \" style=\"text-align: justify;\" data-block-type=\"unstyled\" data-block-weight=\"70\" data-block-id=\"8\">\n<p class=\"content-text__container \" data-track-category=\"Link no Texto\" data-track-links=\"\">\u201c\u00c9 poss\u00edvel verificar, nos processos destacados, que os trabalhadores foram un\u00edssonos ao afirmarem que os registros de intervalo intrajornada n\u00e3o eram efetuados, pessoalmente, por eles. Segundo apurado, os empregados usufru\u00edam do intervalo para refei\u00e7\u00e3o e descanso de apenas 10 a 15 minutos; enquanto a empresa r\u00e9 manipulava os cart\u00f5es de ponto para lan\u00e7ar intervalos maiores, incondizentes com a realidade\u201d, afirmou o procurador Ant\u00f4nio Pereira Nascimento J\u00fanior na peti\u00e7\u00e3o inicial.<\/p>\n<\/div>\n<div class=\"mc-column content-text active-extra-styles \" style=\"text-align: justify;\" data-block-type=\"unstyled\" data-block-weight=\"46\" data-block-id=\"9\">\n<p class=\"content-text__container \" data-track-category=\"Link no Texto\" data-track-links=\"\">Os representantes da Viterra foram consultados a respeito de proposta de celebra\u00e7\u00e3o de Termo de Ajustamento de Conduta (TAC), mas denegaram o acordo extrajudicial, apresentando nos autos do inqu\u00e9rito o acordo coletivo de trabalho 2018\/2019, com a previs\u00e3o de redu\u00e7\u00e3o de intervalo intrajornada para 30 minutos.<\/p>\n<\/div>\n<div class=\"mc-column content-text active-extra-styles \" style=\"text-align: justify;\" data-block-type=\"unstyled\" data-block-weight=\"18\" data-block-id=\"10\">\n<p class=\"content-text__container \" data-track-category=\"Link no Texto\" data-track-links=\"\">\u201cTal medida corrobora sua conduta de n\u00e3o conseguir conceder o intervalo m\u00ednimo fixado legalmente\u201d, apontou o procurador.<\/p>\n<\/div>\n<div class=\"mc-column content-text active-extra-styles \" style=\"text-align: justify;\" data-block-type=\"unstyled\" data-block-weight=\"50\" data-block-id=\"11\">\n<p class=\"content-text__container \" data-track-category=\"Link no Texto\" data-track-links=\"\">Uma an\u00e1lise dos relat\u00f3rios de jornada de trabalho emitidos pela empresa, relativos aos meses de janeiro, fevereiro e mar\u00e7o de 2019, apontou que houve 13.252 ocorr\u00eancias em que o intervalo intrajornada foi inferior a uma hora, trazendo preju\u00edzo para cerca de 1.285 trabalhadores, ainda conforme o Minist\u00e9rio P\u00fablico do Trabalho.<\/p>\n<\/div>\n<div class=\"content-ads content-ads--reveal\" style=\"text-align: justify;\" data-block-type=\"ads\" data-block-id=\"12\">\n<div id=\"banner_materia__3eb59c0e-598d-4c8b-9049-f51eee9d95ed\" class=\"tag-manager-publicidade-container mc-has-reveal mc-has-ad-lazyload tag-manager-publicidade-banner_materia__3eb59c0e-598d-4c8b-9049-f51eee9d95ed tag-manager-publicidade-container--carregado tag-manager-publicidade-container--visivel\" data-id=\"banner_materia__3eb59c0e-598d-4c8b-9049-f51eee9d95ed\" data-req=\"true\" data-google-query-id=\"CIrgqq70tvMCFTONlQId0_ADTw\" data-cid=\"138296393249\" data-lid=\"5238420224\">\n<div id=\"google_ads_iframe_\/95377733\/tvg_G1\/Sua_Regiao&gt;Sudeste&gt;Sao_Paulo_(Pres_Prudente)_4__container__\" style=\"box-sizing: inherit; margin: auto; padding: 0px; border: 0pt none; font: inherit; vertical-align: initial; max-width: 100%; width: 970px; height: 250px; text-align: justify;\">\u201cNo caso em tela, a conduta praticada pela empresa r\u00e9 implicou a diminui\u00e7\u00e3o artificiosa de seus custos trabalhistas, com a consequente obten\u00e7\u00e3o de vantagem indevida em detrimento da coletividade de empregados e em rela\u00e7\u00e3o a empresas concorrentes que cumpriram rigorosamente a legisla\u00e7\u00e3o trabalhista\u201d, escreveu o juiz F\u00e1bio Natali Costa em sua senten\u00e7a, justificando a condena\u00e7\u00e3o da empresa por danos morais coletivos.<\/div>\n<div><strong>OUTRO LADO<\/strong><\/div>\n<div><\/div>\n<div style=\"box-sizing: inherit; margin: auto; padding: 0px; border: 0pt none; font: inherit; vertical-align: initial; max-width: 100%; width: 970px; height: 250px; text-align: justify;\">O\u00a0<a href=\"https:\/\/g1.globo.com\/sp\/presidente-prudente-regiao\/\"><strong>g1\u00a0<\/strong><\/a>e a\u00a0<strong>TV Fronteira<\/strong> solicitaram um posicionamento sobre o caso para a usina Viterra Bioenergia S.A. A empresa se manifestou atrav\u00e9s da seguinte nota:<em>&#8220;A Viterra Bioenergia S.A. informa que o processo n\u00e3o teve o seu tr\u00e2nsito em julgado e que n\u00e3o faz qualquer manifesta\u00e7\u00e3o sobre o seu teor, enquanto o processo estiver em andamento&#8221;.\u00a0<\/em><\/div>\n<div>Fonte: G1<\/div>\n<div><\/div>\n<div><\/div>\n<\/div>\n<\/div>\n<\/div>\n","protected":false},"excerpt":{"rendered":"<p>Viterra Bioenergia S.A. dever\u00e1 registrar os hor\u00e1rios de entrada, sa\u00edda e repouso efetivamente praticados pelos empregados, sob pena de multa de R$ 1 mil para cada viola\u00e7\u00e3o. Decis\u00e3o ainda determinou o pagamento de R$ 500 mil de indeniza\u00e7\u00e3o, como forma de reparar os danos morais causados \u00e0 coletividade. A usina Viterra Bioenergia S.A., unidade do [&hellip;]<\/p>\n","protected":false},"author":1,"featured_media":54759,"comment_status":"closed","ping_status":"open","sticky":false,"template":"","format":"standard","meta":{"footnotes":""},"categories":[120,110],"tags":[],"class_list":["post-54758","post","type-post","status-publish","format-standard","has-post-thumbnail","hentry","category-justicahabitacaotecnologia","category-noticiasdestaque"],"_links":{"self":[{"href":"https:\/\/jorgezanoni.com.br\/2019\/wp-json\/wp\/v2\/posts\/54758","targetHints":{"allow":["GET"]}}],"collection":[{"href":"https:\/\/jorgezanoni.com.br\/2019\/wp-json\/wp\/v2\/posts"}],"about":[{"href":"https:\/\/jorgezanoni.com.br\/2019\/wp-json\/wp\/v2\/types\/post"}],"author":[{"embeddable":true,"href":"https:\/\/jorgezanoni.com.br\/2019\/wp-json\/wp\/v2\/users\/1"}],"replies":[{"embeddable":true,"href":"https:\/\/jorgezanoni.com.br\/2019\/wp-json\/wp\/v2\/comments?post=54758"}],"version-history":[{"count":0,"href":"https:\/\/jorgezanoni.com.br\/2019\/wp-json\/wp\/v2\/posts\/54758\/revisions"}],"wp:featuredmedia":[{"embeddable":true,"href":"https:\/\/jorgezanoni.com.br\/2019\/wp-json\/wp\/v2\/media\/54759"}],"wp:attachment":[{"href":"https:\/\/jorgezanoni.com.br\/2019\/wp-json\/wp\/v2\/media?parent=54758"}],"wp:term":[{"taxonomy":"category","embeddable":true,"href":"https:\/\/jorgezanoni.com.br\/2019\/wp-json\/wp\/v2\/categories?post=54758"},{"taxonomy":"post_tag","embeddable":true,"href":"https:\/\/jorgezanoni.com.br\/2019\/wp-json\/wp\/v2\/tags?post=54758"}],"curies":[{"name":"wp","href":"https:\/\/api.w.org\/{rel}","templated":true}]}}