{"id":54739,"date":"2021-10-06T15:23:17","date_gmt":"2021-10-06T15:23:17","guid":{"rendered":"https:\/\/jorgezanoni.com.br\/2019\/?p=54739"},"modified":"2021-10-06T15:24:50","modified_gmt":"2021-10-06T15:24:50","slug":"profissional-de-educacao-fisica-tem-atuacao-cada-vez-mais-diversificada","status":"publish","type":"post","link":"https:\/\/jorgezanoni.com.br\/2019\/profissional-de-educacao-fisica-tem-atuacao-cada-vez-mais-diversificada\/","title":{"rendered":"Profissional de Educa\u00e7\u00e3o F\u00edsica tem atua\u00e7\u00e3o cada vez mais diversificada"},"content":{"rendered":"<p style=\"text-align: justify;\"><span style=\"font-size: large;\">&#8220;O profissional de Educa\u00e7\u00e3o F\u00edsica tem uma \u00e1rea muito abrangente de trabalho. H\u00e1 algumas d\u00e9cadas, a Educa\u00e7\u00e3o F\u00edsica era uma \u00e1rea mais limitada e o profissional era instrutor de academia, de corrida, de gin\u00e1stica ou professor de escola. Hoje, ele est\u00e1 inserido no mercado de trabalho em qualquer grupo et\u00e1rio, desde crian\u00e7as a idosos, dentro e fora da escola, e h\u00e1 possibilidade de trabalho em praticamente qualquer lugar, como hospitais e empresas&#8221;, destaca a Profa. <\/span>Dra.<span style=\"font-size: large;\">\u00a0Denise Bueno, coordenadora do curso de Educa\u00e7\u00e3o F\u00edsica da Unifadra Dracena.<\/span><\/p>\n<p><span style=\"font-size: large;\">Por um lado, esta maior abrang\u00eancia se deve \u00e0 Lei Federal n\u00ba 9696, de 01 de setembro de 1998, que regulamentou a Profiss\u00e3o de Educa\u00e7\u00e3o F\u00edsica e criou os Conselhos Federais e Regionais de Educa\u00e7\u00e3o F\u00edsica.<\/span><\/p>\n<p><span style=\"font-size: large;\">&#8220;H\u00e1 possibilidade de se trabalhar em empresas, com gin\u00e1stica laboral, e hoje \u00e9 muito forte a atua\u00e7\u00e3o do profissional de Educa\u00e7\u00e3o F\u00edsica dentro do Sistema \u00danico de Sa\u00fade (SUS), que h\u00e1 alguns anos n\u00e3o existia&#8221;, ressalta a\u00a0<\/span>Profa. Dra.<span style=\"font-size: large;\">\u00a0Denise.<\/span><\/p>\n<p><span style=\"font-size: large;\">&#8220;A arbitragem de todos os esportes \u00e9 feita por um profissional de Educa\u00e7\u00e3o F\u00edsica formado. \u00c9 poss\u00edvel tamb\u00e9m trabalhar em academias, como personal trainer, fisiologista, treinador\/preparador esportivo, como recreacionista em clubes esportivos, spas, hot\u00e9is-fazenda, cl\u00ednicas, est\u00fadios, mas tamb\u00e9m em projetos na \u00e1rea da sa\u00fade, programas de reabilita\u00e7\u00e3o, entre tantas outras \u00e1reas, junto com outros profissionais da sa\u00fade&#8221;, ressalta.<\/span><\/p>\n<p><span style=\"font-size: large;\">Por outro lado, o profissional de Educa\u00e7\u00e3o F\u00edsica ficou em evid\u00eancia com a pandemia, pois sua atua\u00e7\u00e3o une os benef\u00edcios da pr\u00e1tica de atividade f\u00edsica regular para a promo\u00e7\u00e3o do bem-estar, preven\u00e7\u00e3o e tratamento das doen\u00e7as cr\u00f4nicas n\u00e3o transmiss\u00edveis (doen\u00e7a card\u00edaca, acidente vascular cerebral, diabetes, c\u00e2ncer de mama e c\u00e2ncer de c\u00f3lon), al\u00e9m de fortalecer o sistema imunol\u00f3gico.<\/span><\/p>\n<p><span style=\"font-size: large;\">A coordenadora Denise aponta que, neste novo cen\u00e1rio, muitos profissionais conseguiram se reinventar e desenvolveram atividades adaptadas para serem realizadas \u00e0 dist\u00e2ncia. Al\u00e9m disso, pontua que pessoas que sofreram com a Covid-19 t\u00eam procurado os profissionais de Educa\u00e7\u00e3o F\u00edsica para a reabilita\u00e7\u00e3o muscular (atuando juntamente com fisioterapeutas nesse processo).<\/span><\/p>\n<p><span style=\"font-size: large;\">A Educa\u00e7\u00e3o F\u00edsica visa, em geral, \u00e0 educa\u00e7\u00e3o do corpo e \u00e0 promo\u00e7\u00e3o da sa\u00fade f\u00edsica e mental. Para quem se interessa pela \u00e1rea, na Unifadra os alunos t\u00eam a possibilidade de participar de projetos de extens\u00e3o que oferecem atividades f\u00edsicas a pacientes do SUS, como por exemplo os projetos Viva a Vida (pacientes hipertensos e diab\u00e9ticos) e Programa Parkinson (pacientes com a doen\u00e7a de Parkinson), que s\u00e3o realizados em parceria com a Prefeitura Municipal de Dracena e a Secretaria Municipal de Sa\u00fade.<\/span><\/p>\n<p><span style=\"font-size: large;\">&#8220;Os alunos come\u00e7am a atuar na pr\u00e1tica, desenvolvendo e comandando as aulas e aprendendo a desenvolver projetos deste tipo. S\u00e3o eles que prop\u00f5em as solu\u00e7\u00f5es para os problemas do dia a dia e lidam com os pacientes como em um est\u00e1gio, porque eles vivenciam a pr\u00e1tica&#8221;, destaca a\u00a0<\/span>Profa. Dra.<span style=\"font-size: large;\">\u00a0Denise, que tamb\u00e9m \u00e9 coordenadora dos dois projetos na Unifadra.<\/span><\/p>\n<p><span style=\"font-size: large;\"><b>Fa\u00e7a Educa\u00e7\u00e3o F\u00edsica na Unifadra!<\/b><\/span><\/p>\n<p><span style=\"font-size: large;\">O Vestibular 2021 da Unifadra Dracena est\u00e1 com inscri\u00e7\u00f5es abertas at\u00e9 27 de outubro. O candidato pode optar por uma das tr\u00eas formas de ingresso: 1. usar a nota do ENEM, 2. fazer o vestibular agendado presencial ou 3. realizar a prova on-line.<\/span><\/p>\n<p><b><span style=\"font-size: large;\">N\u00e3o esque\u00e7a!<\/span><br \/>\n<\/b><span style=\"font-size: large;\"><b>Inscri\u00e7\u00e3o: at\u00e9 27\/10<\/b>\u00a0pelo site:\u00a0<a href=\"http:\/\/www.fundec.edu.br\/unifadra\/vestibular\" target=\"_blank\" rel=\"noopener noreferrer\">www.fundec.edu.br\/unifadra\/vestibular<\/a><\/span><\/p>\n<p><span style=\"font-size: large;\"><b>Matr\u00edcula: at\u00e9 29\/10<\/b>, de segunda a sexta-feira, das 8h30 \u00e0s 11h30 e das 14h \u00e0s 16h30<\/span><br \/>\n<span style=\"font-size: large;\"><b>Benef\u00edcio<\/b>: isen\u00e7\u00e3o da taxa de matr\u00edcula e 20% de desconto nas mensalidades do curso escolhido<\/span><br \/>\n<span style=\"font-size: large;\"><b>Informa\u00e7\u00f5es<\/b>: (18) 3821-9008 ou (18) 99634-0383 ou pelo e-mail\u00a0<a href=\"mailto:secretaria@fundec.edu.br\" rel=\"noreferrer\">secretaria@fundec.edu.br<\/a><\/span><\/p>\n<p>Fonte: Departamento de Comunica\u00e7\u00e3o da Fundec<\/p>\n","protected":false},"excerpt":{"rendered":"<p>&#8220;O profissional de Educa\u00e7\u00e3o F\u00edsica tem uma \u00e1rea muito abrangente de trabalho. H\u00e1 algumas d\u00e9cadas, a Educa\u00e7\u00e3o F\u00edsica era uma \u00e1rea mais limitada e o profissional era instrutor de academia, de corrida, de gin\u00e1stica ou professor de escola. Hoje, ele est\u00e1 inserido no mercado de trabalho em qualquer grupo et\u00e1rio, desde crian\u00e7as a idosos, dentro [&hellip;]<\/p>\n","protected":false},"author":1,"featured_media":54740,"comment_status":"closed","ping_status":"open","sticky":false,"template":"","format":"standard","meta":{"footnotes":""},"categories":[110,122],"tags":[],"class_list":["post-54739","post","type-post","status-publish","format-standard","has-post-thumbnail","hentry","category-noticiasdestaque","category-saudeeducacaoeconcurso"],"_links":{"self":[{"href":"https:\/\/jorgezanoni.com.br\/2019\/wp-json\/wp\/v2\/posts\/54739","targetHints":{"allow":["GET"]}}],"collection":[{"href":"https:\/\/jorgezanoni.com.br\/2019\/wp-json\/wp\/v2\/posts"}],"about":[{"href":"https:\/\/jorgezanoni.com.br\/2019\/wp-json\/wp\/v2\/types\/post"}],"author":[{"embeddable":true,"href":"https:\/\/jorgezanoni.com.br\/2019\/wp-json\/wp\/v2\/users\/1"}],"replies":[{"embeddable":true,"href":"https:\/\/jorgezanoni.com.br\/2019\/wp-json\/wp\/v2\/comments?post=54739"}],"version-history":[{"count":0,"href":"https:\/\/jorgezanoni.com.br\/2019\/wp-json\/wp\/v2\/posts\/54739\/revisions"}],"wp:featuredmedia":[{"embeddable":true,"href":"https:\/\/jorgezanoni.com.br\/2019\/wp-json\/wp\/v2\/media\/54740"}],"wp:attachment":[{"href":"https:\/\/jorgezanoni.com.br\/2019\/wp-json\/wp\/v2\/media?parent=54739"}],"wp:term":[{"taxonomy":"category","embeddable":true,"href":"https:\/\/jorgezanoni.com.br\/2019\/wp-json\/wp\/v2\/categories?post=54739"},{"taxonomy":"post_tag","embeddable":true,"href":"https:\/\/jorgezanoni.com.br\/2019\/wp-json\/wp\/v2\/tags?post=54739"}],"curies":[{"name":"wp","href":"https:\/\/api.w.org\/{rel}","templated":true}]}}