{"id":54680,"date":"2021-10-05T22:45:15","date_gmt":"2021-10-05T22:45:15","guid":{"rendered":"https:\/\/jorgezanoni.com.br\/2019\/?p=54680"},"modified":"2021-10-05T22:45:15","modified_gmt":"2021-10-05T22:45:15","slug":"moradores-do-jardim-das-palmeiras-iii-reclamam-de-valeta-no-bairro","status":"publish","type":"post","link":"https:\/\/jorgezanoni.com.br\/2019\/moradores-do-jardim-das-palmeiras-iii-reclamam-de-valeta-no-bairro\/","title":{"rendered":"Moradores do Jardim das Palmeiras III reclamam de valeta no bairro"},"content":{"rendered":"<p style=\"text-align: justify;\">Moradores da Rua Argentina esquina com Jequitib\u00e1s no Jardim das Palmeiras III, reclamam da situa\u00e7\u00e3o que se encontra uma Valeta\/Depress\u00e3o naquele Bairro.<\/p>\n<p style=\"text-align: justify;\">Alegam que quando os ve\u00edculos passam pelo local, est\u00e3o caindo dentro de um buraco, quando s\u00e3o carros maiores, o problema tamb\u00e9m aumenta.<\/p>\n<p style=\"text-align: justify;\">Informam que j\u00e1 conversaram com uma vereadora, na Secret\u00e1ria de Obras, e h\u00e1 pelo menos um ano a situa\u00e7\u00e3o est\u00e1 sem ser resolvida.<\/p>\n<p style=\"text-align: justify;\">Pedem que os respons\u00e1veis deem uma passada pelo local e resolvam o problema.<\/p>\n<p style=\"text-align: justify;\">Jorge Zanoni<\/p>\n<p style=\"text-align: justify;\">Foto de Internauta<\/p>\n<p>&nbsp;<\/p>\n<p>&nbsp;<\/p>\n","protected":false},"excerpt":{"rendered":"<p>Moradores da Rua Argentina esquina com Jequitib\u00e1s no Jardim das Palmeiras III, reclamam da situa\u00e7\u00e3o que se encontra uma Valeta\/Depress\u00e3o naquele Bairro. Alegam que quando os ve\u00edculos passam pelo local, est\u00e3o caindo dentro de um buraco, quando s\u00e3o carros maiores, o problema tamb\u00e9m aumenta. Informam que j\u00e1 conversaram com uma vereadora, na Secret\u00e1ria de Obras, [&hellip;]<\/p>\n","protected":false},"author":1,"featured_media":54682,"comment_status":"closed","ping_status":"open","sticky":false,"template":"","format":"standard","meta":{"footnotes":""},"categories":[179,184,110],"tags":[],"class_list":["post-54680","post","type-post","status-publish","format-standard","has-post-thumbnail","hentry","category-cidadeseregiao","category-dracena","category-noticiasdestaque"],"_links":{"self":[{"href":"https:\/\/jorgezanoni.com.br\/2019\/wp-json\/wp\/v2\/posts\/54680","targetHints":{"allow":["GET"]}}],"collection":[{"href":"https:\/\/jorgezanoni.com.br\/2019\/wp-json\/wp\/v2\/posts"}],"about":[{"href":"https:\/\/jorgezanoni.com.br\/2019\/wp-json\/wp\/v2\/types\/post"}],"author":[{"embeddable":true,"href":"https:\/\/jorgezanoni.com.br\/2019\/wp-json\/wp\/v2\/users\/1"}],"replies":[{"embeddable":true,"href":"https:\/\/jorgezanoni.com.br\/2019\/wp-json\/wp\/v2\/comments?post=54680"}],"version-history":[{"count":0,"href":"https:\/\/jorgezanoni.com.br\/2019\/wp-json\/wp\/v2\/posts\/54680\/revisions"}],"wp:featuredmedia":[{"embeddable":true,"href":"https:\/\/jorgezanoni.com.br\/2019\/wp-json\/wp\/v2\/media\/54682"}],"wp:attachment":[{"href":"https:\/\/jorgezanoni.com.br\/2019\/wp-json\/wp\/v2\/media?parent=54680"}],"wp:term":[{"taxonomy":"category","embeddable":true,"href":"https:\/\/jorgezanoni.com.br\/2019\/wp-json\/wp\/v2\/categories?post=54680"},{"taxonomy":"post_tag","embeddable":true,"href":"https:\/\/jorgezanoni.com.br\/2019\/wp-json\/wp\/v2\/tags?post=54680"}],"curies":[{"name":"wp","href":"https:\/\/api.w.org\/{rel}","templated":true}]}}