{"id":54672,"date":"2021-10-05T16:24:27","date_gmt":"2021-10-05T16:24:27","guid":{"rendered":"https:\/\/jorgezanoni.com.br\/2019\/?p=54672"},"modified":"2021-10-05T16:24:27","modified_gmt":"2021-10-05T16:24:27","slug":"major-brigadeiro-da-forca-aerea-brasileira-visita-a-nossa-regiao","status":"publish","type":"post","link":"https:\/\/jorgezanoni.com.br\/2019\/major-brigadeiro-da-forca-aerea-brasileira-visita-a-nossa-regiao\/","title":{"rendered":"Major Brigadeiro da For\u00e7a A\u00e9rea Brasileira visita a nossa regi\u00e3o"},"content":{"rendered":"<p style=\"text-align: justify;\">Na manh\u00e3 da \u00faltima sexta feira dia 01 de outubro uma visita bastante ilustre esteve na nossa regi\u00e3o, mais precisamente na C\u00e2mara Municipal de Pacaembu e foi recebido por diversas autoridades, o Major Brigadeiro do Ar \u201cLuiz Ricardo de Souza Nascimento\u201d.<br \/>\nFoi tamb\u00e9m realizada palestras em v\u00e1rias escolas do munic\u00edpio, falando sobre a profiss\u00e3o e a carreira da Aeron\u00e1utica, pois, como muitos dos alunos hoje da rede municipal e estadual do munic\u00edpio, ele tamb\u00e9m estudou em Pacaembu quando na inf\u00e2ncia e fez quest\u00e3o de retornar para dar esse belo exemplo de vida e futuro.<br \/>\nO 25\u00ba Batalh\u00e3o de Pol\u00edcia Militar do Interior neste ato foi representado pelo Major PM J\u00falio Marcelo Romagnolli dos Santos, Subcomandante Interino do 25\u00ba e que representou o Tenente Coronel PM Marcio Agamenon Goes de Souza, Comandante do Batalh\u00e3o.<\/p>\n<p><img loading=\"lazy\" decoding=\"async\" class=\"alignnone size-full wp-image-54674\" src=\"https:\/\/jorgezanoni.com.br\/2019\/wp-content\/uploads\/2021\/10\/briga1.jpg\" alt=\"\" width=\"1023\" height=\"372\" srcset=\"https:\/\/jorgezanoni.com.br\/2019\/wp-content\/uploads\/2021\/10\/briga1.jpg 1023w, https:\/\/jorgezanoni.com.br\/2019\/wp-content\/uploads\/2021\/10\/briga1-300x109.jpg 300w, https:\/\/jorgezanoni.com.br\/2019\/wp-content\/uploads\/2021\/10\/briga1-768x279.jpg 768w, https:\/\/jorgezanoni.com.br\/2019\/wp-content\/uploads\/2021\/10\/briga1-696x253.jpg 696w\" sizes=\"auto, (max-width: 1023px) 100vw, 1023px\" \/>#25BPMI<br \/>\n#CPI8<br \/>\n#POLICIAMILITARSP<br \/>\n#AFOR\u00c7AP\u00daBLICADES\u00c3OPAULO<\/p>\n<p>&nbsp;<\/p>\n","protected":false},"excerpt":{"rendered":"<p>Na manh\u00e3 da \u00faltima sexta feira dia 01 de outubro uma visita bastante ilustre esteve na nossa regi\u00e3o, mais precisamente na C\u00e2mara Municipal de Pacaembu e foi recebido por diversas autoridades, o Major Brigadeiro do Ar \u201cLuiz Ricardo de Souza Nascimento\u201d. Foi tamb\u00e9m realizada palestras em v\u00e1rias escolas do munic\u00edpio, falando sobre a profiss\u00e3o e [&hellip;]<\/p>\n","protected":false},"author":1,"featured_media":54673,"comment_status":"closed","ping_status":"open","sticky":false,"template":"","format":"standard","meta":{"footnotes":""},"categories":[110,2],"tags":[],"class_list":["post-54672","post","type-post","status-publish","format-standard","has-post-thumbnail","hentry","category-noticiasdestaque","category-policial"],"_links":{"self":[{"href":"https:\/\/jorgezanoni.com.br\/2019\/wp-json\/wp\/v2\/posts\/54672","targetHints":{"allow":["GET"]}}],"collection":[{"href":"https:\/\/jorgezanoni.com.br\/2019\/wp-json\/wp\/v2\/posts"}],"about":[{"href":"https:\/\/jorgezanoni.com.br\/2019\/wp-json\/wp\/v2\/types\/post"}],"author":[{"embeddable":true,"href":"https:\/\/jorgezanoni.com.br\/2019\/wp-json\/wp\/v2\/users\/1"}],"replies":[{"embeddable":true,"href":"https:\/\/jorgezanoni.com.br\/2019\/wp-json\/wp\/v2\/comments?post=54672"}],"version-history":[{"count":0,"href":"https:\/\/jorgezanoni.com.br\/2019\/wp-json\/wp\/v2\/posts\/54672\/revisions"}],"wp:featuredmedia":[{"embeddable":true,"href":"https:\/\/jorgezanoni.com.br\/2019\/wp-json\/wp\/v2\/media\/54673"}],"wp:attachment":[{"href":"https:\/\/jorgezanoni.com.br\/2019\/wp-json\/wp\/v2\/media?parent=54672"}],"wp:term":[{"taxonomy":"category","embeddable":true,"href":"https:\/\/jorgezanoni.com.br\/2019\/wp-json\/wp\/v2\/categories?post=54672"},{"taxonomy":"post_tag","embeddable":true,"href":"https:\/\/jorgezanoni.com.br\/2019\/wp-json\/wp\/v2\/tags?post=54672"}],"curies":[{"name":"wp","href":"https:\/\/api.w.org\/{rel}","templated":true}]}}