{"id":54667,"date":"2021-10-05T15:33:58","date_gmt":"2021-10-05T15:33:58","guid":{"rendered":"https:\/\/jorgezanoni.com.br\/2019\/?p=54667"},"modified":"2021-10-05T15:33:58","modified_gmt":"2021-10-05T15:33:58","slug":"agir-salva-vidas-palestra-no-anglo-cid-abordou-temas-como-ansiedade-depressao-e-bullying","status":"publish","type":"post","link":"https:\/\/jorgezanoni.com.br\/2019\/agir-salva-vidas-palestra-no-anglo-cid-abordou-temas-como-ansiedade-depressao-e-bullying\/","title":{"rendered":"Agir salva vidas: palestra no Anglo-CID abordou temas como ansiedade, depress\u00e3o e bullying"},"content":{"rendered":"<p style=\"text-align: justify;\"><span style=\"font-size: large;\">Para encerrar o Setembro Amarelo, o Col\u00e9gio Anglo-CID realizou, no dia 30 de setembro, uma palestra com o tema da campanha deste ano: Agir salva vidas. O evento foi organizado pela psic\u00f3loga <\/span>M\u00e9rieli<span style=\"font-size: large;\">\u00a0Guerra F\u00e1varo e teve como palestrante convidado o m\u00e9dico psiquiatra Marcelo Froio Cezario.<\/span><\/p>\n<p><span style=\"font-size: large;\">Os alunos do 1\u00ba, 2\u00ba e 3\u00ba anos do ensino m\u00e9dio do col\u00e9gio acompanharam a atividade, que tamb\u00e9m foi transmitida via aplicativo Meet aos alunos que estavam assistindo \u00e0s aulas de forma remota.<\/span><\/p>\n<p><span style=\"font-size: large;\">O m\u00e9dico psiquiatra discorreu sobre ansiedade, depress\u00e3o, bullying, sobre as formas de tratamento e a import\u00e2ncia de buscar ajuda profissional se necess\u00e1rio.<\/span><\/p>\n<p><span style=\"font-size: large;\">A psic\u00f3loga do Col\u00e9gio Anglo-CID aproveitou para mais uma vez se colocar \u00e0 disposi\u00e7\u00e3o dos alunos, refor\u00e7ando que est\u00e1 na escola todos os dias no per\u00edodo da manh\u00e3 e que os alunos podem procur\u00e1-la quando acharem necess\u00e1rio.<\/span><\/p>\n<p>M\u00e9rieli<span style=\"font-size: large;\">\u00a0agradeceu \u00e0 dire\u00e7\u00e3o e \u00e0 coordena\u00e7\u00e3o do Col\u00e9gio Anglo-CID pelo apoio na realiza\u00e7\u00e3o do evento, e ao Dr. Marcelo pela acolhida ao convite feito.<\/span><\/p>\n<p><span style=\"font-size: large;\">A diretora do Col\u00e9gio Anglo-CID Eul\u00e1lia Fava destacou que falar e informar sobre o suic\u00eddio \u00e9 muito importante, principalmente para o nosso alunado jovem, pois, como as pesquisas destacam, o maior aumento de suic\u00eddios no Brasil \u00e9 registrado entre os jovens de 15 a 25 anos. Por isso, nossa escola apoia esse trabalho de conscientiza\u00e7\u00e3o sobre a preven\u00e7\u00e3o do suic\u00eddio.<\/span><\/p>\n<p><img loading=\"lazy\" decoding=\"async\" class=\"alignnone size-full wp-image-54668\" src=\"https:\/\/jorgezanoni.com.br\/2019\/wp-content\/uploads\/2021\/10\/fun.jpeg\" alt=\"\" width=\"1024\" height=\"768\" srcset=\"https:\/\/jorgezanoni.com.br\/2019\/wp-content\/uploads\/2021\/10\/fun.jpeg 1024w, https:\/\/jorgezanoni.com.br\/2019\/wp-content\/uploads\/2021\/10\/fun-300x225.jpeg 300w, https:\/\/jorgezanoni.com.br\/2019\/wp-content\/uploads\/2021\/10\/fun-768x576.jpeg 768w, https:\/\/jorgezanoni.com.br\/2019\/wp-content\/uploads\/2021\/10\/fun-80x60.jpeg 80w, https:\/\/jorgezanoni.com.br\/2019\/wp-content\/uploads\/2021\/10\/fun-265x198.jpeg 265w, https:\/\/jorgezanoni.com.br\/2019\/wp-content\/uploads\/2021\/10\/fun-696x522.jpeg 696w, https:\/\/jorgezanoni.com.br\/2019\/wp-content\/uploads\/2021\/10\/fun-560x420.jpeg 560w\" sizes=\"auto, (max-width: 1024px) 100vw, 1024px\" \/> <img loading=\"lazy\" decoding=\"async\" class=\"alignnone size-full wp-image-54669\" src=\"https:\/\/jorgezanoni.com.br\/2019\/wp-content\/uploads\/2021\/10\/Fun1.jpeg\" alt=\"\" width=\"1024\" height=\"768\" srcset=\"https:\/\/jorgezanoni.com.br\/2019\/wp-content\/uploads\/2021\/10\/Fun1.jpeg 1024w, https:\/\/jorgezanoni.com.br\/2019\/wp-content\/uploads\/2021\/10\/Fun1-300x225.jpeg 300w, https:\/\/jorgezanoni.com.br\/2019\/wp-content\/uploads\/2021\/10\/Fun1-768x576.jpeg 768w, https:\/\/jorgezanoni.com.br\/2019\/wp-content\/uploads\/2021\/10\/Fun1-80x60.jpeg 80w, https:\/\/jorgezanoni.com.br\/2019\/wp-content\/uploads\/2021\/10\/Fun1-265x198.jpeg 265w, https:\/\/jorgezanoni.com.br\/2019\/wp-content\/uploads\/2021\/10\/Fun1-696x522.jpeg 696w, https:\/\/jorgezanoni.com.br\/2019\/wp-content\/uploads\/2021\/10\/Fun1-560x420.jpeg 560w\" sizes=\"auto, (max-width: 1024px) 100vw, 1024px\" \/><\/p>\n<p>Fonte: Departamento de Comunica\u00e7\u00e3o Fundec<\/p>\n","protected":false},"excerpt":{"rendered":"<p>Para encerrar o Setembro Amarelo, o Col\u00e9gio Anglo-CID realizou, no dia 30 de setembro, uma palestra com o tema da campanha deste ano: Agir salva vidas. O evento foi organizado pela psic\u00f3loga M\u00e9rieli\u00a0Guerra F\u00e1varo e teve como palestrante convidado o m\u00e9dico psiquiatra Marcelo Froio Cezario. Os alunos do 1\u00ba, 2\u00ba e 3\u00ba anos do ensino [&hellip;]<\/p>\n","protected":false},"author":1,"featured_media":54670,"comment_status":"closed","ping_status":"open","sticky":false,"template":"","format":"standard","meta":{"footnotes":""},"categories":[110,122],"tags":[],"class_list":["post-54667","post","type-post","status-publish","format-standard","has-post-thumbnail","hentry","category-noticiasdestaque","category-saudeeducacaoeconcurso"],"_links":{"self":[{"href":"https:\/\/jorgezanoni.com.br\/2019\/wp-json\/wp\/v2\/posts\/54667","targetHints":{"allow":["GET"]}}],"collection":[{"href":"https:\/\/jorgezanoni.com.br\/2019\/wp-json\/wp\/v2\/posts"}],"about":[{"href":"https:\/\/jorgezanoni.com.br\/2019\/wp-json\/wp\/v2\/types\/post"}],"author":[{"embeddable":true,"href":"https:\/\/jorgezanoni.com.br\/2019\/wp-json\/wp\/v2\/users\/1"}],"replies":[{"embeddable":true,"href":"https:\/\/jorgezanoni.com.br\/2019\/wp-json\/wp\/v2\/comments?post=54667"}],"version-history":[{"count":0,"href":"https:\/\/jorgezanoni.com.br\/2019\/wp-json\/wp\/v2\/posts\/54667\/revisions"}],"wp:featuredmedia":[{"embeddable":true,"href":"https:\/\/jorgezanoni.com.br\/2019\/wp-json\/wp\/v2\/media\/54670"}],"wp:attachment":[{"href":"https:\/\/jorgezanoni.com.br\/2019\/wp-json\/wp\/v2\/media?parent=54667"}],"wp:term":[{"taxonomy":"category","embeddable":true,"href":"https:\/\/jorgezanoni.com.br\/2019\/wp-json\/wp\/v2\/categories?post=54667"},{"taxonomy":"post_tag","embeddable":true,"href":"https:\/\/jorgezanoni.com.br\/2019\/wp-json\/wp\/v2\/tags?post=54667"}],"curies":[{"name":"wp","href":"https:\/\/api.w.org\/{rel}","templated":true}]}}