{"id":54636,"date":"2021-10-04T21:30:10","date_gmt":"2021-10-04T21:30:10","guid":{"rendered":"https:\/\/jorgezanoni.com.br\/2019\/?p=54636"},"modified":"2021-10-04T21:30:54","modified_gmt":"2021-10-04T21:30:54","slug":"fundec-participa-do-lancamento-do-programa-mais-santas-casas","status":"publish","type":"post","link":"https:\/\/jorgezanoni.com.br\/2019\/fundec-participa-do-lancamento-do-programa-mais-santas-casas\/","title":{"rendered":"Fundec participa do lan\u00e7amento do programa Mais Santas Casas"},"content":{"rendered":"<p style=\"text-align: justify;\"><span style=\"font-size: large;\">Diretores da Santa Casa de Dracena e da Funda\u00e7\u00e3o Dracenense de Educa\u00e7\u00e3o e Cultura (Fundec) participaram do lan\u00e7amento do programa &#8220;Mais Santas Casas&#8221;, na \u00faltima quinta-feira (30), no Pal\u00e1cio dos Bandeirantes, edif\u00edcio-sede do Governo do Estado de S\u00e3o Paulo, na capital.<\/span><\/p>\n<p style=\"text-align: justify;\"><span style=\"font-size: large;\">O programa vai destinar\u00a0<\/span>R$ 1,2<span style=\"font-size: large;\">\u00a0bilh\u00e3o por ano para apoiar hospitais do Estado de S\u00e3o Paulo no custeio da presta\u00e7\u00e3o dos servi\u00e7os SUS. O evento contou com a presen\u00e7a do governador Jo\u00e3o Doria e do vice-governador Rodrigo Garcia.<\/span><\/p>\n<p style=\"text-align: justify;\"><span style=\"font-size: large;\">Conhe\u00e7a o programa em:\u00a0<a href=\"https:\/\/www.saopaulo.sp.gov.br\/secretaria-de-desenvolvimento-regional\/governo-de-sp-destina-r-15-bilhao-por-ano-para-santas-casas-e-hospitais-filantropicos\/\" target=\"_blank\" rel=\"noopener noreferrer\">https:\/\/www.saopaulo.sp.gov.br\/secretaria-de-desenvolvimento-regional\/governo-de-sp-destina-r-15-bilhao-por-ano-para-santas-casas-e-hospitais-filantropicos\/<\/a><\/span><\/p>\n<p style=\"text-align: justify;\">Fonte: Departamento de Comunica\u00e7\u00e3o Fundec<\/p>\n","protected":false},"excerpt":{"rendered":"<p>Diretores da Santa Casa de Dracena e da Funda\u00e7\u00e3o Dracenense de Educa\u00e7\u00e3o e Cultura (Fundec) participaram do lan\u00e7amento do programa &#8220;Mais Santas Casas&#8221;, na \u00faltima quinta-feira (30), no Pal\u00e1cio dos Bandeirantes, edif\u00edcio-sede do Governo do Estado de S\u00e3o Paulo, na capital. O programa vai destinar\u00a0R$ 1,2\u00a0bilh\u00e3o por ano para apoiar hospitais do Estado de S\u00e3o [&hellip;]<\/p>\n","protected":false},"author":1,"featured_media":54637,"comment_status":"closed","ping_status":"open","sticky":false,"template":"","format":"standard","meta":{"footnotes":""},"categories":[110,122],"tags":[],"class_list":["post-54636","post","type-post","status-publish","format-standard","has-post-thumbnail","hentry","category-noticiasdestaque","category-saudeeducacaoeconcurso"],"_links":{"self":[{"href":"https:\/\/jorgezanoni.com.br\/2019\/wp-json\/wp\/v2\/posts\/54636","targetHints":{"allow":["GET"]}}],"collection":[{"href":"https:\/\/jorgezanoni.com.br\/2019\/wp-json\/wp\/v2\/posts"}],"about":[{"href":"https:\/\/jorgezanoni.com.br\/2019\/wp-json\/wp\/v2\/types\/post"}],"author":[{"embeddable":true,"href":"https:\/\/jorgezanoni.com.br\/2019\/wp-json\/wp\/v2\/users\/1"}],"replies":[{"embeddable":true,"href":"https:\/\/jorgezanoni.com.br\/2019\/wp-json\/wp\/v2\/comments?post=54636"}],"version-history":[{"count":0,"href":"https:\/\/jorgezanoni.com.br\/2019\/wp-json\/wp\/v2\/posts\/54636\/revisions"}],"wp:featuredmedia":[{"embeddable":true,"href":"https:\/\/jorgezanoni.com.br\/2019\/wp-json\/wp\/v2\/media\/54637"}],"wp:attachment":[{"href":"https:\/\/jorgezanoni.com.br\/2019\/wp-json\/wp\/v2\/media?parent=54636"}],"wp:term":[{"taxonomy":"category","embeddable":true,"href":"https:\/\/jorgezanoni.com.br\/2019\/wp-json\/wp\/v2\/categories?post=54636"},{"taxonomy":"post_tag","embeddable":true,"href":"https:\/\/jorgezanoni.com.br\/2019\/wp-json\/wp\/v2\/tags?post=54636"}],"curies":[{"name":"wp","href":"https:\/\/api.w.org\/{rel}","templated":true}]}}