{"id":54617,"date":"2021-10-03T23:57:18","date_gmt":"2021-10-03T23:57:18","guid":{"rendered":"https:\/\/jorgezanoni.com.br\/2019\/?p=54617"},"modified":"2021-10-03T23:57:18","modified_gmt":"2021-10-03T23:57:18","slug":"policia-civil-apreende-arma-de-fogo-que-pode-ter-sido-utilizada-em-uma-ocorrencia-envolvendo-irmaos-em-panorama","status":"publish","type":"post","link":"https:\/\/jorgezanoni.com.br\/2019\/policia-civil-apreende-arma-de-fogo-que-pode-ter-sido-utilizada-em-uma-ocorrencia-envolvendo-irmaos-em-panorama\/","title":{"rendered":"Pol\u00edcia Civil apreende arma de fogo que pode ter sido utilizada em uma ocorr\u00eancia envolvendo irm\u00e3os em Panorama."},"content":{"rendered":"<p style=\"text-align: justify;\"><strong>O suposto autor do disparo se apresentou na Delegacia, e entregou um rev\u00f3lver calibre 32.<\/strong><\/p>\n<p style=\"text-align: justify;\">A Pol\u00edcia Civil, por interm\u00e9dio da Delegacia de Pol\u00edcia de Panorama, apreendeu ontem quinta-feira (30), um rev\u00f3lver calibre 32, que pode ter sido utilizado em uma ocorr\u00eancia registrada na quarta-feira (29), envolvendo dois irm\u00e3os em Panorama. Um homem, de 34 anos, que seria o suposto autor do disparo apresentou uma arma de fogo municiada com cinco cartucho intactos, \u00e0 autoridade pol\u00edcia, que determinou a apreens\u00e3o do objeto.<\/p>\n<p style=\"text-align: justify;\">A ocorr\u00eancia foi registrada havia pela Policia Civil como les\u00e3o corporal de natureza grave e porte ilegal de arma de fogo de uso permitido. Imediatamente foi instaurado inqu\u00e9rito policial para apura\u00e7\u00e3o dos fatos.<\/p>\n<p style=\"text-align: justify;\">Arma de fogo e as muni\u00e7\u00f5es foram encaminhadas para exame pericial no Instituto de Criminal\u00edstica.<\/p>\n<p style=\"text-align: justify;\">Pela apura\u00e7\u00e3o preliminar realizada pela Pol\u00edcia Civil durante o desentendimento familiar ocorreu um \u00fanico disparo de arma de fogo, que a atingiu a v\u00edtima.<\/p>\n<p style=\"text-align: justify;\">Fonte: Com. Social Pol\u00edcia Civil<\/p>\n","protected":false},"excerpt":{"rendered":"<p>O suposto autor do disparo se apresentou na Delegacia, e entregou um rev\u00f3lver calibre 32. A Pol\u00edcia Civil, por interm\u00e9dio da Delegacia de Pol\u00edcia de Panorama, apreendeu ontem quinta-feira (30), um rev\u00f3lver calibre 32, que pode ter sido utilizado em uma ocorr\u00eancia registrada na quarta-feira (29), envolvendo dois irm\u00e3os em Panorama. Um homem, de 34 [&hellip;]<\/p>\n","protected":false},"author":1,"featured_media":54618,"comment_status":"closed","ping_status":"open","sticky":false,"template":"","format":"standard","meta":{"footnotes":""},"categories":[110,2],"tags":[],"class_list":["post-54617","post","type-post","status-publish","format-standard","has-post-thumbnail","hentry","category-noticiasdestaque","category-policial"],"_links":{"self":[{"href":"https:\/\/jorgezanoni.com.br\/2019\/wp-json\/wp\/v2\/posts\/54617","targetHints":{"allow":["GET"]}}],"collection":[{"href":"https:\/\/jorgezanoni.com.br\/2019\/wp-json\/wp\/v2\/posts"}],"about":[{"href":"https:\/\/jorgezanoni.com.br\/2019\/wp-json\/wp\/v2\/types\/post"}],"author":[{"embeddable":true,"href":"https:\/\/jorgezanoni.com.br\/2019\/wp-json\/wp\/v2\/users\/1"}],"replies":[{"embeddable":true,"href":"https:\/\/jorgezanoni.com.br\/2019\/wp-json\/wp\/v2\/comments?post=54617"}],"version-history":[{"count":0,"href":"https:\/\/jorgezanoni.com.br\/2019\/wp-json\/wp\/v2\/posts\/54617\/revisions"}],"wp:featuredmedia":[{"embeddable":true,"href":"https:\/\/jorgezanoni.com.br\/2019\/wp-json\/wp\/v2\/media\/54618"}],"wp:attachment":[{"href":"https:\/\/jorgezanoni.com.br\/2019\/wp-json\/wp\/v2\/media?parent=54617"}],"wp:term":[{"taxonomy":"category","embeddable":true,"href":"https:\/\/jorgezanoni.com.br\/2019\/wp-json\/wp\/v2\/categories?post=54617"},{"taxonomy":"post_tag","embeddable":true,"href":"https:\/\/jorgezanoni.com.br\/2019\/wp-json\/wp\/v2\/tags?post=54617"}],"curies":[{"name":"wp","href":"https:\/\/api.w.org\/{rel}","templated":true}]}}