{"id":54605,"date":"2021-10-03T23:10:41","date_gmt":"2021-10-03T23:10:41","guid":{"rendered":"https:\/\/jorgezanoni.com.br\/2019\/?p=54605"},"modified":"2021-10-03T23:10:41","modified_gmt":"2021-10-03T23:10:41","slug":"moradores-poem-fogo-em-pneus-em-protesto-contra-a-falta-de-agua-e-energia-eletrica","status":"publish","type":"post","link":"https:\/\/jorgezanoni.com.br\/2019\/moradores-poem-fogo-em-pneus-em-protesto-contra-a-falta-de-agua-e-energia-eletrica\/","title":{"rendered":"Moradores p\u00f5em fogo em pneus em protesto contra a falta de \u00e1gua e energia el\u00e9trica"},"content":{"rendered":"<p style=\"text-align: justify;\">Moradores de Panorama colocaram fogo em pneus causando a interdi\u00e7\u00e3o da Rodovia Comandante Jo\u00e3o Ribeiro de Barros \u2013 (SP-294) na entrada da cidade em protesto contra a falta de energia el\u00e9trica e abastecimento de \u00e1gua que ocorre desde a \u00faltima sexta-feira (1) em decorr\u00eancia do forte tempo que atingiu a cidade.<\/p>\n<p style=\"text-align: justify;\">O protesto ocorreu na entrada do Bairro Quintas das Iaras na manh\u00e3 de hoje (3).<\/p>\n<p style=\"text-align: justify;\">O grupo de moradores fez uma barricada de pneus e ateou fogo. A Pol\u00edcia Militar compareceu ao local e foi acionado o caminh\u00e3o pipa para apagar as chamas, retomando assim o tr\u00e1fego pelo local.<\/p>\n<p style=\"text-align: justify;\">O abastecimento de energia el\u00e9trica \u00e9 feito pela Neoenergia Elektro e o fornecimento de \u00e1gua \u00e9 desenvolvido pela Prefeitura Municipal atrav\u00e9s do Departamento de \u00c1gua e Esgoto (DAE).<\/p>\n<p style=\"text-align: justify;\">Segundo informou o Panorama Not\u00edcia, ap\u00f3s o protesto com pneus incendiados na rodovia na entrada de Panorama pelo bairro Quinta das Iaras, a Elektro apareceu e consertou danos na rede el\u00e9trica e bairro que voltou a ter energia depois de quase dois dias do temporal.<\/p>\n<p style=\"text-align: justify;\">J\u00e1 a Prefeitura confirmou que a caixa d\u2019\u00e1gua do bairro voltou a funcionar e que o abastecimento estava sendo retomado.<\/p>\n<p style=\"text-align: justify;\">Fonte: Panorama Not\u00edcias<\/p>\n","protected":false},"excerpt":{"rendered":"<p>Moradores de Panorama colocaram fogo em pneus causando a interdi\u00e7\u00e3o da Rodovia Comandante Jo\u00e3o Ribeiro de Barros \u2013 (SP-294) na entrada da cidade em protesto contra a falta de energia el\u00e9trica e abastecimento de \u00e1gua que ocorre desde a \u00faltima sexta-feira (1) em decorr\u00eancia do forte tempo que atingiu a cidade. O protesto ocorreu na [&hellip;]<\/p>\n","protected":false},"author":1,"featured_media":54606,"comment_status":"closed","ping_status":"open","sticky":false,"template":"","format":"standard","meta":{"footnotes":""},"categories":[179,110,188],"tags":[],"class_list":["post-54605","post","type-post","status-publish","format-standard","has-post-thumbnail","hentry","category-cidadeseregiao","category-noticiasdestaque","category-panorama"],"_links":{"self":[{"href":"https:\/\/jorgezanoni.com.br\/2019\/wp-json\/wp\/v2\/posts\/54605","targetHints":{"allow":["GET"]}}],"collection":[{"href":"https:\/\/jorgezanoni.com.br\/2019\/wp-json\/wp\/v2\/posts"}],"about":[{"href":"https:\/\/jorgezanoni.com.br\/2019\/wp-json\/wp\/v2\/types\/post"}],"author":[{"embeddable":true,"href":"https:\/\/jorgezanoni.com.br\/2019\/wp-json\/wp\/v2\/users\/1"}],"replies":[{"embeddable":true,"href":"https:\/\/jorgezanoni.com.br\/2019\/wp-json\/wp\/v2\/comments?post=54605"}],"version-history":[{"count":0,"href":"https:\/\/jorgezanoni.com.br\/2019\/wp-json\/wp\/v2\/posts\/54605\/revisions"}],"wp:featuredmedia":[{"embeddable":true,"href":"https:\/\/jorgezanoni.com.br\/2019\/wp-json\/wp\/v2\/media\/54606"}],"wp:attachment":[{"href":"https:\/\/jorgezanoni.com.br\/2019\/wp-json\/wp\/v2\/media?parent=54605"}],"wp:term":[{"taxonomy":"category","embeddable":true,"href":"https:\/\/jorgezanoni.com.br\/2019\/wp-json\/wp\/v2\/categories?post=54605"},{"taxonomy":"post_tag","embeddable":true,"href":"https:\/\/jorgezanoni.com.br\/2019\/wp-json\/wp\/v2\/tags?post=54605"}],"curies":[{"name":"wp","href":"https:\/\/api.w.org\/{rel}","templated":true}]}}