{"id":54601,"date":"2021-10-03T22:55:32","date_gmt":"2021-10-03T22:55:32","guid":{"rendered":"https:\/\/jorgezanoni.com.br\/2019\/?p=54601"},"modified":"2021-10-03T22:56:12","modified_gmt":"2021-10-03T22:56:12","slug":"consumidores-podem-processar-empresa-por-longo-periodo-de-falta-de-energia-alerta-advogado","status":"publish","type":"post","link":"https:\/\/jorgezanoni.com.br\/2019\/consumidores-podem-processar-empresa-por-longo-periodo-de-falta-de-energia-alerta-advogado\/","title":{"rendered":"\u201cConsumidores podem processar empresa por longo per\u00edodo de falta de energia\u201d, alerta advogado"},"content":{"rendered":"<p><strong><em>Falta de energia j\u00e1 dura mais de 24 horas em parte de Fl\u00f3rida Paulista.<\/em><\/strong><\/p>\n<p style=\"text-align: justify;\">Fl\u00f3rida Paulista e alguns munic\u00edpios vizinhos enfrentam a falta de energia que teve in\u00edcio por volta das 13h30 de ontem (1) e que se arrastou por v\u00e1rias horas deixando grande parte do com\u00e9rcio e resid\u00eancias \u00e0s escuras durante toda a noite e ref\u00e9m dos preju\u00edzos e danos gerados pelo n\u00e3o abastecimento.<\/p>\n<p style=\"text-align: justify;\">Na noite de ontem, pr\u00f3ximo das 22h00, a previs\u00e3o inicial dada pela empresa Elektro \u00e0 reportagem do jornal e site\u00a0<strong>Folha Regional<\/strong>, era de que a normaliza\u00e7\u00e3o deveria ocorrer at\u00e9 as 2h37 da madrugada deste s\u00e1bado, o que at\u00e9 o momento da postagem desta reportagem n\u00e3o ocorreu.<\/p>\n<p style=\"text-align: justify;\">Enquanto esperam, os comerciantes e empresas j\u00e1 come\u00e7am a contabilizar os preju\u00edzos por n\u00e3o poder abrir e colocar em funcionamento seus estabelecimentos e em alguns casos, de alimentos perec\u00edveis e produtos que estragaram por dependerem de refrigera\u00e7\u00e3o.<\/p>\n<p style=\"text-align: justify;\"><strong>SITUA\u00c7\u00c3O GERA PROCESSO POR DANO MORAL<\/strong><\/p>\n<p style=\"text-align: justify;\">Em conversa com a reportagem do jornal e site\u00a0<strong>Folha Regional<\/strong>, o advogado Dr. Jo\u00e3o Piffer alertou que por se tratar de servi\u00e7o essencial, tal situa\u00e7\u00e3o de desabastecimento \u00e9 pass\u00edvel do ingresso de a\u00e7\u00e3o judicial por configurar dano moral.<\/p>\n<p style=\"text-align: justify;\">\u201cTodas as pessoas que passaram e est\u00e3o passando por preju\u00edzos ou danos ocasionados pela falta de energia el\u00e9trica podem e devem entrar com a\u00e7\u00e3o contra a empresa que deveria desprender de toda a sua estrutura para sanar o mais r\u00e1pido poss\u00edvel a situa\u00e7\u00e3o\u201d, destaca o advogado.<\/p>\n<p style=\"text-align: justify;\">Ele ainda orienta para que toda perda deve ser contabilizada e inclusive registrada atrav\u00e9s de fotos e v\u00eddeos que comprovem a situa\u00e7\u00e3o.<\/p>\n<p style=\"text-align: justify;\">\u201cJuntadas todas as provas, o cliente poder\u00e1 buscar o ressarcimento por meio da Justi\u00e7a, onde a concession\u00e1ria de energia el\u00e9trica pode ser responsabilizada em arcar com os custos sofridos pelo n\u00e3o abastecimento\u201d, explicou Dr. Jo\u00e3o Piffer.<\/p>\n<p style=\"text-align: justify;\">Fonte: Folha Regional (02\/10)<\/p>\n","protected":false},"excerpt":{"rendered":"<p>Falta de energia j\u00e1 dura mais de 24 horas em parte de Fl\u00f3rida Paulista. Fl\u00f3rida Paulista e alguns munic\u00edpios vizinhos enfrentam a falta de energia que teve in\u00edcio por volta das 13h30 de ontem (1) e que se arrastou por v\u00e1rias horas deixando grande parte do com\u00e9rcio e resid\u00eancias \u00e0s escuras durante toda a noite [&hellip;]<\/p>\n","protected":false},"author":1,"featured_media":54602,"comment_status":"closed","ping_status":"open","sticky":false,"template":"","format":"standard","meta":{"footnotes":""},"categories":[179,194,110],"tags":[],"class_list":["post-54601","post","type-post","status-publish","format-standard","has-post-thumbnail","hentry","category-cidadeseregiao","category-floridapaulista","category-noticiasdestaque"],"_links":{"self":[{"href":"https:\/\/jorgezanoni.com.br\/2019\/wp-json\/wp\/v2\/posts\/54601","targetHints":{"allow":["GET"]}}],"collection":[{"href":"https:\/\/jorgezanoni.com.br\/2019\/wp-json\/wp\/v2\/posts"}],"about":[{"href":"https:\/\/jorgezanoni.com.br\/2019\/wp-json\/wp\/v2\/types\/post"}],"author":[{"embeddable":true,"href":"https:\/\/jorgezanoni.com.br\/2019\/wp-json\/wp\/v2\/users\/1"}],"replies":[{"embeddable":true,"href":"https:\/\/jorgezanoni.com.br\/2019\/wp-json\/wp\/v2\/comments?post=54601"}],"version-history":[{"count":0,"href":"https:\/\/jorgezanoni.com.br\/2019\/wp-json\/wp\/v2\/posts\/54601\/revisions"}],"wp:featuredmedia":[{"embeddable":true,"href":"https:\/\/jorgezanoni.com.br\/2019\/wp-json\/wp\/v2\/media\/54602"}],"wp:attachment":[{"href":"https:\/\/jorgezanoni.com.br\/2019\/wp-json\/wp\/v2\/media?parent=54601"}],"wp:term":[{"taxonomy":"category","embeddable":true,"href":"https:\/\/jorgezanoni.com.br\/2019\/wp-json\/wp\/v2\/categories?post=54601"},{"taxonomy":"post_tag","embeddable":true,"href":"https:\/\/jorgezanoni.com.br\/2019\/wp-json\/wp\/v2\/tags?post=54601"}],"curies":[{"name":"wp","href":"https:\/\/api.w.org\/{rel}","templated":true}]}}