{"id":54408,"date":"2021-09-30T16:51:16","date_gmt":"2021-09-30T16:51:16","guid":{"rendered":"https:\/\/jorgezanoni.com.br\/2019\/?p=54408"},"modified":"2021-09-30T16:51:16","modified_gmt":"2021-09-30T16:51:16","slug":"bairro-iandara-recebe-reservatorio-com-capacidade-para-80-mil-litros-de-agua","status":"publish","type":"post","link":"https:\/\/jorgezanoni.com.br\/2019\/bairro-iandara-recebe-reservatorio-com-capacidade-para-80-mil-litros-de-agua\/","title":{"rendered":"Bairro Iandara recebe reservat\u00f3rio com capacidade para 80 mil litros de \u00e1gua"},"content":{"rendered":"<p style=\"text-align: justify;\">Nesta quinta-feira (30), o Bairro Iandara recebeu o reservat\u00f3rio de 80 mil litros, que a EMDAEP destinou para o local, com instala\u00e7\u00e3o em breve.<br \/>\nEmpresas contratadas realizaram a pintura e o transporte do reservat\u00f3rio. Um guindaste colocou a caixa no local, que recebeu a base de concreto recentemente.<br \/>\nO vice-prefeito Guido Francisco Baggio, presidente da EMDAEP, acompanhou toda a opera\u00e7\u00e3o acompanhado da diretora Nat\u00e1lia Sosin e do engenheiro Gabriel Rossi. A equipe do setor de \u00c1gua vai trabalhar na instala\u00e7\u00e3o do reservat\u00f3rio.<br \/>\nO Bairro Iandara conta com os servi\u00e7os de \u00e1gua h\u00e1 mais de 20 anos. H\u00e1 11 anos recebeu um reservat\u00f3rio para 20 mil litros e agora o de 80 mil.<\/p>\n<p><img loading=\"lazy\" decoding=\"async\" class=\"alignnone size-full wp-image-54410\" src=\"https:\/\/jorgezanoni.com.br\/2019\/wp-content\/uploads\/2021\/09\/ia1.jpg\" alt=\"\" width=\"1024\" height=\"492\" srcset=\"https:\/\/jorgezanoni.com.br\/2019\/wp-content\/uploads\/2021\/09\/ia1.jpg 1024w, https:\/\/jorgezanoni.com.br\/2019\/wp-content\/uploads\/2021\/09\/ia1-300x144.jpg 300w, https:\/\/jorgezanoni.com.br\/2019\/wp-content\/uploads\/2021\/09\/ia1-768x369.jpg 768w, https:\/\/jorgezanoni.com.br\/2019\/wp-content\/uploads\/2021\/09\/ia1-696x334.jpg 696w, https:\/\/jorgezanoni.com.br\/2019\/wp-content\/uploads\/2021\/09\/ia1-874x420.jpg 874w\" sizes=\"auto, (max-width: 1024px) 100vw, 1024px\" \/> <img loading=\"lazy\" decoding=\"async\" class=\"alignnone size-full wp-image-54411\" src=\"https:\/\/jorgezanoni.com.br\/2019\/wp-content\/uploads\/2021\/09\/ia2.jpg\" alt=\"\" width=\"442\" height=\"1024\" srcset=\"https:\/\/jorgezanoni.com.br\/2019\/wp-content\/uploads\/2021\/09\/ia2.jpg 442w, https:\/\/jorgezanoni.com.br\/2019\/wp-content\/uploads\/2021\/09\/ia2-129x300.jpg 129w, https:\/\/jorgezanoni.com.br\/2019\/wp-content\/uploads\/2021\/09\/ia2-181x420.jpg 181w\" sizes=\"auto, (max-width: 442px) 100vw, 442px\" \/> <img loading=\"lazy\" decoding=\"async\" class=\"alignnone size-full wp-image-54412\" src=\"https:\/\/jorgezanoni.com.br\/2019\/wp-content\/uploads\/2021\/09\/ia3.jpg\" alt=\"\" width=\"465\" height=\"1024\" srcset=\"https:\/\/jorgezanoni.com.br\/2019\/wp-content\/uploads\/2021\/09\/ia3.jpg 465w, https:\/\/jorgezanoni.com.br\/2019\/wp-content\/uploads\/2021\/09\/ia3-136x300.jpg 136w, https:\/\/jorgezanoni.com.br\/2019\/wp-content\/uploads\/2021\/09\/ia3-191x420.jpg 191w\" sizes=\"auto, (max-width: 465px) 100vw, 465px\" \/> <img loading=\"lazy\" decoding=\"async\" class=\"alignnone size-full wp-image-54413\" src=\"https:\/\/jorgezanoni.com.br\/2019\/wp-content\/uploads\/2021\/09\/ia4.jpg\" alt=\"\" width=\"768\" height=\"988\" srcset=\"https:\/\/jorgezanoni.com.br\/2019\/wp-content\/uploads\/2021\/09\/ia4.jpg 768w, https:\/\/jorgezanoni.com.br\/2019\/wp-content\/uploads\/2021\/09\/ia4-233x300.jpg 233w, https:\/\/jorgezanoni.com.br\/2019\/wp-content\/uploads\/2021\/09\/ia4-696x895.jpg 696w, https:\/\/jorgezanoni.com.br\/2019\/wp-content\/uploads\/2021\/09\/ia4-326x420.jpg 326w\" sizes=\"auto, (max-width: 768px) 100vw, 768px\" \/>Ass. Rela\u00e7\u00f5es P\u00fablicas da EMDAEP<\/p>\n","protected":false},"excerpt":{"rendered":"<p>Nesta quinta-feira (30), o Bairro Iandara recebeu o reservat\u00f3rio de 80 mil litros, que a EMDAEP destinou para o local, com instala\u00e7\u00e3o em breve. Empresas contratadas realizaram a pintura e o transporte do reservat\u00f3rio. Um guindaste colocou a caixa no local, que recebeu a base de concreto recentemente. O vice-prefeito Guido Francisco Baggio, presidente da [&hellip;]<\/p>\n","protected":false},"author":1,"featured_media":54409,"comment_status":"closed","ping_status":"open","sticky":false,"template":"","format":"standard","meta":{"footnotes":""},"categories":[179,184,110],"tags":[],"class_list":["post-54408","post","type-post","status-publish","format-standard","has-post-thumbnail","hentry","category-cidadeseregiao","category-dracena","category-noticiasdestaque"],"_links":{"self":[{"href":"https:\/\/jorgezanoni.com.br\/2019\/wp-json\/wp\/v2\/posts\/54408","targetHints":{"allow":["GET"]}}],"collection":[{"href":"https:\/\/jorgezanoni.com.br\/2019\/wp-json\/wp\/v2\/posts"}],"about":[{"href":"https:\/\/jorgezanoni.com.br\/2019\/wp-json\/wp\/v2\/types\/post"}],"author":[{"embeddable":true,"href":"https:\/\/jorgezanoni.com.br\/2019\/wp-json\/wp\/v2\/users\/1"}],"replies":[{"embeddable":true,"href":"https:\/\/jorgezanoni.com.br\/2019\/wp-json\/wp\/v2\/comments?post=54408"}],"version-history":[{"count":0,"href":"https:\/\/jorgezanoni.com.br\/2019\/wp-json\/wp\/v2\/posts\/54408\/revisions"}],"wp:featuredmedia":[{"embeddable":true,"href":"https:\/\/jorgezanoni.com.br\/2019\/wp-json\/wp\/v2\/media\/54409"}],"wp:attachment":[{"href":"https:\/\/jorgezanoni.com.br\/2019\/wp-json\/wp\/v2\/media?parent=54408"}],"wp:term":[{"taxonomy":"category","embeddable":true,"href":"https:\/\/jorgezanoni.com.br\/2019\/wp-json\/wp\/v2\/categories?post=54408"},{"taxonomy":"post_tag","embeddable":true,"href":"https:\/\/jorgezanoni.com.br\/2019\/wp-json\/wp\/v2\/tags?post=54408"}],"curies":[{"name":"wp","href":"https:\/\/api.w.org\/{rel}","templated":true}]}}